{"id":13501,"date":"2025-05-14T20:05:00","date_gmt":"2025-05-14T18:05:00","guid":{"rendered":"https:\/\/www.journee-mondiale.com\/es\/esta-ruta-costera-de-1412-km-esconde-comunidades-afrodescendientes-donde-ballenas-jorobadas-y-maestros-de-cajon-comparten-un-mismo-hogar-adivinas-que-destino-inexplorado-conecta-lima-con-ecuad\/"},"modified":"2025-05-14T20:05:00","modified_gmt":"2025-05-14T18:05:00","slug":"esta-ruta-costera-de-1412-km-esconde-comunidades-afrodescendientes-donde-ballenas-jorobadas-y-maestros-de-cajon-comparten-un-mismo-hogar-adivinas-que-destino-inexplorado-conecta-lima-con-ecuad","status":"publish","type":"post","link":"https:\/\/www.journee-mondiale.com\/es\/esta-ruta-costera-de-1412-km-esconde-comunidades-afrodescendientes-donde-ballenas-jorobadas-y-maestros-de-cajon-comparten-un-mismo-hogar-adivinas-que-destino-inexplorado-conecta-lima-con-ecuad\/","title":{"rendered":"Esta ruta costera de 1,412 km esconde comunidades afrodescendientes donde ballenas jorobadas y maestros de caj\u00f3n comparten un mismo hogar (\u00bfadivinas qu\u00e9 destino inexplorado conecta Lima con Ecuador?)"},"content":{"rendered":"<p>Entre el ritmo salvaje del oc\u00e9ano Pac\u00edfico y el calor ancestral de tradiciones milenarias, se extiende una ruta costera que pocos aventureros del mundo han descubierto en su plenitud. La traves\u00eda de Lima a Guayaquil \u20141,412 kil\u00f3metros de costa donde el 80% de los viajeros solo conoce los extremos\u2014 esconde un collar de experiencias que fusionan aventuras marinas con el pulso vibrante de la cultura afrodescendiente que dio forma a estas costas durante siglos.<\/p>\n<h2>El corredor marino que los grandes cruceros ignoran<\/h2>\n<p>Este litoral compartido entre Per\u00fa y Ecuador alberga algunos de los ecosistemas marinos m\u00e1s diversos del Pac\u00edfico Sur. Desde Paracas hasta la Isla de la Plata (conocida como \u00ablas peque\u00f1as Gal\u00e1pagos\u00bb), el viajero puede sumergirse en <a href=\"https:\/\/www.journee-mondiale.com\/es\/esta-playa-urbana-australiana-crea-un-fenomeno-unico-donde-surfistas-profesionales-y-artistas-comparten-900-metros-de-arena-dorada-a-solo-7-km-de-rascacielos-adivinas-que-joya-costera-de-sydne\/\" target=\"_blank\">aventuras marinas en Per\u00fa<\/a> que rivalizan con destinos m\u00e1s publicitados.<\/p>\n<h2>El legado africano que vibra entre dos naciones<\/h2>\n<p>Lo que pocos saben es que esta franja costera alberga una de las expresiones culturales afrodescendientes m\u00e1s aut\u00e9nticas de Sudam\u00e9rica. Guayaquil, lejos de ser solo puerto de embarque hacia Gal\u00e1pagos, es hogar de m\u00e1s de 150,000 afroecuatorianos que han preservado ritmos, gastronom\u00eda y tradiciones \u00fanicas.<\/p>\n<blockquote><p>\u00abNuestra historia est\u00e1 en cada marimba, en cada bombo, en la forma en que preparamos el encocado y nuestras manos danzan al contar historias. Somos guardianes del ritmo ancestral que cruz\u00f3 el oc\u00e9ano\u00bb, explica Mar\u00eda Qui\u00f1ones, preservadora cultural en Guayaquil.<\/p><\/blockquote>\n<h2>El Paracas desconocido: ballenas y tradici\u00f3n afrodescendiente<\/h2>\n<p>A solo tres horas de Lima, Paracas no es solo la puerta de entrada a las Islas Ballestas. Entre julio y noviembre, la bah\u00eda se convierte en teatro natural para el avistamiento de ballenas jorobadas. Las familias afroperuanas locales, pescadores durante generaciones, ahora comparten sus conocimientos sobre estas criaturas marinas con visitantes.<\/p>\n<h2>La isla que se niega a ser descubierta<\/h2>\n<p>A diferencia de <a href=\"https:\/\/www.journee-mondiale.com\/es\/esta-experiencia-submarina-transforma-al-73-de-viajeros-lo-que-sucede-cuando-nadas-junto-a-tiburones-y-por-que-los-biologos-dicen-que-cambia-tu-alma\/\" target=\"_blank\">nadar con ballenas en el Pac\u00edfico Sur<\/a>, la Isla de la Plata ofrece encuentros con piqueros de patas azules y mantarrayas gigantes sin las multitudes de Gal\u00e1pagos. Este santuario natural ecuatoriano recibe menos del 5% de los visitantes que llegan a Guayaquil anualmente.<\/p>\n<h2>El festival secreto donde los ritmos atraviesan fronteras<\/h2>\n<p>Entre los tesoros ocultos de esta ruta se encuentra el Festival de la Bomba y Marimba, celebraci\u00f3n binacional donde m\u00fasicos afroperuanos y afroecuatorianos fusionan tradiciones en una expresi\u00f3n cultural \u00fanica que raramente aparece en gu\u00edas tur\u00edsticas convencionales.<\/p>\n<h2>Chincha y el misterio de la \u00abNavidad Negra\u00bb<\/h2>\n<p>En Chincha, Per\u00fa, las comunidades afroperuanas celebran el Hatajo de Negritos cada diciembre, tradici\u00f3n donde la danza, el zapateo y la m\u00fasica con caj\u00f3n peruano cuentan historias de resistencia y adaptaci\u00f3n cultural que se remontan a la \u00e9poca colonial.<\/p>\n<blockquote><p>\u00abCuando zapateo, siento que mis pies hablan con la tierra de mis antepasados. Es nuestra manera de mantener viva la memoria\u00bb, comparte Ronaldo Campos, maestro de caj\u00f3n afroperuano.<\/p><\/blockquote>\n<h2>El bus panor\u00e1mico que recorre dos mundos<\/h2>\n<p>Lejos de las experiencias t\u00edpicas como la <a href=\"https:\/\/www.journee-mondiale.com\/es\/esta-antigua-ruta-caravanera-esconde-catedrales-azul-turquesa-donde-marco-polo-comercio-con-especias-y-solo-1-de-cada-10-000-occidentales-la-visita-hoy\/\" target=\"_blank\">exploraci\u00f3n de la Ruta de la Seda<\/a>, viajar de Lima a Guayaquil en autob\u00fas ofrece vistas panor\u00e1micas de la transformaci\u00f3n del paisaje costero. Los buses con asientos reclinables 130\u00b0 permiten disfrutar de un amanecer en desiertos peruanos y un atardecer entre manglares ecuatorianos.<\/p>\n<h2>La gastronom\u00eda que fusiona dos oc\u00e9anos<\/h2>\n<p>A lo largo de esta ruta, la cocina afrodescendiente ha creado platos que fusionan ingredientes del Pac\u00edfico con t\u00e9cnicas africanas. El tamal de pescado peruano y el encocado ecuatoriano representan la evoluci\u00f3n de esta gastronom\u00eda que poco tiene que envidiar a los <a href=\"https:\/\/www.journee-mondiale.com\/es\/este-archipielago-atlantico-esconde-lagos-de-dos-colores-y-banos-termales-bajo-el-mar-a-1-400-km-de-europa-pero-pocos-lo-visitan\/\" target=\"_blank\">lagos de colores y ba\u00f1os termales en el Atl\u00e1ntico<\/a>.<\/p>\n<h2>La Provincia de Esmeraldas: el coraz\u00f3n afroecuatoriano<\/h2>\n<p>Antes de llegar a Guayaquil, la provincia de Esmeraldas ofrece una inmersi\u00f3n profunda en la <a href=\"https:\/\/www.journee-mondiale.com\/es\/este-archipielago-del-pacifico-sur-con-60-islas-virgenes-es-el-unico-lugar-donde-puedes-nadar-con-ballenas-jorobadas-mientras-los-locales-preparan-kava-en-puertos-de-100-metros-de-profundidad\/\" target=\"_blank\">cultura afrodescendiente en la costa ecuatoriana<\/a>, con comunidades que mantienen viva la marimba esmeralde\u00f1a, declarada Patrimonio Cultural Inmaterial de la Humanidad por la UNESCO.<\/p>\n<h2>El cruce fronterizo que une dos historias<\/h2>\n<p>El paso fronterizo entre Huaquillas (Ecuador) y Tumbes (Per\u00fa) es m\u00e1s que un tr\u00e1mite burocr\u00e1tico; representa la uni\u00f3n de dos naciones que comparten una herencia afrodescendiente que ha evolucionado con caracter\u00edsticas propias en cada pa\u00eds.<\/p>\n<p>Atravesar la costa de Lima a Guayaquil es sumergirse en un viaje donde los ritmos ancestrales de tambores africanos se mezclan con el susurro constante del oc\u00e9ano Pac\u00edfico. Es descubrir que entre dos grandes ciudades portuarias existe un corredor cultural donde las aventuras marinas y la herencia afrodescendiente han creado un destino que permanece aut\u00e9ntico, vibrante y sorprendentemente inexplorado para el viajero que busca experiencias transformadoras m\u00e1s all\u00e1 de los destinos convencionales.<\/p>\n","protected":false},"excerpt":{"rendered":"<p>Entre el ritmo salvaje del oc\u00e9ano Pac\u00edfico y el calor ancestral de tradiciones milenarias, se extiende una ruta costera que pocos aventureros del mundo han descubierto en su plenitud. La traves\u00eda de Lima a Guayaquil \u20141,412 kil\u00f3metros de costa donde el 80% de los viajeros solo conoce los extremos\u2014 esconde un collar de experiencias que &#8230; <a title=\"Esta ruta costera de 1,412 km esconde comunidades afrodescendientes donde ballenas jorobadas y maestros de caj\u00f3n comparten un mismo hogar (\u00bfadivinas qu\u00e9 destino inexplorado conecta Lima con Ecuador?)\" class=\"read-more\" href=\"https:\/\/www.journee-mondiale.com\/es\/esta-ruta-costera-de-1412-km-esconde-comunidades-afrodescendientes-donde-ballenas-jorobadas-y-maestros-de-cajon-comparten-un-mismo-hogar-adivinas-que-destino-inexplorado-conecta-lima-con-ecuad\/\" aria-label=\"Leer m\u00e1s sobre Esta ruta costera de 1,412 km esconde comunidades afrodescendientes donde ballenas jorobadas y maestros de caj\u00f3n comparten un mismo hogar (\u00bfadivinas qu\u00e9 destino inexplorado conecta Lima con Ecuador?)\">Lire plus<\/a><\/p>\n","protected":false},"author":1,"featured_media":13500,"comment_status":"","ping_status":"","sticky":false,"template":"","format":"standard","meta":{"footnotes":""},"categories":[49],"tags":[],"class_list":["post-13501","post","type-post","status-publish","format-standard","has-post-thumbnail","hentry","category-viajes"],"acf":[],"_yoast_wpseo_primary_category":null,"_yoast_wpseo_title":null,"_yoast_wpseo_metadesc":null,"_links":{"self":[{"href":"https:\/\/www.journee-mondiale.com\/es\/wp-json\/wp\/v2\/posts\/13501","targetHints":{"allow":["GET"]}}],"collection":[{"href":"https:\/\/www.journee-mondiale.com\/es\/wp-json\/wp\/v2\/posts"}],"about":[{"href":"https:\/\/www.journee-mondiale.com\/es\/wp-json\/wp\/v2\/types\/post"}],"author":[{"embeddable":true,"href":"https:\/\/www.journee-mondiale.com\/es\/wp-json\/wp\/v2\/users\/1"}],"replies":[{"embeddable":true,"href":"https:\/\/www.journee-mondiale.com\/es\/wp-json\/wp\/v2\/comments?post=13501"}],"version-history":[{"count":0,"href":"https:\/\/www.journee-mondiale.com\/es\/wp-json\/wp\/v2\/posts\/13501\/revisions"}],"wp:featuredmedia":[{"embeddable":true,"href":"https:\/\/www.journee-mondiale.com\/es\/wp-json\/wp\/v2\/media\/13500"}],"wp:attachment":[{"href":"https:\/\/www.journee-mondiale.com\/es\/wp-json\/wp\/v2\/media?parent=13501"}],"wp:term":[{"taxonomy":"category","embeddable":true,"href":"https:\/\/www.journee-mondiale.com\/es\/wp-json\/wp\/v2\/categories?post=13501"},{"taxonomy":"post_tag","embeddable":true,"href":"https:\/\/www.journee-mondiale.com\/es\/wp-json\/wp\/v2\/tags?post=13501"}],"curies":[{"name":"wp","href":"https:\/\/api.w.org\/{rel}","templated":true}]}}