{"id":13397,"date":"2025-05-10T09:04:48","date_gmt":"2025-05-10T07:04:48","guid":{"rendered":"https:\/\/www.journee-mondiale.com\/es\/el-bob-de-pilado-bajo-que-redujo-mi-tiempo-de-arreglo-a-solo-3-minutos-y-por-que-esta-conquistando-madrid-esta-primavera\/"},"modified":"2025-05-10T09:04:48","modified_gmt":"2025-05-10T07:04:48","slug":"el-bob-de-pilado-bajo-que-redujo-mi-tiempo-de-arreglo-a-solo-3-minutos-y-por-que-esta-conquistando-madrid-esta-primavera","status":"publish","type":"post","link":"https:\/\/www.journee-mondiale.com\/es\/el-bob-de-pilado-bajo-que-redujo-mi-tiempo-de-arreglo-a-solo-3-minutos-y-por-que-esta-conquistando-madrid-esta-primavera\/","title":{"rendered":"El bob de pilado bajo que redujo mi tiempo de arreglo a solo 3 minutos (y por qu\u00e9 est\u00e1 conquistando Madrid esta primavera)"},"content":{"rendered":"<p>La <strong>primavera 2025<\/strong> trae consigo una delicada revoluci\u00f3n capilar que est\u00e1 conquistando Instagram y las calles de Madrid. El Bob de Pilado Bajo con Volumen Suave se posiciona como el rescate perfecto para quienes buscan sofisticaci\u00f3n sin sacrificar el movimiento. \u00bfLa clave? Un efecto de ligereza que parece natural pero esconde una t\u00e9cnica magistral detr\u00e1s.<\/p>\n<h2>La evoluci\u00f3n delicada del cl\u00e1sico bob<\/h2>\n<p>El bob tradicional ha experimentado una metamorfosis sutil pero significativa. Esta versi\u00f3n m\u00e1s <strong>delicada y voluminosa<\/strong> se caracteriza por capas estrat\u00e9gicamente colocadas que crean dimensi\u00f3n sin sacrificar longitud. Como explica Carlos G\u00f3mez, director creativo de Tending Hair Madrid: \u00abEl pilado bajo es el secreto mejor guardado para quienes desean volumen sin parecer que han pasado horas frente al espejo. Es como susurrar en vez de gritar con tu cabello\u00bb.<\/p>\n<h2>\u00bfPor qu\u00e9 est\u00e1 arrasando en la temporada primavera-verano?<\/h2>\n<p>Esta t\u00e9cnica ha ganado popularidad precisamente porque responde a la necesidad de <strong>frescura estacional<\/strong> sin renunciar a la elegancia. Hace apenas una semana, en el Festival de Cine de Cannes, tres actrices espa\u00f1olas lucieron variaciones de este corte, desatando una oleada de solicitudes en salones de belleza.<\/p>\n<p>No es coincidencia que el <a href=\"https:\/\/www.journee-mondiale.com\/es\/adopte-el-peinado-parisino-que-revoluciono-mi-rutina-asi-luce-el-bob-frances-en-7-tipos-de-cabello-este-verano-2025\/\" target=\"_blank\">bob franc\u00e9s<\/a> comparta ra\u00edces con esta tendencia; ambos celebran la sutileza como m\u00e1xima expresi\u00f3n de estilo.<\/p>\n<h2>La ciencia detr\u00e1s del volumen delicado<\/h2>\n<p>El <strong>efecto voluminoso<\/strong> de este corte no es magia, sino t\u00e9cnica pura. Las capas inferiores, conocidas como pilado bajo, funcionan como cimientos invisibles que elevan sutilmente las capas superiores. Es como construir una catedral g\u00f3tica: los contrafuertes ocultos permiten que la estructura se eleve con gracia.<\/p>\n<blockquote><p>\n\u00abUn buen bob de pilado bajo debe moverse como agua, reflejando luz desde todos los \u00e1ngulos sin parecer artificialmente inflado\u00bb, se\u00f1ala Luc\u00eda Mart\u00ednez, estilista especializada en cabello fino y embajadora de L&#8217;Or\u00e9al Professional.\n<\/p><\/blockquote>\n<h2>Tres tipos de cabello que se transforman con este corte<\/h2>\n<ul>\n<li><strong>Cabello fino y lacio<\/strong>: Cobra cuerpo instant\u00e1neo sin necesidad de productos voluminizadores agresivos<\/li>\n<li><strong>Melenas medias con tendencia a apelmazarse<\/strong>: Consiguen movimiento y separaci\u00f3n natural<\/li>\n<li><strong>Cabellos con ondas suaves<\/strong>: Potencia su textura natural creando un efecto \u00abdespreocupadamente perfecto\u00bb<\/li>\n<\/ul>\n<h2>La versi\u00f3n m\u00ednima que est\u00e1 conquistando las oficinas<\/h2>\n<p>La variante m\u00e1s discreta de este estilo, conocida como <a href=\"https:\/\/www.journee-mondiale.com\/es\/el-bob-con-poco-volumen-que-cambio-mi-rutina-yo-pase-de-45-minutos-a-solo-3-de-arreglo-diario-y-mi-cuello-luce-5-anos-mas-joven\/\" target=\"_blank\">bob con poco volumen<\/a>, est\u00e1 revolucionando entornos profesionales donde se busca equilibrio entre formalidad y modernidad. Esta t\u00e9cnica reduce dr\u00e1sticamente el tiempo de arreglo matutino.<\/p>\n<h2>El secreto para mantenerlo perfecto entre visitas al sal\u00f3n<\/h2>\n<p>Para prolongar la vida de este corte, los <strong>estilistas recomiendan<\/strong> un cepillado invertido durante el secado: inclinar la cabeza hacia abajo y dirigir el aire del secador desde la nuca hacia las puntas, como si estuvieras pintando un lienzo al rev\u00e9s.<\/p>\n<ul>\n<li><strong>Productos esenciales<\/strong>: Espuma de volumen ligera y spray de acabado sin peso<\/li>\n<li><strong>Herramienta imprescindible<\/strong>: Cepillo redondo de cerdas mixtas, tama\u00f1o mediano<\/li>\n<li><strong>T\u00e9cnica casera<\/strong>: Alternar agua fr\u00eda en el enjuague final para sellar cut\u00edculas<\/li>\n<\/ul>\n<h2>Variaciones y personalizaci\u00f3n seg\u00fan tu rostro<\/h2>\n<p>Las adaptaciones de este estilo incluyen el <a href=\"https:\/\/www.journee-mondiale.com\/es\/el-bob-conico-que-transforma-rostros-en-10-minutos-la-tecnica-madrilena-que-rejuvenece-5-anos-sin-esfuerzo-diario-y-revoluciona-la-primavera-2025\/\" target=\"_blank\">bob c\u00f3nico<\/a> y el <a href=\"https:\/\/www.journee-mondiale.com\/es\/el-bob-apilado-que-domino-mi-cabello-grueso-en-3-minutos-mi-rutina-cambio-despues-de-15-anos-de-lucha\/\" target=\"_blank\">bob apilado<\/a>, ideales para diferentes formas faciales. Marisa S\u00e1nchez, del exclusivo sal\u00f3n Barcelona Style, revela: \u00abAjustamos el \u00e1ngulo de pilado seg\u00fan la estructura \u00f3sea; es como esculpir aire sobre cabello\u00bb.<\/p>\n<h2>\u00bfBuscas un efecto rejuvenecedor instant\u00e1neo?<\/h2>\n<p>Estudios recientes confirman que los <strong>cortes con movimiento suave<\/strong> alrededor del rostro crean un efecto lifting \u00f3ptico. No es casualidad que el <a href=\"https:\/\/www.journee-mondiale.com\/es\/el-corte-bob-que-oculta-mis-arrugas-de-cuello-como-rejuvenecio-5-anos-mi-aspecto-en-solo-30-minutos\/\" target=\"_blank\">bob que oculta arrugas del cuello<\/a> comparta principios con esta t\u00e9cnica. Ambos juegan con la percepci\u00f3n visual para estilizar y suavizar contornos.<\/p>\n<p>\u00bfEst\u00e1s lista para abrazar esta primavera con un cambio que revolucione tu imagen sin sacrificar tu esencia? El Bob de Pilado Bajo representa esa transformaci\u00f3n sutil pero poderosa que muchas buscamos: la elegancia del menos es m\u00e1s, traducida al lenguaje universal del cabello.<\/p>\n","protected":false},"excerpt":{"rendered":"<p>La primavera 2025 trae consigo una delicada revoluci\u00f3n capilar que est\u00e1 conquistando Instagram y las calles de Madrid. El Bob de Pilado Bajo con Volumen Suave se posiciona como el rescate perfecto para quienes buscan sofisticaci\u00f3n sin sacrificar el movimiento. \u00bfLa clave? Un efecto de ligereza que parece natural pero esconde una t\u00e9cnica magistral detr\u00e1s. &#8230; <a title=\"El bob de pilado bajo que redujo mi tiempo de arreglo a solo 3 minutos (y por qu\u00e9 est\u00e1 conquistando Madrid esta primavera)\" class=\"read-more\" href=\"https:\/\/www.journee-mondiale.com\/es\/el-bob-de-pilado-bajo-que-redujo-mi-tiempo-de-arreglo-a-solo-3-minutos-y-por-que-esta-conquistando-madrid-esta-primavera\/\" aria-label=\"Leer m\u00e1s sobre El bob de pilado bajo que redujo mi tiempo de arreglo a solo 3 minutos (y por qu\u00e9 est\u00e1 conquistando Madrid esta primavera)\">Lire plus<\/a><\/p>\n","protected":false},"author":1,"featured_media":13396,"comment_status":"","ping_status":"","sticky":false,"template":"","format":"standard","meta":{"footnotes":""},"categories":[48],"tags":[],"class_list":["post-13397","post","type-post","status-publish","format-standard","has-post-thumbnail","hentry","category-estilo-de-vida"],"acf":[],"_yoast_wpseo_primary_category":null,"_yoast_wpseo_title":null,"_yoast_wpseo_metadesc":null,"_links":{"self":[{"href":"https:\/\/www.journee-mondiale.com\/es\/wp-json\/wp\/v2\/posts\/13397","targetHints":{"allow":["GET"]}}],"collection":[{"href":"https:\/\/www.journee-mondiale.com\/es\/wp-json\/wp\/v2\/posts"}],"about":[{"href":"https:\/\/www.journee-mondiale.com\/es\/wp-json\/wp\/v2\/types\/post"}],"author":[{"embeddable":true,"href":"https:\/\/www.journee-mondiale.com\/es\/wp-json\/wp\/v2\/users\/1"}],"replies":[{"embeddable":true,"href":"https:\/\/www.journee-mondiale.com\/es\/wp-json\/wp\/v2\/comments?post=13397"}],"version-history":[{"count":0,"href":"https:\/\/www.journee-mondiale.com\/es\/wp-json\/wp\/v2\/posts\/13397\/revisions"}],"wp:featuredmedia":[{"embeddable":true,"href":"https:\/\/www.journee-mondiale.com\/es\/wp-json\/wp\/v2\/media\/13396"}],"wp:attachment":[{"href":"https:\/\/www.journee-mondiale.com\/es\/wp-json\/wp\/v2\/media?parent=13397"}],"wp:term":[{"taxonomy":"category","embeddable":true,"href":"https:\/\/www.journee-mondiale.com\/es\/wp-json\/wp\/v2\/categories?post=13397"},{"taxonomy":"post_tag","embeddable":true,"href":"https:\/\/www.journee-mondiale.com\/es\/wp-json\/wp\/v2\/tags?post=13397"}],"curies":[{"name":"wp","href":"https:\/\/api.w.org\/{rel}","templated":true}]}}