{"id":13389,"date":"2025-05-09T19:00:11","date_gmt":"2025-05-09T17:00:11","guid":{"rendered":"https:\/\/www.journee-mondiale.com\/es\/7-cortes-que-transforman-las-canas-en-tu-mejor-aliado-el-pixie-rejuvenece-hasta-5-anos-en-solo-10-minutos\/"},"modified":"2025-05-09T19:00:11","modified_gmt":"2025-05-09T17:00:11","slug":"7-cortes-que-transforman-las-canas-en-tu-mejor-aliado-el-pixie-rejuvenece-hasta-5-anos-en-solo-10-minutos","status":"publish","type":"post","link":"https:\/\/www.journee-mondiale.com\/es\/7-cortes-que-transforman-las-canas-en-tu-mejor-aliado-el-pixie-rejuvenece-hasta-5-anos-en-solo-10-minutos\/","title":{"rendered":"7 cortes que transforman las canas en tu mejor aliado (el pixie rejuvenece hasta 5 a\u00f1os en solo 10 minutos)"},"content":{"rendered":"<p>Descubre el arte de lucir tus canas con orgullo. En esta primavera 2025, abrazar el cabello canoso se ha convertido en una aut\u00e9ntica declaraci\u00f3n de estilo y seguridad. Lejos quedaron los d\u00edas en que las canas se escond\u00edan bajo tintes; ahora son el lienzo perfecto para cortes que realzan la belleza natural mientras aportan un toque de sofisticaci\u00f3n. Seg\u00fan <strong>Marta Jim\u00e9nez<\/strong>, directora del prestigioso sal\u00f3n \u00abCabello Plata\u00bb en Barcelona, \u00ablas mujeres ya no buscan esconder sus canas, sino realzarlas con cortes que les den personalidad y frescura\u00bb.<\/p>\n<h2>El renacimiento del pixie para melenas plateadas<\/h2>\n<p>El <strong>corte pixie<\/strong> se ha convertido en el mejor aliado para quienes desean mostrar con orgullo su cabello canoso. Este estilo, que combina atrevimiento y elegancia, enmarca perfectamente el rostro y minimiza las l\u00edneas de expresi\u00f3n. \u00abEl pixie con textura es como un marco que realza la belleza natural del rostro maduro\u00bb, explica Jim\u00e9nez. La libertad que proporciona este corte es incomparable, <a href=\"https:\/\/www.journee-mondiale.com\/es\/el-pixie-cut-que-doma-melenas-rebeldes-en-7-minutos-la-liberacion-capilar-que-transformo-rutinas-matutinas-y-por-que-arrasa-este-verano-2025\/\" target=\"_blank\">transformando rutinas matutinas complicadas en momentos de cinco minutos<\/a>.<\/p>\n<h2>Bob con flequillo: el rejuvenecedor instant\u00e1neo<\/h2>\n<p>Si buscas un cambio menos radical pero igualmente impactante, el <strong>bob con flequillo<\/strong> se presenta como la opci\u00f3n perfecta. Este corte cl\u00e1sico adquiere una nueva dimensi\u00f3n cuando se combina con el tono plateado del cabello canoso. <a href=\"https:\/\/www.journee-mondiale.com\/es\/el-corte-bob-que-oculta-mis-arrugas-de-cuello-como-rejuvenecio-5-anos-mi-aspecto-en-solo-30-minutos\/\" target=\"_blank\">Este estilo puede rejuvenecer visualmente hasta 5 a\u00f1os<\/a>, especialmente con la variante del bob c\u00f3nico que a\u00f1ade volumen estrat\u00e9gicamente.<\/p>\n<blockquote><p>\u00abEl bob con flequillo es como un vino fino que mejora con los a\u00f1os. Nunca pasa de moda y siempre aporta ese toque de juventud que todas buscamos\u00bb, afirma Carlos Vidal, estilista del Sal\u00f3n Belleza Madrid.<\/p><\/blockquote>\n<h2>Secretos para potenciar el brillo natural del cabello canoso<\/h2>\n<p>El cabello canoso requiere cuidados espec\u00edficos para mantener su brillo caracter\u00edstico. La <strong>hidrataci\u00f3n profunda<\/strong> es fundamental para evitar ese aspecto apagado que tanto preocupa. Recuerdo el caso de Elena, una clienta que transform\u00f3 su melena canosa opaca en un espectacular manto plateado simplemente incorporando estos rituales semanales:<\/p>\n<ul>\n<li>Mascarillas de aceite de arg\u00e1n una vez por semana<\/li>\n<li>Champ\u00fa violeta para neutralizar tonos amarillentos<\/li>\n<li>Acondicionador sin aclarado para sellar cut\u00edculas<\/li>\n<\/ul>\n<h2>La magia de la raya lateral en cabellos plateados<\/h2>\n<p>Un peque\u00f1o cambio como modificar la posici\u00f3n de la raya puede tener un efecto transformador. <a href=\"https:\/\/www.journee-mondiale.com\/es\/la-raya-lateral-que-rejuvenece-5-anos-a-mujeres-maduras-la-tecnica-que-arrasa-esta-primavera-2025\/\" target=\"_blank\">La raya lateral es capaz de rejuvenecer visualmente hasta 5 a\u00f1os<\/a>, especialmente en rostros maduros. Es como un truco de magia capilar que redistribuye el volumen de forma estrat\u00e9gica, elevando visualmente los rasgos faciales.<\/p>\n<h2>Menos es m\u00e1s: la saturaci\u00f3n de productos, enemiga de las canas<\/h2>\n<p>Una tendencia preocupante es la sobrecarga de productos en el cabello canoso. <a href=\"https:\/\/www.journee-mondiale.com\/es\/como-evite-la-sobrecarga-de-productos-en-mi-cabello-canoso-3-minutos-que-rejuvenecieron-mi-melena-bicolor-este-mayo\/\" target=\"_blank\">Reducir el uso de productos puede rejuvenecer la melena bicolor en cuesti\u00f3n de d\u00edas<\/a>. Como me coment\u00f3 Julia, tras a\u00f1os sobrecargando su cabello con productos, descubri\u00f3 que la sencillez era la clave:<\/p>\n<ul>\n<li>Un \u00fanico producto de peinado multifunci\u00f3n<\/li>\n<li>Lavados menos frecuentes para preservar aceites naturales<\/li>\n<li>Protector t\u00e9rmico de formulaci\u00f3n ligera<\/li>\n<\/ul>\n<h2>Bob c\u00f3nico: el efecto lifting capilar para primavera<\/h2>\n<p>El <strong>bob c\u00f3nico<\/strong> se ha convertido en la t\u00e9cnica preferida de las madrile\u00f1as esta primavera. <a href=\"https:\/\/www.journee-mondiale.com\/es\/el-bob-conico-que-transforma-rostros-en-10-minutos-la-tecnica-madrilena-que-rejuvenece-5-anos-sin-esfuerzo-diario-y-revoluciona-la-primavera-2025\/\" target=\"_blank\">Esta variante del cl\u00e1sico bob transforma rostros en apenas 10 minutos<\/a>, aportando ese efecto lifting tan codiciado. Es como esculpir el cabello para que trabaje a favor de tus rasgos, no en su contra.<\/p>\n<h2>\u00bfLista para abrazar tus canas con estilo?<\/h2>\n<p>El cabello canoso bien cuidado y con el corte adecuado es como una joya que se pule con el tiempo: cada d\u00eda brilla m\u00e1s y atrae m\u00e1s miradas. Sea cual sea tu elecci\u00f3n, recuerda que el mejor estilo es aquel que te hace sentir c\u00f3moda y segura. Tus canas no son un signo de edad, sino un emblema de sabidur\u00eda que merece lucirse con el mejor de los estilos.<\/p>\n","protected":false},"excerpt":{"rendered":"<p>Descubre el arte de lucir tus canas con orgullo. En esta primavera 2025, abrazar el cabello canoso se ha convertido en una aut\u00e9ntica declaraci\u00f3n de estilo y seguridad. Lejos quedaron los d\u00edas en que las canas se escond\u00edan bajo tintes; ahora son el lienzo perfecto para cortes que realzan la belleza natural mientras aportan un &#8230; <a title=\"7 cortes que transforman las canas en tu mejor aliado (el pixie rejuvenece hasta 5 a\u00f1os en solo 10 minutos)\" class=\"read-more\" href=\"https:\/\/www.journee-mondiale.com\/es\/7-cortes-que-transforman-las-canas-en-tu-mejor-aliado-el-pixie-rejuvenece-hasta-5-anos-en-solo-10-minutos\/\" aria-label=\"Leer m\u00e1s sobre 7 cortes que transforman las canas en tu mejor aliado (el pixie rejuvenece hasta 5 a\u00f1os en solo 10 minutos)\">Lire plus<\/a><\/p>\n","protected":false},"author":1,"featured_media":13388,"comment_status":"","ping_status":"","sticky":false,"template":"","format":"standard","meta":{"footnotes":""},"categories":[48],"tags":[],"class_list":["post-13389","post","type-post","status-publish","format-standard","has-post-thumbnail","hentry","category-estilo-de-vida"],"acf":[],"_yoast_wpseo_primary_category":null,"_yoast_wpseo_title":null,"_yoast_wpseo_metadesc":null,"_links":{"self":[{"href":"https:\/\/www.journee-mondiale.com\/es\/wp-json\/wp\/v2\/posts\/13389","targetHints":{"allow":["GET"]}}],"collection":[{"href":"https:\/\/www.journee-mondiale.com\/es\/wp-json\/wp\/v2\/posts"}],"about":[{"href":"https:\/\/www.journee-mondiale.com\/es\/wp-json\/wp\/v2\/types\/post"}],"author":[{"embeddable":true,"href":"https:\/\/www.journee-mondiale.com\/es\/wp-json\/wp\/v2\/users\/1"}],"replies":[{"embeddable":true,"href":"https:\/\/www.journee-mondiale.com\/es\/wp-json\/wp\/v2\/comments?post=13389"}],"version-history":[{"count":0,"href":"https:\/\/www.journee-mondiale.com\/es\/wp-json\/wp\/v2\/posts\/13389\/revisions"}],"wp:featuredmedia":[{"embeddable":true,"href":"https:\/\/www.journee-mondiale.com\/es\/wp-json\/wp\/v2\/media\/13388"}],"wp:attachment":[{"href":"https:\/\/www.journee-mondiale.com\/es\/wp-json\/wp\/v2\/media?parent=13389"}],"wp:term":[{"taxonomy":"category","embeddable":true,"href":"https:\/\/www.journee-mondiale.com\/es\/wp-json\/wp\/v2\/categories?post=13389"},{"taxonomy":"post_tag","embeddable":true,"href":"https:\/\/www.journee-mondiale.com\/es\/wp-json\/wp\/v2\/tags?post=13389"}],"curies":[{"name":"wp","href":"https:\/\/api.w.org\/{rel}","templated":true}]}}