{"id":13377,"date":"2025-05-09T10:04:41","date_gmt":"2025-05-09T08:04:41","guid":{"rendered":"https:\/\/www.journee-mondiale.com\/es\/esta-pequena-ciudad-medieval-a-790-metros-de-altura-guarda-el-secreto-final-de-la-ruta-romantica-sus-castillos-inspiraron-a-disney\/"},"modified":"2025-05-09T10:04:41","modified_gmt":"2025-05-09T08:04:41","slug":"esta-pequena-ciudad-medieval-a-790-metros-de-altura-guarda-el-secreto-final-de-la-ruta-romantica-sus-castillos-inspiraron-a-disney","status":"publish","type":"post","link":"https:\/\/www.journee-mondiale.com\/es\/esta-pequena-ciudad-medieval-a-790-metros-de-altura-guarda-el-secreto-final-de-la-ruta-romantica-sus-castillos-inspiraron-a-disney\/","title":{"rendered":"Esta peque\u00f1a ciudad medieval a 790 metros de altura guarda el secreto final de la Ruta Rom\u00e1ntica (sus castillos inspiraron a Disney)"},"content":{"rendered":"<p>Al pie de los Alpes b\u00e1varos, donde los cuentos de hadas parecen cobrar vida, se esconde F\u00fcssen, una joya medieval a 790 metros sobre el nivel del mar. Esta pintoresca ciudad alemana de apenas 14.000 habitantes guarda el secreto de ser el punto final de la legendaria Ruta Rom\u00e1ntica, un tesoro que cautiva con su encanto alpino y su rica historia que se remonta al siglo IX.<\/p>\n<h2>La ciudad que inspir\u00f3 a Disney<\/h2>\n<p>F\u00fcssen es mundialmente conocida por su proximidad al majestuoso <a href=\"https:\/\/www.journee-mondiale.com\/es\/este-pueblo-medieval-frances-desafia-la-gravedad-una-sola-calle-sobre-un-rio-serpentea-por-1-km-a-la-sombra-de-una-fortaleza-catara-de-800-anos\/\" target=\"_blank\">Castillo de Neuschwanstein<\/a>, la inspiraci\u00f3n para el ic\u00f3nico castillo de Disney. Sin embargo, pocos saben que la propia F\u00fcssen alberga el impresionante Hohes Schloss, un castillo g\u00f3tico tard\u00edo que domina el horizonte de la ciudad con sus frescos trompe l&#8217;oeil que enga\u00f1an al ojo con su perfecci\u00f3n tridimensional.<\/p>\n<h2>Un pasado musical que resuena en sus calles<\/h2>\n<p>La ciudad esconde un fascinante legado como centro europeo de fabricaci\u00f3n de violines en el siglo XVI. \u00abNuestros lutiers creaban instrumentos que viajaban a las cortes de toda Europa\u00bb, explica Klaus Weber, historiador local. Este patrimonio musical contin\u00faa vivo en el Museo de F\u00fcssen, donde se exhiben raros ejemplares que han sobrevivido al paso del tiempo.<\/p>\n<h2>Entre cascadas y abad\u00edas: tesoros naturales y espirituales<\/h2>\n<p>El Lechfall, una cascada de aguas turquesa que serpentea entre rocas calizas, ofrece un espect\u00e1culo natural a apenas diez minutos del centro. Esta maravilla acu\u00e1tica, menos conocida que las imponentes <a href=\"https:\/\/www.journee-mondiale.com\/es\/esta-catarata-africana-genera-un-rugido-audible-a-40-km-y-permite-nadar-al-borde-de-sus-108-metros-de-caida-el-misterioso-humo-que-truena-entre-dos-paises\/\" target=\"_blank\">Cataratas Victoria<\/a>, posee un encanto \u00edntimo que cautiva a quienes se aventuran a descubrirla.<\/p>\n<h2>La abad\u00eda que guarda 1.200 a\u00f1os de historia<\/h2>\n<p>La Abad\u00eda de San Mang, fundada en el 748 d.C., alberga el fresco m\u00e1s antiguo de toda Baviera. Sus muros, testigos silenciosos de m\u00e1s de un milenio de historia, hoy acogen conciertos que aprovechan la excepcional ac\u00fastica del recinto. La leyenda cuenta que quienes visitan la cripta tres veces en su vida encontrar\u00e1n la felicidad eterna.<\/p>\n<h2>Experiencias alpinas para cada estaci\u00f3n<\/h2>\n<p>El monte Tegelberg se alza majestuoso sobre F\u00fcssen, ofreciendo para\u00edsos para esquiadores en invierno y rutas de senderismo en verano tan espectaculares como las que encontrar\u00edas en <a href=\"https:\/\/www.journee-mondiale.com\/es\/esta-capital-a-64-norte-esconde-5-lugares-secretos-para-ver-auroras-boreales-y-uno-permite-sumergirte-en-aguas-termales-mientras-el-cielo-baila\/\" target=\"_blank\">Islandia y sus auroras boreales<\/a>. Los m\u00e1s aventureros pueden disfrutar del parapente, contemplando desde las alturas el mosaico de lagos alpinos que rodean la ciudad.<\/p>\n<h2>Gastronom\u00eda b\u00e1vara: m\u00e1s all\u00e1 de la cerveza<\/h2>\n<p>\u00abNuestra cocina es como nuestra gente: robusta, sincera y llena de sorpresas\u00bb, comenta Helga M\u00fcller, chef del restaurante Madame Pl\u00fcsch. Los K\u00e4sesp\u00e4tzle (\u00f1oquis con queso) y la Weisswurst (salchicha blanca) son imprescindibles para sumergirse en la aut\u00e9ntica experiencia b\u00e1vara, acompa\u00f1ados de una cerveza local elaborada seg\u00fan ley de pureza alemana de 1516.<\/p>\n<h2>Aguas cristalinas que rivalizan con el Caribe<\/h2>\n<p>El lago Forggensee, con sus aguas cristalinas que recuerdan a las que ba\u00f1an las <a href=\"https:\/\/www.journee-mondiale.com\/es\/este-antiguo-puerto-maya-es-el-unico-sitio-arqueologico-del-mundo-donde-las-ruinas-vigilan-el-mar-turquesa-desde-acantilados-de-piedra-caliza-adivinas-donde\/\" target=\"_blank\">Ruinas mayas de Tulum<\/a>, ofrece paseos en barco que revelan perspectivas \u00fanicas de los castillos y monta\u00f1as circundantes. En invierno, su superficie congelada se transforma en una pista de patinaje natural bajo el sol alpino.<\/p>\n<h2>Secretos de la costa b\u00e1vara<\/h2>\n<p>Pocos visitantes saben que F\u00fcssen esconde peque\u00f1as playas de arena junto al r\u00edo Lech, que rivalizan en belleza con las <a href=\"https:\/\/www.journee-mondiale.com\/es\/esta-costa-europea-esconde-playas-virgenes-con-arena-que-nunca-quema-los-pies-y-el-95-de-turistas-ignora-estas-joyas-balticas-que-desaparecen-5-metros-al-ano\/\" target=\"_blank\">Playas v\u00edrgenes en el B\u00e1ltico<\/a>. Estos rincones, frecuentados solo por locales, ofrecen un refrescante descanso durante los calurosos d\u00edas estivales.<\/p>\n<p>F\u00fcssen es como un cuentacuentos ancestral que susurra historias medievales mientras te seduce con paisajes alpinos de ensue\u00f1o. En este peque\u00f1o rinc\u00f3n de Baviera, donde el tiempo parece haberse detenido, cada callej\u00f3n empedrado, cada taza de chocolate caliente frente a los Alpes nevados y cada nota musical que resuena entre edificios centenarios te invita a formar parte de una historia que lleva siglos escribi\u00e9ndose.<\/p>\n","protected":false},"excerpt":{"rendered":"<p>Al pie de los Alpes b\u00e1varos, donde los cuentos de hadas parecen cobrar vida, se esconde F\u00fcssen, una joya medieval a 790 metros sobre el nivel del mar. Esta pintoresca ciudad alemana de apenas 14.000 habitantes guarda el secreto de ser el punto final de la legendaria Ruta Rom\u00e1ntica, un tesoro que cautiva con su &#8230; <a title=\"Esta peque\u00f1a ciudad medieval a 790 metros de altura guarda el secreto final de la Ruta Rom\u00e1ntica (sus castillos inspiraron a Disney)\" class=\"read-more\" href=\"https:\/\/www.journee-mondiale.com\/es\/esta-pequena-ciudad-medieval-a-790-metros-de-altura-guarda-el-secreto-final-de-la-ruta-romantica-sus-castillos-inspiraron-a-disney\/\" aria-label=\"Leer m\u00e1s sobre Esta peque\u00f1a ciudad medieval a 790 metros de altura guarda el secreto final de la Ruta Rom\u00e1ntica (sus castillos inspiraron a Disney)\">Lire plus<\/a><\/p>\n","protected":false},"author":1,"featured_media":13376,"comment_status":"","ping_status":"","sticky":false,"template":"","format":"standard","meta":{"footnotes":""},"categories":[49],"tags":[],"class_list":["post-13377","post","type-post","status-publish","format-standard","has-post-thumbnail","hentry","category-viajes"],"acf":[],"_yoast_wpseo_primary_category":null,"_yoast_wpseo_title":null,"_yoast_wpseo_metadesc":null,"_links":{"self":[{"href":"https:\/\/www.journee-mondiale.com\/es\/wp-json\/wp\/v2\/posts\/13377","targetHints":{"allow":["GET"]}}],"collection":[{"href":"https:\/\/www.journee-mondiale.com\/es\/wp-json\/wp\/v2\/posts"}],"about":[{"href":"https:\/\/www.journee-mondiale.com\/es\/wp-json\/wp\/v2\/types\/post"}],"author":[{"embeddable":true,"href":"https:\/\/www.journee-mondiale.com\/es\/wp-json\/wp\/v2\/users\/1"}],"replies":[{"embeddable":true,"href":"https:\/\/www.journee-mondiale.com\/es\/wp-json\/wp\/v2\/comments?post=13377"}],"version-history":[{"count":0,"href":"https:\/\/www.journee-mondiale.com\/es\/wp-json\/wp\/v2\/posts\/13377\/revisions"}],"wp:featuredmedia":[{"embeddable":true,"href":"https:\/\/www.journee-mondiale.com\/es\/wp-json\/wp\/v2\/media\/13376"}],"wp:attachment":[{"href":"https:\/\/www.journee-mondiale.com\/es\/wp-json\/wp\/v2\/media?parent=13377"}],"wp:term":[{"taxonomy":"category","embeddable":true,"href":"https:\/\/www.journee-mondiale.com\/es\/wp-json\/wp\/v2\/categories?post=13377"},{"taxonomy":"post_tag","embeddable":true,"href":"https:\/\/www.journee-mondiale.com\/es\/wp-json\/wp\/v2\/tags?post=13377"}],"curies":[{"name":"wp","href":"https:\/\/api.w.org\/{rel}","templated":true}]}}