{"id":13337,"date":"2025-05-07T10:16:56","date_gmt":"2025-05-07T08:16:56","guid":{"rendered":"https:\/\/www.journee-mondiale.com\/es\/este-archipielago-atlantico-esconde-lagos-de-dos-colores-y-banos-termales-bajo-el-mar-a-1-400-km-de-europa-pero-pocos-lo-visitan\/"},"modified":"2025-05-07T10:16:56","modified_gmt":"2025-05-07T08:16:56","slug":"este-archipielago-atlantico-esconde-lagos-de-dos-colores-y-banos-termales-bajo-el-mar-a-1-400-km-de-europa-pero-pocos-lo-visitan","status":"publish","type":"post","link":"https:\/\/www.journee-mondiale.com\/es\/este-archipielago-atlantico-esconde-lagos-de-dos-colores-y-banos-termales-bajo-el-mar-a-1-400-km-de-europa-pero-pocos-lo-visitan\/","title":{"rendered":"Este archipi\u00e9lago atl\u00e1ntico esconde lagos de dos colores y ba\u00f1os termales bajo el mar (a 1.400 km de Europa pero pocos lo visitan)"},"content":{"rendered":"<p>Aunque situadas en la inmensidad del Atl\u00e1ntico, a 1.400 kil\u00f3metros de Portugal continental, las Azores permanecen como uno de los secretos mejor guardados de Europa. Este archipi\u00e9lago volc\u00e1nico de nueve islas ofrece un espect\u00e1culo natural que desaf\u00eda lo imaginable: lagos turquesa en cr\u00e1teres antiguos, piscinas termales submarinas donde el oc\u00e9ano y el fuego interior de la Tierra se encuentran, y paisajes tan extraordinariamente verdes que parecen sacados de una pel\u00edcula de fantas\u00eda.<\/p>\n<h2>Ba\u00f1os termales submarinos: donde el volc\u00e1n besa al oc\u00e9ano<\/h2>\n<p>En Ponta da Ferraria, en la isla de S\u00e3o Miguel, ocurre un fen\u00f3meno \u00fanico en el mundo: aguas termales volc\u00e1nicas emergen directamente bajo la superficie del oc\u00e9ano. Durante la marea baja, el agua alcanza la temperatura perfecta para sumergirse en un spa natural creado por la naturaleza, mientras las olas del Atl\u00e1ntico rompen suavemente a tu alrededor.<\/p>\n<h2>Lagos gemelos que cuentan una leyenda de amor imposible<\/h2>\n<p>Sete Cidades alberga dos lagos adyacentes de colores contrastantes \u2013 uno azul y otro verde \u2013 que, seg\u00fan cuenta la leyenda local, se formaron de las l\u00e1grimas de una princesa y un pastor que no pod\u00edan estar juntos. El mirador Vista do Rei ofrece la panor\u00e1mica perfecta de este fen\u00f3meno natural que cambia con la luz del sol.<\/p>\n<blockquote><p>\u00abEn las Azores, la naturaleza no es algo que observas, es algo que te envuelve y te transforma. Aqu\u00ed, el tiempo se ralentiza y comienzas a respirar al ritmo de la isla\u00bb, comparte Manuel Silveira, gu\u00eda local de S\u00e3o Miguel.<\/p><\/blockquote>\n<h2>Un fest\u00edn cocinado por el calor de la Tierra<\/h2>\n<p>En Furnas, los lugare\u00f1os mantienen viva una tradici\u00f3n centenaria: el \u00abcozido das Furnas\u00bb, un guiso tradicional que se cocina lentamente bajo tierra utilizando el calor geot\u00e9rmico natural. A primera hora de la ma\u00f1ana, las ollas son enterradas y seis horas despu\u00e9s, emerge un fest\u00edn digno de reyes, con un sabor que ning\u00fan m\u00e9todo de cocci\u00f3n moderno puede replicar.<\/p>\n<h2>El santuario de cet\u00e1ceos m\u00e1s diverso del mundo<\/h2>\n<p>Las aguas azorianas son hogar de m\u00e1s de 25 especies de ballenas y delfines, convirti\u00e9ndolas en uno de los mejores destinos del mundo para el avistamiento de cet\u00e1ceos. Aqu\u00ed puedes observar desde majestuosas ballenas azules hasta juguetones delfines comunes, en su h\u00e1bitat natural, sin las multitudes de otros destinos tur\u00edsticos m\u00e1s conocidos.<\/p>\n<h2>El bosque de laurisilva: un ecosistema del pasado<\/h2>\n<p>Caminar por los <a href=\"https:\/\/www.journee-mondiale.com\/es\/esta-isla-mediterranea-ofrece-jubilacion-de-lujo-por-e1500-al-mes-y-su-regimen-fiscal-del-15-esta-atrayendo-a-miles-de-expatriados\/\" target=\"_blank\">bosques primarios de las Azores<\/a> es como viajar en el tiempo hasta la era Terciaria. Estos bosques de laurisilva, reconocidos por la UNESCO, son reliquias vivientes que han sobrevivido desde hace millones de a\u00f1os, ofreciendo rutas de senderismo bajo un dosel verde esmeralda.<\/p>\n<h2>La \u00fanica plantaci\u00f3n de t\u00e9 de Europa<\/h2>\n<p>En las laderas de S\u00e3o Miguel se encuentra Gorreana, la \u00fanica plantaci\u00f3n de t\u00e9 en Europa, operativa desde 1883. Recorrer sus campos verdecientes y probar su t\u00e9 directamente de la fuente es una experiencia que contrasta maravillosamente con los <a href=\"https:\/\/www.journee-mondiale.com\/es\/estos-7-mercados-africanos-imaginarios-que-ahora-son-reales-donde-a-30c-sirven-estofados-ugandeses-bajo-auroras-boreales\/\" target=\"_blank\">paisajes volc\u00e1nicos circundantes<\/a>.<\/p>\n<blockquote><p>\u00abNuestro t\u00e9 crece entre el oc\u00e9ano y los volcanes, absorbe la mineralidad de la tierra volc\u00e1nica y la brisa salada del Atl\u00e1ntico. No hay otro t\u00e9 en el mundo con este perfil\u00bb, explica Madalena Mota, descendiente de los fundadores de la plantaci\u00f3n.<\/p><\/blockquote>\n<h2>Nordeste: el secreto mejor guardado dentro del secreto<\/h2>\n<p>En el extremo oriental de S\u00e3o Miguel se encuentra Nordeste, un municipio donde el tiempo parece haberse detenido. Sus cascadas escondidas, como Salto do Prego, y los <a href=\"https:\/\/www.journee-mondiale.com\/es\/esta-joya-mediterranea-esconde-24-km-de-acantilados-blancos-donde-el-mar-esculpio-10-000-anos-de-historia-adivinas-que-paraiso-frances-atrae-a-1-millon-de-aventureros-cada-ano\/\" target=\"_blank\">miradores con vistas panor\u00e1micas al Atl\u00e1ntico<\/a> ofrecen una experiencia de naturaleza pura.<\/p>\n<h2>Aguas termales de colores imposibles<\/h2>\n<p>El Parque Terra Nostra en Furnas alberga una piscina termal de agua f\u00e9rrica de color ocre, rica en minerales con propiedades terap\u00e9uticas. Esta experiencia rivaliza con los <a href=\"https:\/\/www.journee-mondiale.com\/es\/estos-7-manantiales-termales-escondidos-en-islandia-superan-a-la-laguna-azul-uno-solo-tiene-espacio-para-dos-personas\/\" target=\"_blank\">famosos manantiales termales de Islandia<\/a>, pero con la ventaja de estar rodeada por uno de los jardines bot\u00e1nicos m\u00e1s impresionantes del mundo.<\/p>\n<h2>Pueblos marineros con sabor a historia<\/h2>\n<p>Las peque\u00f1as localidades costeras de las Azores, como Vila Franca do Campo, conservan la autenticidad de <a href=\"https:\/\/www.journee-mondiale.com\/es\/estos-7-pueblos-marineros-del-cantabrico-esconden-la-mejor-anchoa-del-mundo-y-un-plato-de-200-anos-que-el-87-de-viajeros-nunca-olvida\/\" target=\"_blank\">pueblos marineros llenos de tradici\u00f3n<\/a>. Sus casas blancas con detalles en basalto negro y las peque\u00f1as capillas centenarias cuentan historias de navegantes y colonizadores portugueses.<\/p>\n<p>Las Azores no son simplemente un destino; son una experiencia que redefine tu relaci\u00f3n con la naturaleza. En un mundo cada vez m\u00e1s homogeneizado, estas islas atl\u00e1nticas ofrecen autenticidad, asombro y esa sensaci\u00f3n cada vez m\u00e1s escasa de descubrir algo verdaderamente extraordinario. Quien visita las Azores regresa transformado, con la certeza de haber encontrado uno de los \u00faltimos para\u00edsos v\u00edrgenes de Europa.<\/p>\n","protected":false},"excerpt":{"rendered":"<p>Aunque situadas en la inmensidad del Atl\u00e1ntico, a 1.400 kil\u00f3metros de Portugal continental, las Azores permanecen como uno de los secretos mejor guardados de Europa. Este archipi\u00e9lago volc\u00e1nico de nueve islas ofrece un espect\u00e1culo natural que desaf\u00eda lo imaginable: lagos turquesa en cr\u00e1teres antiguos, piscinas termales submarinas donde el oc\u00e9ano y el fuego interior de &#8230; <a title=\"Este archipi\u00e9lago atl\u00e1ntico esconde lagos de dos colores y ba\u00f1os termales bajo el mar (a 1.400 km de Europa pero pocos lo visitan)\" class=\"read-more\" href=\"https:\/\/www.journee-mondiale.com\/es\/este-archipielago-atlantico-esconde-lagos-de-dos-colores-y-banos-termales-bajo-el-mar-a-1-400-km-de-europa-pero-pocos-lo-visitan\/\" aria-label=\"Leer m\u00e1s sobre Este archipi\u00e9lago atl\u00e1ntico esconde lagos de dos colores y ba\u00f1os termales bajo el mar (a 1.400 km de Europa pero pocos lo visitan)\">Lire plus<\/a><\/p>\n","protected":false},"author":1,"featured_media":13336,"comment_status":"","ping_status":"","sticky":false,"template":"","format":"standard","meta":{"footnotes":""},"categories":[49],"tags":[],"class_list":["post-13337","post","type-post","status-publish","format-standard","has-post-thumbnail","hentry","category-viajes"],"acf":[],"_yoast_wpseo_primary_category":null,"_yoast_wpseo_title":null,"_yoast_wpseo_metadesc":null,"_links":{"self":[{"href":"https:\/\/www.journee-mondiale.com\/es\/wp-json\/wp\/v2\/posts\/13337","targetHints":{"allow":["GET"]}}],"collection":[{"href":"https:\/\/www.journee-mondiale.com\/es\/wp-json\/wp\/v2\/posts"}],"about":[{"href":"https:\/\/www.journee-mondiale.com\/es\/wp-json\/wp\/v2\/types\/post"}],"author":[{"embeddable":true,"href":"https:\/\/www.journee-mondiale.com\/es\/wp-json\/wp\/v2\/users\/1"}],"replies":[{"embeddable":true,"href":"https:\/\/www.journee-mondiale.com\/es\/wp-json\/wp\/v2\/comments?post=13337"}],"version-history":[{"count":0,"href":"https:\/\/www.journee-mondiale.com\/es\/wp-json\/wp\/v2\/posts\/13337\/revisions"}],"wp:featuredmedia":[{"embeddable":true,"href":"https:\/\/www.journee-mondiale.com\/es\/wp-json\/wp\/v2\/media\/13336"}],"wp:attachment":[{"href":"https:\/\/www.journee-mondiale.com\/es\/wp-json\/wp\/v2\/media?parent=13337"}],"wp:term":[{"taxonomy":"category","embeddable":true,"href":"https:\/\/www.journee-mondiale.com\/es\/wp-json\/wp\/v2\/categories?post=13337"},{"taxonomy":"post_tag","embeddable":true,"href":"https:\/\/www.journee-mondiale.com\/es\/wp-json\/wp\/v2\/tags?post=13337"}],"curies":[{"name":"wp","href":"https:\/\/api.w.org\/{rel}","templated":true}]}}