{"id":13313,"date":"2025-05-06T09:05:20","date_gmt":"2025-05-06T07:05:20","guid":{"rendered":"https:\/\/www.journee-mondiale.com\/es\/como-evite-la-sobrecarga-de-productos-en-mi-cabello-canoso-3-minutos-que-rejuvenecieron-mi-melena-bicolor-este-mayo\/"},"modified":"2025-05-06T09:05:20","modified_gmt":"2025-05-06T07:05:20","slug":"como-evite-la-sobrecarga-de-productos-en-mi-cabello-canoso-3-minutos-que-rejuvenecieron-mi-melena-bicolor-este-mayo","status":"publish","type":"post","link":"https:\/\/www.journee-mondiale.com\/es\/como-evite-la-sobrecarga-de-productos-en-mi-cabello-canoso-3-minutos-que-rejuvenecieron-mi-melena-bicolor-este-mayo\/","title":{"rendered":"C\u00f3mo evit\u00e9 la sobrecarga de productos en mi cabello canoso: 3 minutos que rejuvenecieron mi melena bicolor este mayo"},"content":{"rendered":"<p>En este mayo de 2025, muchas de nosotras enfrentamos un desaf\u00edo especial: mantener radiante nuestro cabello te\u00f1ido mientras las canas comienzan a aparecer. Con la llegada del calor primaveral, encontrar ese equilibrio perfecto entre hidrataci\u00f3n y ligereza se vuelve crucial. Descubre c\u00f3mo evitar la sobrecarga en tu melena bicolor y lucir un cabello espectacular sin esfuerzo.<\/p>\n<h2>La ciencia detr\u00e1s del cabello te\u00f1ido y canoso<\/h2>\n<p>El cabello canoso tiene una estructura diferente. \u00abLas canas son naturalmente m\u00e1s porosas y secas porque pierden melanina, mientras que el cabello te\u00f1ido sufre da\u00f1os adicionales por los procesos qu\u00edmicos\u00bb, explica <strong>Mar\u00eda S\u00e1nchez<\/strong>, directora de formaci\u00f3n en Toni&#038;Guy Madrid. Esta combinaci\u00f3n crea una melena que absorbe productos como una esponja sedienta, resultando f\u00e1cilmente en sobrecarga.<\/p>\n<p>Imagina tu cabello como un <strong>tejido delicado<\/strong> que, tras ser te\u00f1ido, presenta zonas m\u00e1s finas y otras m\u00e1s gruesas. Esta mezcla de texturas requiere un enfoque equilibrado, como un jard\u00edn que necesita diferentes cantidades de agua seg\u00fan cada planta.<\/p>\n<h2>El ritual de lavado perfecto para evitar la acumulaci\u00f3n<\/h2>\n<p>Comienza con un <strong>champ\u00fa purificante<\/strong> una vez por semana para eliminar residuos. \u00abEl error m\u00e1s com\u00fan es usar productos muy pesados a diario. Un cabello mixto necesita respirar\u00bb, se\u00f1ala <strong>Carlos Vidal<\/strong>, estilista del Sal\u00f3n Belleza Madrid.<\/p>\n<p>Alterna entre d\u00edas de <a href=\"https:\/\/www.journee-mondiale.com\/es\/el-gloss-que-salvo-mi-cabello-a-los-65-asi-recupere-el-brillo-perdido-en-solo-3-semanas\/\" target=\"_blank\">tratamientos profundos<\/a> y rutinas ligeras. Los champ\u00fas violetas son excelentes para mantener el tono, pero usarlos m\u00e1s de dos veces por semana puede resecar la fibra capilar.<\/p>\n<h2>Nutrici\u00f3n selectiva: el secreto est\u00e1 en la aplicaci\u00f3n<\/h2>\n<ul>\n<li>Aplica acondicionador solo de medios a puntas<\/li>\n<li>Usa tratamientos con \u00e1cido hialur\u00f3nico para hidrataci\u00f3n sin peso<\/li>\n<li>Incorpora aceites ligeros como el de baobab en cantidades m\u00ednimas<\/li>\n<\/ul>\n<p>Durante mi visita a un prestigioso sal\u00f3n, <strong>redescubr\u00ed<\/strong> mi rutina al ver c\u00f3mo la estilista usaba apenas una nuez de producto en mi melena media. \u00abMenos es m\u00e1s cuando se trata de cabello maduro\u00bb, me confi\u00f3 mientras masajeaba delicadamente.<\/p>\n<h2>Los mejores productos ligeros que no sacrifican nutrici\u00f3n<\/h2>\n<p>Los nuevos acondicionadores en spray ofrecen la hidrataci\u00f3n perfecta sin pesar. La tecnolog\u00eda de <strong>microemulsiones<\/strong> permite que los ingredientes penetren profundamente mientras se evaporan los excesos. Es como rociar una bruma refrescante en lugar de sumergirse en agua.<\/p>\n<p>Para proteger el color durante el verano, considera <a href=\"https:\/\/www.journee-mondiale.com\/es\/el-calor-desgasta-30-del-color-de-tu-cabello-en-14-dias-este-truco-invisible-protege-por-semanas\/\" target=\"_blank\">tratamientos que combatan el desgaste por calor<\/a>, que puede eliminar hasta un 30% del pigmento en apenas dos semanas.<\/p>\n<h2>T\u00e9cnicas de corte que reducen la necesidad de productos<\/h2>\n<p>Un buen corte es tu mejor aliado. <a href=\"https:\/\/www.journee-mondiale.com\/es\/el-corte-bob-que-oculta-mis-arrugas-de-cuello-como-rejuvenecio-5-anos-mi-aspecto-en-solo-30-minutos\/\" target=\"_blank\">El bob estrat\u00e9gico<\/a> no solo rejuvenece visualmente, sino que reduce la cantidad de producto necesario al eliminar puntas da\u00f1adas.<\/p>\n<ul>\n<li>Capas suaves para distribuir el volumen<\/li>\n<li>Texturizado para controlar la rebeld\u00eda de las canas<\/li>\n<li>Cortes cada 8-10 semanas para mantener la salud capilar<\/li>\n<\/ul>\n<h2>El arte del secado para cabellos mixtos<\/h2>\n<p>Recuerdo cuando descubr\u00ed que mi <strong>secador<\/strong> estaba arruinando mis esfuerzos. El calor excesivo sellaba los productos en mi cabello, creando una capa pesada. Usar temperatura media y terminar con aire fr\u00edo hace maravillas para evitar la sobrecarga.<\/p>\n<p><a href=\"https:\/\/www.journee-mondiale.com\/es\/el-bob-despeinado-que-me-quito-5-anos-de-encima-en-primavera-la-tecnica-que-cambio-mi-rutina-en-3-minutos\/\" target=\"_blank\">Los acabados despeinados<\/a> son ideales para cabello mixto, pues requieren menos producto para mantenerlos y destacan la textura natural.<\/p>\n<h2>\u00bfTransici\u00f3n al gris o mantenimiento del color?<\/h2>\n<p>Si est\u00e1s considerando <a href=\"https:\/\/www.journee-mondiale.com\/es\/la-evolucion-de-nuestro-cabello-viaje-por-7-decadas-para-encontrar-mi-peinado-primaveral-perfecto-y-esto-cambio-mi-imagen-para-siempre\/\" target=\"_blank\">abrazar tus canas<\/a>, las t\u00e9cnicas han evolucionado enormemente. \u00abEl balayage en transici\u00f3n minimiza la l\u00ednea de demarcaci\u00f3n mientras reduces gradualmente la cantidad de cabello te\u00f1ido\u00bb, explica <strong>Luc\u00eda Torres<\/strong>, colorista especializada en transiciones plateadas.<\/p>\n<p>La primavera es el momento ideal para estos cambios, permitiendo que tu cabello se adapte antes del intenso verano. Tu melena te lo agradecer\u00e1 con un brillo renovado y una ligereza que hab\u00edas olvidado.<\/p>\n<blockquote><p>\u00bfHas encontrado tu equilibrio perfecto entre cuidado e hidrataci\u00f3n? Recuerda que cada cabello cuenta una historia \u00fanica, y el tuyo merece brillar con su propia luz, sea del color que sea.<\/p><\/blockquote>\n","protected":false},"excerpt":{"rendered":"<p>En este mayo de 2025, muchas de nosotras enfrentamos un desaf\u00edo especial: mantener radiante nuestro cabello te\u00f1ido mientras las canas comienzan a aparecer. Con la llegada del calor primaveral, encontrar ese equilibrio perfecto entre hidrataci\u00f3n y ligereza se vuelve crucial. Descubre c\u00f3mo evitar la sobrecarga en tu melena bicolor y lucir un cabello espectacular sin &#8230; <a title=\"C\u00f3mo evit\u00e9 la sobrecarga de productos en mi cabello canoso: 3 minutos que rejuvenecieron mi melena bicolor este mayo\" class=\"read-more\" href=\"https:\/\/www.journee-mondiale.com\/es\/como-evite-la-sobrecarga-de-productos-en-mi-cabello-canoso-3-minutos-que-rejuvenecieron-mi-melena-bicolor-este-mayo\/\" aria-label=\"Leer m\u00e1s sobre C\u00f3mo evit\u00e9 la sobrecarga de productos en mi cabello canoso: 3 minutos que rejuvenecieron mi melena bicolor este mayo\">Lire plus<\/a><\/p>\n","protected":false},"author":1,"featured_media":13312,"comment_status":"","ping_status":"","sticky":false,"template":"","format":"standard","meta":{"footnotes":""},"categories":[48],"tags":[],"class_list":["post-13313","post","type-post","status-publish","format-standard","has-post-thumbnail","hentry","category-estilo-de-vida"],"acf":[],"_yoast_wpseo_primary_category":null,"_yoast_wpseo_title":null,"_yoast_wpseo_metadesc":null,"_links":{"self":[{"href":"https:\/\/www.journee-mondiale.com\/es\/wp-json\/wp\/v2\/posts\/13313","targetHints":{"allow":["GET"]}}],"collection":[{"href":"https:\/\/www.journee-mondiale.com\/es\/wp-json\/wp\/v2\/posts"}],"about":[{"href":"https:\/\/www.journee-mondiale.com\/es\/wp-json\/wp\/v2\/types\/post"}],"author":[{"embeddable":true,"href":"https:\/\/www.journee-mondiale.com\/es\/wp-json\/wp\/v2\/users\/1"}],"replies":[{"embeddable":true,"href":"https:\/\/www.journee-mondiale.com\/es\/wp-json\/wp\/v2\/comments?post=13313"}],"version-history":[{"count":0,"href":"https:\/\/www.journee-mondiale.com\/es\/wp-json\/wp\/v2\/posts\/13313\/revisions"}],"wp:featuredmedia":[{"embeddable":true,"href":"https:\/\/www.journee-mondiale.com\/es\/wp-json\/wp\/v2\/media\/13312"}],"wp:attachment":[{"href":"https:\/\/www.journee-mondiale.com\/es\/wp-json\/wp\/v2\/media?parent=13313"}],"wp:term":[{"taxonomy":"category","embeddable":true,"href":"https:\/\/www.journee-mondiale.com\/es\/wp-json\/wp\/v2\/categories?post=13313"},{"taxonomy":"post_tag","embeddable":true,"href":"https:\/\/www.journee-mondiale.com\/es\/wp-json\/wp\/v2\/tags?post=13313"}],"curies":[{"name":"wp","href":"https:\/\/api.w.org\/{rel}","templated":true}]}}