{"id":13299,"date":"2025-05-05T13:05:43","date_gmt":"2025-05-05T11:05:43","guid":{"rendered":"https:\/\/www.journee-mondiale.com\/es\/la-musica-que-activa-tu-cerebro-como-el-chocolate-descubri-como-las-canciones-liberan-la-misma-dopamina-y-por-que-importa-esta-primavera\/"},"modified":"2025-05-05T13:05:43","modified_gmt":"2025-05-05T11:05:43","slug":"la-musica-que-activa-tu-cerebro-como-el-chocolate-descubri-como-las-canciones-liberan-la-misma-dopamina-y-por-que-importa-esta-primavera","status":"publish","type":"post","link":"https:\/\/www.journee-mondiale.com\/es\/la-musica-que-activa-tu-cerebro-como-el-chocolate-descubri-como-las-canciones-liberan-la-misma-dopamina-y-por-que-importa-esta-primavera\/","title":{"rendered":"La m\u00fasica que activa tu cerebro como el chocolate: descubr\u00ed c\u00f3mo las canciones liberan la misma dopamina (y por qu\u00e9 importa esta primavera)"},"content":{"rendered":"<p>La primavera est\u00e1 en pleno apogeo, y con la llegada de mayo, nuestros \u00e1nimos buscan ese <strong>impulso energ\u00e9tico<\/strong> que necesitamos para disfrutar de los d\u00edas m\u00e1s largos. La m\u00fasica, esa compa\u00f1era universal, podr\u00eda ser la clave para transformar nuestro estado de \u00e1nimo diario. \u00bfSab\u00edas que seg\u00fan los \u00faltimos estudios de 2025, escuchar tu canci\u00f3n favorita libera la misma cantidad de dopamina que comer chocolate?<\/p>\n<h2>La revoluci\u00f3n neuroqu\u00edmica que ocurre cuando pulsas \u00abplay\u00bb<\/h2>\n<p>Nuestro cerebro experimenta una verdadera fiesta bioqu\u00edmica cuando escuchamos m\u00fasica. \u00abLa dopamina liberada al escuchar m\u00fasica preferida crea patrones de recompensa similares a los del sexo o la comida\u00bb, explican los neurocient\u00edficos de la Universidad de Barcelona. Este <strong>fen\u00f3meno neurol\u00f3gico<\/strong> es como un masaje para nuestras neuronas, capaz de transformar un d\u00eda gris en uno lleno de posibilidades, similar a <a href=\"https:\/\/www.journee-mondiale.com\/es\/la-magia-nocturna-de-mi-piel-7-antioxidantes-que-recuperaron-el-68-de-mi-luminosidad-en-plena-primavera\/\" target=\"_blank\">c\u00f3mo ciertos antioxidantes devuelven la luminosidad a nuestra piel<\/a>.<\/p>\n<h2>La tonalidad importa m\u00e1s que la letra: descubre por qu\u00e9<\/h2>\n<p>Los psic\u00f3logos de Realitas han revelado un dato sorprendente: \u00abEl tempo y la tonalidad modulan respuestas emocionales m\u00e1s que la letra en s\u00ed\u00bb. Las <strong>tonalidades mayores<\/strong> activan la corteza prefrontal, asociada con el optimismo y la planificaci\u00f3n. Es como si nuestro cerebro tuviera un interruptor que se activa con ciertas frecuencias sonoras, similar a c\u00f3mo <a href=\"https:\/\/www.journee-mondiale.com\/es\/probe-7-primers-de-maquillaje-a-38c-por-que-el-multifuncional-hizo-que-mi-base-durara-6-horas-mas-esta-primavera\/\" target=\"_blank\">un buen primer prepara la piel para mantener el maquillaje intacto durante horas<\/a>.<\/p>\n<h2>La inteligencia artificial como DJ personal de tu bienestar<\/h2>\n<p>En este 2025, las <strong>aplicaciones de IA<\/strong> est\u00e1n revolucionando nuestra relaci\u00f3n con la m\u00fasica. \u00abLa IA permite traducir biomarcadores en sonidos terap\u00e9uticos, democratizando el acceso a la salud mental\u00bb, afirma el Global Wellness Institute. Estas apps monitorizan tu ritmo card\u00edaco y niveles de cortisol para crear la playlist perfecta seg\u00fan tu estado emocional actual.<\/p>\n<blockquote><p>La m\u00fasica es una forma de terapia no invasiva que tenemos al alcance de la mano. Con las nuevas tecnolog\u00edas, ahora podemos personalizar esta medicina sonora para cada individuo,\u00bb explica Bomin Sun de la Universidad Shanghai Jiao Tong.<\/p><\/blockquote>\n<h2>G\u00e9neros musicales que son aut\u00e9nticos potenciadores an\u00edmicos<\/h2>\n<p>Algunos g\u00e9neros han demostrado ser especialmente efectivos para elevar nuestro estado de \u00e1nimo esta primavera:<\/p>\n<ul>\n<li>El <strong>minimalismo piano<\/strong> de Ludovico Einaudi para reducir la ansiedad<\/li>\n<li>Los <strong>sonidos binaurales<\/strong> para mejorar la concentraci\u00f3n<\/li>\n<li>La <strong>m\u00fasica cl\u00e1sica<\/strong> para combatir s\u00edntomas depresivos<\/li>\n<\/ul>\n<h2>T\u00e9cnicas de \u00abBrain Flossing\u00bb: el hilo dental para tu cerebro<\/h2>\n<p>El <strong>Brain Flossing<\/strong> es una innovadora t\u00e9cnica que utiliza audio espacializado para estimular ambos hemisferios cerebrales. Este m\u00e9todo es como darle un ba\u00f1o refrescante a tu mente, similar a <a href=\"https:\/\/www.journee-mondiale.com\/es\/la-crema-que-salvo-mi-piel-a-los-50-como-este-producto-de-5e-restauro-el-30-de-elasticidad-perdida-y-mi-dermis-nunca-se-vio-mejor\/\" target=\"_blank\">c\u00f3mo una buena crema restaura la elasticidad de nuestra piel<\/a>.<\/p>\n<h2>Crea tu ritual musical matutino: la clave est\u00e1 en la consistencia<\/h2>\n<p>Los expertos recomiendan establecer un <strong>ritual musical<\/strong> para empezar el d\u00eda:<\/p>\n<ul>\n<li>Dedica 10 minutos cada ma\u00f1ana a escuchar m\u00fasica energizante<\/li>\n<li>Combina g\u00e9neros seg\u00fan la actividad que vayas a realizar<\/li>\n<li>Crea playlists tem\u00e1ticas para diferentes momentos del d\u00eda<\/li>\n<\/ul>\n<h2>Compartir m\u00fasica: el fen\u00f3meno social que rejuvenece nuestras conexiones<\/h2>\n<p>Compartir experiencias musicales fortalece lazos sociales, algo tan rejuvenecedor como <a href=\"https:\/\/www.journee-mondiale.com\/es\/el-corte-bob-que-rejuvenece-5-anos-el-rostro-en-solo-una-visita\/\" target=\"_blank\">un buen corte de pelo que transforma tu imagen<\/a>. De hecho, las <strong>terapias grupales<\/strong> con m\u00fasica en directo est\u00e1n demostrando mejorar la cohesi\u00f3n social y la regulaci\u00f3n emocional.<\/p>\n<h2>Lecturas y m\u00fasica: la combinaci\u00f3n perfecta para el bienestar integral<\/h2>\n<p>Esta primavera, combinar la lectura con fondos musicales adecuados potencia ambas experiencias. Las <a href=\"https:\/\/www.journee-mondiale.com\/es\/descubrimos-9-obras-literarias-que-renuevan-los-clubes-de-lectura-virtuales-esta-primavera-y-como-una-transformo-mi-experiencia-social\/\" target=\"_blank\">obras literarias que est\u00e1n renovando los clubes de lectura<\/a> encuentran en la m\u00fasica el complemento perfecto para una <strong>inmersi\u00f3n sensorial completa<\/strong>.<\/p>\n<p>\u00bfEst\u00e1s listo para transformar tu primavera a trav\u00e9s del poder de la m\u00fasica? Las notas musicales son como llaves que abren puertas emocionales en nuestro cerebro, permiti\u00e9ndonos acceder a estados de \u00e1nimo que quiz\u00e1s cre\u00edamos olvidados. Tu bienestar emocional est\u00e1, literalmente, a solo una canci\u00f3n de distancia.<\/p>\n","protected":false},"excerpt":{"rendered":"<p>La primavera est\u00e1 en pleno apogeo, y con la llegada de mayo, nuestros \u00e1nimos buscan ese impulso energ\u00e9tico que necesitamos para disfrutar de los d\u00edas m\u00e1s largos. La m\u00fasica, esa compa\u00f1era universal, podr\u00eda ser la clave para transformar nuestro estado de \u00e1nimo diario. \u00bfSab\u00edas que seg\u00fan los \u00faltimos estudios de 2025, escuchar tu canci\u00f3n favorita &#8230; <a title=\"La m\u00fasica que activa tu cerebro como el chocolate: descubr\u00ed c\u00f3mo las canciones liberan la misma dopamina (y por qu\u00e9 importa esta primavera)\" class=\"read-more\" href=\"https:\/\/www.journee-mondiale.com\/es\/la-musica-que-activa-tu-cerebro-como-el-chocolate-descubri-como-las-canciones-liberan-la-misma-dopamina-y-por-que-importa-esta-primavera\/\" aria-label=\"Leer m\u00e1s sobre La m\u00fasica que activa tu cerebro como el chocolate: descubr\u00ed c\u00f3mo las canciones liberan la misma dopamina (y por qu\u00e9 importa esta primavera)\">Lire plus<\/a><\/p>\n","protected":false},"author":1,"featured_media":13298,"comment_status":"","ping_status":"","sticky":false,"template":"","format":"standard","meta":{"footnotes":""},"categories":[48],"tags":[],"class_list":["post-13299","post","type-post","status-publish","format-standard","has-post-thumbnail","hentry","category-estilo-de-vida"],"acf":[],"_yoast_wpseo_primary_category":null,"_yoast_wpseo_title":null,"_yoast_wpseo_metadesc":null,"_links":{"self":[{"href":"https:\/\/www.journee-mondiale.com\/es\/wp-json\/wp\/v2\/posts\/13299","targetHints":{"allow":["GET"]}}],"collection":[{"href":"https:\/\/www.journee-mondiale.com\/es\/wp-json\/wp\/v2\/posts"}],"about":[{"href":"https:\/\/www.journee-mondiale.com\/es\/wp-json\/wp\/v2\/types\/post"}],"author":[{"embeddable":true,"href":"https:\/\/www.journee-mondiale.com\/es\/wp-json\/wp\/v2\/users\/1"}],"replies":[{"embeddable":true,"href":"https:\/\/www.journee-mondiale.com\/es\/wp-json\/wp\/v2\/comments?post=13299"}],"version-history":[{"count":0,"href":"https:\/\/www.journee-mondiale.com\/es\/wp-json\/wp\/v2\/posts\/13299\/revisions"}],"wp:featuredmedia":[{"embeddable":true,"href":"https:\/\/www.journee-mondiale.com\/es\/wp-json\/wp\/v2\/media\/13298"}],"wp:attachment":[{"href":"https:\/\/www.journee-mondiale.com\/es\/wp-json\/wp\/v2\/media?parent=13299"}],"wp:term":[{"taxonomy":"category","embeddable":true,"href":"https:\/\/www.journee-mondiale.com\/es\/wp-json\/wp\/v2\/categories?post=13299"},{"taxonomy":"post_tag","embeddable":true,"href":"https:\/\/www.journee-mondiale.com\/es\/wp-json\/wp\/v2\/tags?post=13299"}],"curies":[{"name":"wp","href":"https:\/\/api.w.org\/{rel}","templated":true}]}}