{"id":13260,"date":"2025-05-03T17:05:52","date_gmt":"2025-05-03T15:05:52","guid":{"rendered":"https:\/\/www.journee-mondiale.com\/es\/entrene-solo-versus-en-grupo-mis-resultados-fisicos-cambiaron-completamente-y-no-por-lo-que-imaginas\/"},"modified":"2025-05-03T17:05:52","modified_gmt":"2025-05-03T15:05:52","slug":"entrene-solo-versus-en-grupo-mis-resultados-fisicos-cambiaron-completamente-y-no-por-lo-que-imaginas","status":"publish","type":"post","link":"https:\/\/www.journee-mondiale.com\/es\/entrene-solo-versus-en-grupo-mis-resultados-fisicos-cambiaron-completamente-y-no-por-lo-que-imaginas\/","title":{"rendered":"Entren\u00e9 solo versus en grupo: mis resultados f\u00edsicos cambiaron completamente (y no por lo que imaginas)"},"content":{"rendered":"<p>\u00bfAlguna vez te has preguntado si es mejor sudar la camiseta en grupo o en solitario? La elecci\u00f3n entre el <strong>aer\u00f3bic grupal y el entrenamiento individual<\/strong> puede determinar no solo tus resultados f\u00edsicos, sino tambi\u00e9n tu constancia a largo plazo. Descubramos juntos qu\u00e9 opci\u00f3n podr\u00eda encajar mejor con tu personalidad y objetivos fitness.<\/p>\n<h2>El poder motivacional de las clases colectivas<\/h2>\n<p>Las clases grupales generan un <strong>entorno de apoyo mutuo<\/strong> donde la energ\u00eda colectiva act\u00faa como combustible para tu rendimiento. Seg\u00fan un estudio del Centro de Fitness FITACTIVA, las personas que participan en actividades grupales tienen un 65% menos de probabilidades de abandonar su rutina de ejercicios.<\/p>\n<p>\u00abLa magia del entrenamiento grupal reside en la responsabilidad compartida\u00bb, explica la Dra. Carmen Vidal, especialista en medicina deportiva. \u00abCuando sabes que tus compa\u00f1eros esperan verte en clase, la motivaci\u00f3n externa se convierte en un poderoso motor para mantenerte constante, especialmente en esos d\u00edas donde la pereza amenaza con ganar la batalla\u00bb.<\/p>\n<blockquote><p>Las clases grupales son como conciertos de fitness donde cada participante contribuye a la energ\u00eda colectiva. Incluso los m\u00e1s introvertidos terminan contagi\u00e1ndose del entusiasmo compartido.<\/p><\/blockquote>\n<h2>El entrenamiento personalizado: tu camino a medida<\/h2>\n<p>Por otro lado, el <strong>entrenamiento individual<\/strong> ofrece un nivel de personalizaci\u00f3n imposible de alcanzar en grupo. \u00abEs como tener un traje a medida versus uno de talla \u00fanica\u00bb, se\u00f1ala Manuel Rivas, entrenador personal con 15 a\u00f1os de experiencia. \u00abCada movimiento, cada ajuste, est\u00e1 dise\u00f1ado espec\u00edficamente para tu cuerpo y tus necesidades particulares\u00bb.<\/p>\n<p>De hecho, un estudio realizado por Life Fitness Coaching revel\u00f3 que los clientes con entrenamiento personalizado alcanzaron sus objetivos un <strong>42% m\u00e1s r\u00e1pido<\/strong> que quienes solo asist\u00edan a clases grupales, especialmente en casos de rehabilitaci\u00f3n o preparaci\u00f3n espec\u00edfica.<\/p>\n<h2>La ecuaci\u00f3n econ\u00f3mica: inversi\u00f3n versus resultados<\/h2>\n<p>El factor econ\u00f3mico suele inclinar la balanza hacia las <a href=\"https:\/\/www.journee-mondiale.com\/es\/baile-60-minutos-diarios-durante-un-mes-mi-cintura-se-redujo-5-cm-y-nunca-disfrute-tanto-quemando-calorias\/\" target=\"_blank\">clases grupales<\/a>, donde el costo por sesi\u00f3n puede ser hasta un 70% menor. Este modelo democr\u00e1tico del fitness hace accesible la actividad f\u00edsica dirigida para muchos bolsillos.<\/p>\n<p>Beneficios destacados del aer\u00f3bic grupal:<\/p>\n<ul>\n<li>Mayor <strong>adherencia al ejercicio<\/strong> por el componente social<\/li>\n<li>Variedad constante que previene el aburrimiento<\/li>\n<li>Menor inversi\u00f3n econ\u00f3mica por sesi\u00f3n<\/li>\n<\/ul>\n<h2>El entrenamiento individual: tu oasis de concentraci\u00f3n<\/h2>\n<p>Las sesiones individuales crean un <strong>espacio de introspecci\u00f3n<\/strong> donde cada respiraci\u00f3n, cada movimiento, recibe atenci\u00f3n exclusiva. Esta concentraci\u00f3n es especialmente valiosa para quienes buscan <a href=\"https:\/\/www.journee-mondiale.com\/es\/transforme-mi-fuerza-muscular-un-23-en-8-semanas-con-bandas-elasticas-y-sin-gastar-una-fortuna-en-gimnasio\/\" target=\"_blank\">transformaciones f\u00edsicas espec\u00edficas<\/a> o recuperarse de lesiones.<\/p>\n<p>Ventajas principales del entrenamiento individual:<\/p>\n<ul>\n<li>Ajustes t\u00e9cnicos inmediatos y precisos<\/li>\n<li><strong>Flexibilidad horaria<\/strong> adaptada a tu agenda<\/li>\n<li>Progresi\u00f3n personalizada seg\u00fan tu evoluci\u00f3n<\/li>\n<\/ul>\n<h2>La revoluci\u00f3n de los modelos h\u00edbridos<\/h2>\n<p>Mar\u00eda Garc\u00eda, de 42 a\u00f1os, encontr\u00f3 su equilibrio perfecto: \u00abDurante a\u00f1os boicote\u00e9 mis propios entrenamientos por falta de <a href=\"https:\/\/www.journee-mondiale.com\/es\/mantuve-mi-motivacion-fitness-por-6-meses-cuando-todos-abandonan-al-mes-el-secreto-estaba-en-mis-rituales\/\" target=\"_blank\">motivaci\u00f3n constante<\/a>. Ahora combino dos sesiones grupales semanales que me cargan de energ\u00eda con una individual donde perfecciono mi t\u00e9cnica\u00bb.<\/p>\n<p>El Dr. Jonathan Bae destaca: \u00abLas <a href=\"https:\/\/www.journee-mondiale.com\/es\/transforme-mi-resistencia-en-8-semanas-gracias-a-las-zonas-cardiacas-el-metodo-que-me-enseno-cuando-mi-cuerpo-realmente-quema-grasa\/\" target=\"_blank\">zonas card\u00edacas<\/a> y objetivos pueden monitorizarse individualmente incluso en entornos grupales gracias a la tecnolog\u00eda wearable, fusionando lo mejor de ambos mundos\u00bb.<\/p>\n<h2>\u00bfQu\u00e9 camino elegir para tu bienestar?<\/h2>\n<p>La decisi\u00f3n final depende de tu personalidad y circunstancias. Si buscas diversi\u00f3n, socializaci\u00f3n y motivaci\u00f3n externa, el aer\u00f3bic grupal puede ser tu aliado. Si priorizas resultados espec\u00edficos, correcci\u00f3n t\u00e9cnica o tienes agenda variable, la inversi\u00f3n en entrenamientos personalizados podr\u00eda valer cada c\u00e9ntimo.<\/p>\n<p>Lo ideal es aplicar las <a href=\"https:\/\/www.journee-mondiale.com\/es\/7-estrategias-neurologicas-que-mantuvieron-mi-motivacion-durante-6-meses-cuando-todo-parecia-imposible\/\" target=\"_blank\">estrategias neurol\u00f3gicas de motivaci\u00f3n<\/a> en el formato que mejor se adapte a tu estilo. \u00bfPor qu\u00e9 no probar ambos enfoques antes de decidir? Tu cuerpo te agradecer\u00e1 el movimiento, sea cual sea el formato que elijas.<\/p>\n","protected":false},"excerpt":{"rendered":"<p>\u00bfAlguna vez te has preguntado si es mejor sudar la camiseta en grupo o en solitario? La elecci\u00f3n entre el aer\u00f3bic grupal y el entrenamiento individual puede determinar no solo tus resultados f\u00edsicos, sino tambi\u00e9n tu constancia a largo plazo. Descubramos juntos qu\u00e9 opci\u00f3n podr\u00eda encajar mejor con tu personalidad y objetivos fitness. El poder &#8230; <a title=\"Entren\u00e9 solo versus en grupo: mis resultados f\u00edsicos cambiaron completamente (y no por lo que imaginas)\" class=\"read-more\" href=\"https:\/\/www.journee-mondiale.com\/es\/entrene-solo-versus-en-grupo-mis-resultados-fisicos-cambiaron-completamente-y-no-por-lo-que-imaginas\/\" aria-label=\"Leer m\u00e1s sobre Entren\u00e9 solo versus en grupo: mis resultados f\u00edsicos cambiaron completamente (y no por lo que imaginas)\">Lire plus<\/a><\/p>\n","protected":false},"author":1,"featured_media":13259,"comment_status":"","ping_status":"","sticky":false,"template":"","format":"standard","meta":{"footnotes":""},"categories":[52],"tags":[],"class_list":["post-13260","post","type-post","status-publish","format-standard","has-post-thumbnail","hentry","category-salud"],"acf":[],"_yoast_wpseo_primary_category":null,"_yoast_wpseo_title":null,"_yoast_wpseo_metadesc":null,"_links":{"self":[{"href":"https:\/\/www.journee-mondiale.com\/es\/wp-json\/wp\/v2\/posts\/13260","targetHints":{"allow":["GET"]}}],"collection":[{"href":"https:\/\/www.journee-mondiale.com\/es\/wp-json\/wp\/v2\/posts"}],"about":[{"href":"https:\/\/www.journee-mondiale.com\/es\/wp-json\/wp\/v2\/types\/post"}],"author":[{"embeddable":true,"href":"https:\/\/www.journee-mondiale.com\/es\/wp-json\/wp\/v2\/users\/1"}],"replies":[{"embeddable":true,"href":"https:\/\/www.journee-mondiale.com\/es\/wp-json\/wp\/v2\/comments?post=13260"}],"version-history":[{"count":0,"href":"https:\/\/www.journee-mondiale.com\/es\/wp-json\/wp\/v2\/posts\/13260\/revisions"}],"wp:featuredmedia":[{"embeddable":true,"href":"https:\/\/www.journee-mondiale.com\/es\/wp-json\/wp\/v2\/media\/13259"}],"wp:attachment":[{"href":"https:\/\/www.journee-mondiale.com\/es\/wp-json\/wp\/v2\/media?parent=13260"}],"wp:term":[{"taxonomy":"category","embeddable":true,"href":"https:\/\/www.journee-mondiale.com\/es\/wp-json\/wp\/v2\/categories?post=13260"},{"taxonomy":"post_tag","embeddable":true,"href":"https:\/\/www.journee-mondiale.com\/es\/wp-json\/wp\/v2\/tags?post=13260"}],"curies":[{"name":"wp","href":"https:\/\/api.w.org\/{rel}","templated":true}]}}