{"id":13242,"date":"2025-05-02T18:59:52","date_gmt":"2025-05-02T16:59:52","guid":{"rendered":"https:\/\/www.journee-mondiale.com\/es\/la-raya-lateral-que-rejuvenece-5-anos-a-mujeres-maduras-la-tecnica-que-arrasa-esta-primavera-2025\/"},"modified":"2025-05-02T18:59:52","modified_gmt":"2025-05-02T16:59:52","slug":"la-raya-lateral-que-rejuvenece-5-anos-a-mujeres-maduras-la-tecnica-que-arrasa-esta-primavera-2025","status":"publish","type":"post","link":"https:\/\/www.journee-mondiale.com\/es\/la-raya-lateral-que-rejuvenece-5-anos-a-mujeres-maduras-la-tecnica-que-arrasa-esta-primavera-2025\/","title":{"rendered":"La raya lateral que rejuvenece 5 a\u00f1os a mujeres maduras (la t\u00e9cnica que arrasa esta primavera 2025)"},"content":{"rendered":"<p>La <strong>raya al lado<\/strong> se consolida como el estilo m\u00e1s renovador de esta primavera 2025. Este detalle aparentemente sencillo est\u00e1 transformando los cortes de pelo tradicionales en aut\u00e9nticas declaraciones de estilo. \u00bfQui\u00e9n dir\u00eda que simplemente cambiar la forma en que dividimos nuestro cabello podr\u00eda tener tanto impacto? Como me confes\u00f3 recientemente Mar\u00eda Sanchez, directora creativa de Toni&#038;Guy Madrid: \u00abLa raya lateral es el peque\u00f1o secreto de las grandes transformaciones, rejuvenece instant\u00e1neamente y aporta dimensi\u00f3n sin necesidad de cambios dr\u00e1sticos\u00bb.<\/p>\n<h2>El renacimiento de un cl\u00e1sico con aire contempor\u00e1neo<\/h2>\n<p>Esta primavera 2025 estamos presenciando el regreso triunfal de la <strong>raya lateral<\/strong>, pero con un enfoque totalmente renovado. Ya no se trata de la raya r\u00edgida y perfectamente dibujada que conoc\u00edamos, sino de versiones m\u00e1s relajadas y naturales que aportan movimiento y dinamismo al rostro. \u00abEs como darle un lienzo nuevo a un artista experimentado\u00bb, explica Carlos Medina, estilista de celebrities en Barcelona. \u00abEl mismo cabello cobra una vida completamente diferente solo cambiando la direcci\u00f3n de la raya\u00bb.<\/p>\n<h2>\u00bfPor qu\u00e9 la raya lateral est\u00e1 arrasando esta temporada?<\/h2>\n<p>El <strong>corte con raya al lado<\/strong> est\u00e1 ganando popularidad por varias razones fundamentales:<\/p>\n<ul>\n<li>Aporta volumen instant\u00e1neo a cabellos finos<\/li>\n<li>Suaviza facciones angulosas y enmarca el rostro<\/li>\n<li>Se adapta a cualquier tipo y longitud de cabello<\/li>\n<li>Permite rejuvenecer el aspecto sin compromisos dr\u00e1sticos<\/li>\n<\/ul>\n<h2>El efecto \u00ablifting facial\u00bb que todos buscan<\/h2>\n<p>Como si de un efecto \u00f3ptico se tratara, la <strong>raya lateral<\/strong> crea una asimetr\u00eda que levanta visualmente los p\u00f3mulos y estiliza el \u00f3valo facial. Es como tener un peque\u00f1o truco de ilusionismo en tu rutina diaria. \u00abMuchas de mis clientas han dejado de lado procedimientos est\u00e9ticos tras descubrir c\u00f3mo un simple cambio en la raya del pelo puede quitarles hasta cinco a\u00f1os de encima\u00bb, comenta Luc\u00eda Ferrer, especialista en <a href=\"https:\/\/www.journee-mondiale.com\/es\/la-tecnica-que-transformo-mi-media-melena-a-corto-a-los-60-como-rejuveneci-5-anos-en-una-sola-visita-primavera-2025\/\" target=\"_blank\">transformaciones capilares para mujeres maduras<\/a>.<\/p>\n<h2>Las mejores versiones para cada tipo de rostro<\/h2>\n<p>El <strong>side part<\/strong>, como tambi\u00e9n se conoce internacionalmente, se adapta maravillosamente a diferentes fisionom\u00edas:<\/p>\n<ul>\n<li>Rostros redondos: raya pronunciada con volumen en la corona<\/li>\n<li>Rostros alargados: raya menos marcada con flequillo lateral<\/li>\n<li>Rostros cuadrados: raya suave con mechones que suavicen la mand\u00edbula<\/li>\n<\/ul>\n<h2>La combinaci\u00f3n ganadora: bob + raya lateral<\/h2>\n<p>Si hay un corte que maximiza los beneficios de la raya lateral es el <strong>bob<\/strong>. Esta combinaci\u00f3n est\u00e1 arrasando esta primavera por su versatilidad y efecto rejuvenecedor. Como un buen vino que mejora con los a\u00f1os, el <a href=\"https:\/\/www.journee-mondiale.com\/es\/el-corte-bob-que-oculta-mis-arrugas-de-cuello-como-rejuvenecio-5-anos-mi-aspecto-en-solo-30-minutos\/\" target=\"_blank\">bob con raya lateral disimula imperfecciones en el cuello<\/a> y aporta estructura al rostro. El <a href=\"https:\/\/www.journee-mondiale.com\/es\/el-bob-angular-que-probe-por-3-semanas-logro-que-mi-rostro-redondo-pareciera-5-anos-mas-joven-y-redujo-mi-tiempo-de-peinado-a-la-mitad\/\" target=\"_blank\">bob angular<\/a>, en particular, est\u00e1 ganando adeptas entre mujeres con rostros redondos.<\/p>\n<h2>El secreto del acabado perfecto est\u00e1 en la textura<\/h2>\n<p>La magia del <strong>corte con raya lateral<\/strong> est\u00e1 en c\u00f3mo se peina. Esta primavera se llevan texturas naturales, ligeramente despeinadas, que huyen de la perfecci\u00f3n estricta. Para conseguirlo, los profesionales recomiendan <a href=\"https:\/\/www.journee-mondiale.com\/es\/la-tecnica-del-planchado-intermitente-que-transforma-cabellos-sin-vida-7-estilistas-revelan-como-lograr-el-bob-perfecto-con-movimiento-natural-y-olvidar-el-efecto-carton\/\" target=\"_blank\">t\u00e9cnicas de planchado intermitente<\/a> que mantienen el movimiento sin apelmazar el cabello.<\/p>\n<h2>Mantenimiento diario: menos es m\u00e1s<\/h2>\n<p>Uno de los mayores atractivos de este estilo es su <strong>facilidad de mantenimiento<\/strong>. Como las hojas que se adaptan al viento, este peinado evoluciona naturalmente a lo largo del d\u00eda sin perder su atractivo. Descubre <a href=\"https:\/\/www.journee-mondiale.com\/es\/7-tecnicas-que-transformaron-mi-rutina-de-peinados-cortos-en-primavera-funciona-en-solo-3-minutos\/\" target=\"_blank\">t\u00e9cnicas r\u00e1pidas para mantener tu corte impecable<\/a> en apenas unos minutos cada ma\u00f1ana.<\/p>\n<h2>\u00bfLista para renovar tu imagen esta primavera?<\/h2>\n<p>El <strong>corte con raya al lado<\/strong> es m\u00e1s que una tendencia pasajera; es una herramienta transformadora al alcance de todas. Como un pincel que redefine los contornos de una obra de arte, la raya lateral reenmarca tu rostro revelando tus mejores \u00e1ngulos. La pr\u00f3xima vez que visites tu sal\u00f3n, atr\u00e9vete a pedirlo. Puede que ese peque\u00f1o cambio sea exactamente lo que necesitabas para redescubrir tu imagen y sentirte renovada esta temporada.<\/p>\n","protected":false},"excerpt":{"rendered":"<p>La raya al lado se consolida como el estilo m\u00e1s renovador de esta primavera 2025. Este detalle aparentemente sencillo est\u00e1 transformando los cortes de pelo tradicionales en aut\u00e9nticas declaraciones de estilo. \u00bfQui\u00e9n dir\u00eda que simplemente cambiar la forma en que dividimos nuestro cabello podr\u00eda tener tanto impacto? Como me confes\u00f3 recientemente Mar\u00eda Sanchez, directora creativa &#8230; <a title=\"La raya lateral que rejuvenece 5 a\u00f1os a mujeres maduras (la t\u00e9cnica que arrasa esta primavera 2025)\" class=\"read-more\" href=\"https:\/\/www.journee-mondiale.com\/es\/la-raya-lateral-que-rejuvenece-5-anos-a-mujeres-maduras-la-tecnica-que-arrasa-esta-primavera-2025\/\" aria-label=\"Leer m\u00e1s sobre La raya lateral que rejuvenece 5 a\u00f1os a mujeres maduras (la t\u00e9cnica que arrasa esta primavera 2025)\">Lire plus<\/a><\/p>\n","protected":false},"author":1,"featured_media":13241,"comment_status":"","ping_status":"","sticky":false,"template":"","format":"standard","meta":{"footnotes":""},"categories":[48],"tags":[],"class_list":["post-13242","post","type-post","status-publish","format-standard","has-post-thumbnail","hentry","category-estilo-de-vida"],"acf":[],"_yoast_wpseo_primary_category":null,"_yoast_wpseo_title":null,"_yoast_wpseo_metadesc":null,"_links":{"self":[{"href":"https:\/\/www.journee-mondiale.com\/es\/wp-json\/wp\/v2\/posts\/13242","targetHints":{"allow":["GET"]}}],"collection":[{"href":"https:\/\/www.journee-mondiale.com\/es\/wp-json\/wp\/v2\/posts"}],"about":[{"href":"https:\/\/www.journee-mondiale.com\/es\/wp-json\/wp\/v2\/types\/post"}],"author":[{"embeddable":true,"href":"https:\/\/www.journee-mondiale.com\/es\/wp-json\/wp\/v2\/users\/1"}],"replies":[{"embeddable":true,"href":"https:\/\/www.journee-mondiale.com\/es\/wp-json\/wp\/v2\/comments?post=13242"}],"version-history":[{"count":0,"href":"https:\/\/www.journee-mondiale.com\/es\/wp-json\/wp\/v2\/posts\/13242\/revisions"}],"wp:featuredmedia":[{"embeddable":true,"href":"https:\/\/www.journee-mondiale.com\/es\/wp-json\/wp\/v2\/media\/13241"}],"wp:attachment":[{"href":"https:\/\/www.journee-mondiale.com\/es\/wp-json\/wp\/v2\/media?parent=13242"}],"wp:term":[{"taxonomy":"category","embeddable":true,"href":"https:\/\/www.journee-mondiale.com\/es\/wp-json\/wp\/v2\/categories?post=13242"},{"taxonomy":"post_tag","embeddable":true,"href":"https:\/\/www.journee-mondiale.com\/es\/wp-json\/wp\/v2\/tags?post=13242"}],"curies":[{"name":"wp","href":"https:\/\/api.w.org\/{rel}","templated":true}]}}