{"id":13206,"date":"2025-05-01T09:05:49","date_gmt":"2025-05-01T07:05:49","guid":{"rendered":"https:\/\/www.journee-mondiale.com\/es\/el-bob-apilado-que-domino-mi-cabello-grueso-en-3-minutos-mi-rutina-cambio-despues-de-15-anos-de-lucha\/"},"modified":"2025-05-01T09:05:49","modified_gmt":"2025-05-01T07:05:49","slug":"el-bob-apilado-que-domino-mi-cabello-grueso-en-3-minutos-mi-rutina-cambio-despues-de-15-anos-de-lucha","status":"publish","type":"post","link":"https:\/\/www.journee-mondiale.com\/es\/el-bob-apilado-que-domino-mi-cabello-grueso-en-3-minutos-mi-rutina-cambio-despues-de-15-anos-de-lucha\/","title":{"rendered":"El bob apilado que domin\u00f3 mi cabello grueso en 3 minutos: mi rutina cambi\u00f3 despu\u00e9s de 15 a\u00f1os de lucha"},"content":{"rendered":"<p>\u00bfCansada de tu cabello grueso indomable? La primavera 2025 ha tra\u00eddo la soluci\u00f3n perfecta para quienes buscamos distribuir el volumen de manera equilibrada sin pasar horas frente al espejo. El <strong>bob apilado<\/strong> se ha convertido en el aliado ideal para melenas abundantes, permiti\u00e9ndonos lucir un look sofisticado mientras aprovechamos al m\u00e1ximo nuestra textura natural.<\/p>\n<h2>\u00bfPor qu\u00e9 el bob apilado es la revoluci\u00f3n para cabello grueso esta primavera?<\/h2>\n<p>El bob apilado no es solo una tendencia pasajera. Seg\u00fan <strong>Carlos Rodr\u00edguez<\/strong>, director de Arte del Sal\u00f3n Elite Madrid, \u00abeste corte funciona como un arquitecto del cabello, construyendo un equilibrio perfecto entre volumen controlado y movimiento\u00bb. La magia reside en sus capas estrat\u00e9gicamente colocadas que <strong>redistribuyen el peso<\/strong> del cabello, creando una silueta armoniosa que enmarca el rostro.<\/p>\n<p>La primavera nos invita a renovarnos, y este corte es como un jard\u00edn bien dise\u00f1ado: elimina el exceso donde no se necesita y potencia las zonas que requieren protagonismo. <a href=\"https:\/\/www.journee-mondiale.com\/es\/el-corte-bob-que-oculta-mis-arrugas-de-cuello-como-rejuvenecio-5-anos-mi-aspecto-en-solo-30-minutos\/\" target=\"_blank\">Sus beneficios rejuvenecedores<\/a> son innegables, especialmente cuando se adapta a nuestras necesidades espec\u00edficas.<\/p>\n<h2>La t\u00e9cnica perfecta: arquitectura capilar en 3 dimensiones<\/h2>\n<p>\u00abEl secreto est\u00e1 en el <strong>desfilado interno<\/strong> combinado con capas graduales que se apilan desde la nuca hacia arriba\u00bb, explica <strong>Luc\u00eda Fern\u00e1ndez<\/strong>, estilista especializada en cabello grueso. Esta t\u00e9cnica no solo alivia el peso, sino que crea un efecto visual de ligereza sin sacrificar el cuerpo natural del cabello.<\/p>\n<p>Una clienta me confes\u00f3 recientemente: \u00abDespu\u00e9s de 15 a\u00f1os luchando con mi melena, este bob me ha cambiado la vida. Ahora mi rutina matutina se ha reducido a la mitad\u00bb. Y no es la \u00fanica. <a href=\"https:\/\/www.journee-mondiale.com\/es\/el-bob-angular-que-probe-por-3-semanas-logro-que-mi-rostro-redondo-pareciera-5-anos-mas-joven-y-redujo-mi-tiempo-de-peinado-a-la-mitad\/\" target=\"_blank\">Los testimonios sobre c\u00f3mo este corte puede transformar la apariencia<\/a> se multiplican cada semana en mis redes.<\/p>\n<h2>3 variaciones que triunfan esta temporada<\/h2>\n<ul>\n<li><strong>Bob apilado con flequillo cortina<\/strong>: Ideal para rostros ovalados o cuadrados, suaviza facciones.<\/li>\n<li><strong>Bob graduado con nuca elevada<\/strong>: Perfecto para quienes buscan altura y volumen controlado en la coronilla.<\/li>\n<li><strong>Bob texturizado con puntas desfiladas<\/strong>: La opci\u00f3n m\u00e1s vers\u00e1til para quienes desean un acabado moderno.<\/li>\n<\/ul>\n<h2>Secretos de estilismo para mantener tu bob impecable<\/h2>\n<p>El mantenimiento es crucial para conservar la magia de este corte. <a href=\"https:\/\/www.journee-mondiale.com\/es\/7-tecnicas-que-transformaron-mi-rutina-de-peinados-cortos-en-primavera-funciona-en-solo-3-minutos\/\" target=\"_blank\">Existen t\u00e9cnicas r\u00e1pidas que pueden transformar tu rutina<\/a> y hacerla mucho m\u00e1s eficiente cada ma\u00f1ana.<\/p>\n<blockquote><p>El bob apilado es como un traje a medida para tu cabello: requiere peque\u00f1os ajustes peri\u00f3dicos para mantener su forma perfecta<\/p><\/blockquote>\n<h2>Productos esenciales para domar el volumen sin apelmazar<\/h2>\n<ul>\n<li><strong>Cremas de peinado ligeras<\/strong> que definan sin a\u00f1adir peso<\/li>\n<li><strong>Sprays texturizantes<\/strong> que aporten movimiento natural<\/li>\n<li><strong>Protectores t\u00e9rmicos<\/strong> espec\u00edficos para cabello grueso<\/li>\n<\/ul>\n<p>Si buscas <a href=\"https:\/\/www.journee-mondiale.com\/es\/el-corte-bob-clasico-que-anade-70-mas-volumen-y-rejuvenece-5-anos-la-tecnica-primaveral-que-triunfa-en-2025\/\" target=\"_blank\">a\u00f1adir volumen en zonas espec\u00edficas<\/a> mientras controlas otras, las t\u00e9cnicas de secado direccional ser\u00e1n tus mejores aliadas. Piensa en tu secador como un pincel que esculpe tu cabello, dirigiendo el aire caliente desde las ra\u00edces hacia las puntas en movimientos envolventes.<\/p>\n<h2>La versatilidad: el arma secreta del bob apilado<\/h2>\n<p>Lo fascinante de este corte es su capacidad para adaptarse a diferentes ocasiones. Como me comentaba una clienta que trabaja como ejecutiva: \u00abPor la ma\u00f1ana lo llevo liso y pulido para reuniones, y por la noche, con unas ondas suaves, me transforma para salir\u00bb. Esta <strong>adaptabilidad<\/strong> es especialmente valiosa cuando el tiempo apremia.<\/p>\n<p>Para quienes tienen <a href=\"https:\/\/www.journee-mondiale.com\/es\/5-cortes-que-transformaron-mi-cabello-fino-en-voluminoso-sin-perder-longitud-ni-gastar-fortunas\/\" target=\"_blank\">preocupaciones sobre volumen y textura<\/a>, este corte funciona como un ecualizador natural, potenciando lo mejor de cada tipo de cabello.<\/p>\n<h2>\u00bfLista para transformar tu melena esta primavera?<\/h2>\n<p>El bob apilado para cabello grueso no es solo un corte, es una declaraci\u00f3n de intenciones: buscas sofisticaci\u00f3n, practicidad y un estilo que potencie tu belleza natural sin luchar contra ella. Como toda buena transformaci\u00f3n, comienza con dar el paso y atreverte a descubrir c\u00f3mo la distribuci\u00f3n estrat\u00e9gica del volumen puede revolucionar tu imagen y, con ella, tu confianza.<\/p>\n","protected":false},"excerpt":{"rendered":"<p>\u00bfCansada de tu cabello grueso indomable? La primavera 2025 ha tra\u00eddo la soluci\u00f3n perfecta para quienes buscamos distribuir el volumen de manera equilibrada sin pasar horas frente al espejo. El bob apilado se ha convertido en el aliado ideal para melenas abundantes, permiti\u00e9ndonos lucir un look sofisticado mientras aprovechamos al m\u00e1ximo nuestra textura natural. \u00bfPor &#8230; <a title=\"El bob apilado que domin\u00f3 mi cabello grueso en 3 minutos: mi rutina cambi\u00f3 despu\u00e9s de 15 a\u00f1os de lucha\" class=\"read-more\" href=\"https:\/\/www.journee-mondiale.com\/es\/el-bob-apilado-que-domino-mi-cabello-grueso-en-3-minutos-mi-rutina-cambio-despues-de-15-anos-de-lucha\/\" aria-label=\"Leer m\u00e1s sobre El bob apilado que domin\u00f3 mi cabello grueso en 3 minutos: mi rutina cambi\u00f3 despu\u00e9s de 15 a\u00f1os de lucha\">Lire plus<\/a><\/p>\n","protected":false},"author":1,"featured_media":13205,"comment_status":"","ping_status":"","sticky":false,"template":"","format":"standard","meta":{"footnotes":""},"categories":[48],"tags":[],"class_list":["post-13206","post","type-post","status-publish","format-standard","has-post-thumbnail","hentry","category-estilo-de-vida"],"acf":[],"_yoast_wpseo_primary_category":null,"_yoast_wpseo_title":null,"_yoast_wpseo_metadesc":null,"_links":{"self":[{"href":"https:\/\/www.journee-mondiale.com\/es\/wp-json\/wp\/v2\/posts\/13206","targetHints":{"allow":["GET"]}}],"collection":[{"href":"https:\/\/www.journee-mondiale.com\/es\/wp-json\/wp\/v2\/posts"}],"about":[{"href":"https:\/\/www.journee-mondiale.com\/es\/wp-json\/wp\/v2\/types\/post"}],"author":[{"embeddable":true,"href":"https:\/\/www.journee-mondiale.com\/es\/wp-json\/wp\/v2\/users\/1"}],"replies":[{"embeddable":true,"href":"https:\/\/www.journee-mondiale.com\/es\/wp-json\/wp\/v2\/comments?post=13206"}],"version-history":[{"count":0,"href":"https:\/\/www.journee-mondiale.com\/es\/wp-json\/wp\/v2\/posts\/13206\/revisions"}],"wp:featuredmedia":[{"embeddable":true,"href":"https:\/\/www.journee-mondiale.com\/es\/wp-json\/wp\/v2\/media\/13205"}],"wp:attachment":[{"href":"https:\/\/www.journee-mondiale.com\/es\/wp-json\/wp\/v2\/media?parent=13206"}],"wp:term":[{"taxonomy":"category","embeddable":true,"href":"https:\/\/www.journee-mondiale.com\/es\/wp-json\/wp\/v2\/categories?post=13206"},{"taxonomy":"post_tag","embeddable":true,"href":"https:\/\/www.journee-mondiale.com\/es\/wp-json\/wp\/v2\/tags?post=13206"}],"curies":[{"name":"wp","href":"https:\/\/api.w.org\/{rel}","templated":true}]}}