{"id":13194,"date":"2025-04-30T17:12:09","date_gmt":"2025-04-30T15:12:09","guid":{"rendered":"https:\/\/www.journee-mondiale.com\/es\/recupere-mi-movilidad-tras-la-artrosis-8-semanas-de-ejercicios-con-bandas-elasticas-que-fortalecieron-mis-rodillas-un-23\/"},"modified":"2025-04-30T17:12:09","modified_gmt":"2025-04-30T15:12:09","slug":"recupere-mi-movilidad-tras-la-artrosis-8-semanas-de-ejercicios-con-bandas-elasticas-que-fortalecieron-mis-rodillas-un-23","status":"publish","type":"post","link":"https:\/\/www.journee-mondiale.com\/es\/recupere-mi-movilidad-tras-la-artrosis-8-semanas-de-ejercicios-con-bandas-elasticas-que-fortalecieron-mis-rodillas-un-23\/","title":{"rendered":"Recuper\u00e9 mi movilidad tras la artrosis: 8 semanas de ejercicios con bandas el\u00e1sticas que fortalecieron mis rodillas un 23%"},"content":{"rendered":"<p>\u00bfSab\u00edas que <strong>86% de personas con artrosis<\/strong> mejoran su capacidad para moverse tras fortalecer espec\u00edficamente los m\u00fasculos que rodean sus rodillas? Descubramos c\u00f3mo las humildes ligas de resistencia pueden transformar la vida de quienes padecen esta condici\u00f3n, ofreciendo una alternativa accesible y efectiva para recuperar movilidad.<\/p>\n<h2>La conexi\u00f3n oculta entre m\u00fasculos fuertes y rodillas sanas<\/h2>\n<p>La <strong>artrosis de rodilla<\/strong> afecta a millones de personas, pero muchos desconocen que fortalecer los m\u00fasculos circundantes puede aliviar notablemente el dolor. \u00abCuando fortalecemos los cu\u00e1driceps e isquiotibiales, creamos un soporte natural que reduce la presi\u00f3n sobre el cart\u00edlago da\u00f1ado\u00bb, explica la Dra. Marina S\u00e1nchez, fisioterapeuta especializada en rehabilitaci\u00f3n articular del Centro M\u00e9dico Universitario de Madrid.<\/p>\n<p>Las <strong>bandas el\u00e1sticas<\/strong> han revolucionado la rehabilitaci\u00f3n por su versatilidad y eficacia. Son como peque\u00f1as m\u00e1quinas de gimnasio que caben en tu bolsillo, ofreciendo resistencia progresiva que se adapta perfectamente a las articulaciones sensibles. <a href=\"https:\/\/www.journee-mondiale.com\/es\/transforme-mi-fuerza-muscular-un-23-en-8-semanas-con-bandas-elasticas-y-sin-gastar-una-fortuna-en-gimnasio\/\" target=\"_blank\">Muchos han logrado aumentar su fuerza muscular hasta un 23% en apenas 8 semanas<\/a> utilizando estos sencillos implementos.<\/p>\n<h2>Tres ejercicios fundamentales que deber\u00edas comenzar hoy mismo<\/h2>\n<p>Implementa estos ejercicios b\u00e1sicos con ligas para fortalecer tus rodillas:<\/p>\n<ul>\n<li><strong>Extensiones sentado:<\/strong> Ata la banda a una pata de silla y al tobillo. Extiende lentamente la rodilla y mant\u00e9n 5 segundos.<\/li>\n<li><strong>Abducciones laterales:<\/strong> Coloca la banda alrededor de los muslos y separa las piernas contra la resistencia.<\/li>\n<li><strong>Mini-sentadillas con banda:<\/strong> Posiciona la liga sobre las rodillas y realiza peque\u00f1as flexiones manteniendo la tensi\u00f3n.<\/li>\n<\/ul>\n<h2>La historia de Carlos: cuando una simple liga cambi\u00f3 su movilidad<\/h2>\n<p>Carlos, profesor jubilado de 67 a\u00f1os, apenas pod\u00eda subir escaleras debido a su <strong>artrosis avanzada<\/strong>. \u00abComenc\u00e9 con apenas 5 minutos diarios de ejercicios con ligas. Tres meses despu\u00e9s, pude volver a jugar con mis nietos en el parque\u00bb, comparte emocionado. <a href=\"https:\/\/www.journee-mondiale.com\/es\/los-15-minutos-diarios-que-regeneraron-mi-rodilla-artritica-asi-elimine-el-35-del-dolor-en-8-semanas\/\" target=\"_blank\">Dedicar solo 15 minutos diarios puede reducir el dolor artr\u00edtico hasta un 35% en dos meses<\/a>, seg\u00fan estudios recientes.<\/p>\n<h2>El error que casi todos cometen al comenzar<\/h2>\n<p>El <strong>exceso de entusiasmo inicial<\/strong> es como un coche que arranca a toda velocidad y se queda sin gasolina a mitad de camino. \u00abMuchos pacientes intentan progresar demasiado r\u00e1pido, provocando inflamaci\u00f3n y abandonando la terapia\u00bb, advierte el Dr. Luis Hern\u00e1ndez, reumat\u00f3logo del Hospital La Paz.<\/p>\n<h2>La nutrici\u00f3n: el aliado invisible de tus rodillas<\/h2>\n<p>Los ejercicios son solo una parte de la ecuaci\u00f3n. <a href=\"https:\/\/www.journee-mondiale.com\/es\/el-mineral-que-salvo-mis-rodillas-como-el-boro-redujo-mi-dolor-articular-un-60-en-90-dias\/\" target=\"_blank\">Minerales como el boro han demostrado reducir el dolor articular hasta un 60%<\/a>, mientras que <a href=\"https:\/\/www.journee-mondiale.com\/es\/la-vitamina-k2-descubri-por-que-mis-huesos-se-debilitaban-a-pesar-de-tomar-calcio-y-como-lo-solucione-en-18-meses\/\" target=\"_blank\">la vitamina K2 resulta esencial para la salud \u00f3sea<\/a>, complementando perfectamente tu rutina de ejercicios.<\/p>\n<h2>Se\u00f1ales de que est\u00e1s progresando (y cu\u00e1ndo debes preocuparte)<\/h2>\n<p>Estos indicadores muestran que vas por buen camino:<\/p>\n<ul>\n<li><strong>Menos rigidez matutina<\/strong> al levantarte<\/li>\n<li><strong>Mayor facilidad<\/strong> para actividades cotidianas como subir escaleras<\/li>\n<li><strong>Reducci\u00f3n gradual<\/strong> de la inflamaci\u00f3n post-ejercicio<\/li>\n<li><strong>Aumento de fuerza<\/strong> al repetir los mismos ejercicios<\/li>\n<\/ul>\n<h2>\u00bfSab\u00edas que tus calambres podr\u00edan estar relacionados?<\/h2>\n<p>Si experimentas calambres frecuentes durante los ejercicios, podr\u00eda indicar una <strong>deficiencia de magnesio<\/strong>. <a href=\"https:\/\/www.journee-mondiale.com\/es\/las-7-senales-de-deficiencia-de-magnesio-que-ignore-hasta-que-mi-cuerpo-colapso-y-la-conexion-con-tus-dolores-musculares\/\" target=\"_blank\">Hay siete se\u00f1ales claras de esta deficiencia<\/a> que podr\u00edan estar afectando tu recuperaci\u00f3n articular.<\/p>\n<p>\u00bfEst\u00e1s listo para transformar tus rodillas con algo tan simple como una banda el\u00e1stica? Comienza hoy mismo con cinco minutos diarios e incrementa gradualmente. Tu futuro yo, con rodillas m\u00e1s fuertes y menos dolorosas, te lo agradecer\u00e1 profundamente. La artrosis no tiene por qu\u00e9 definir tus l\u00edmites.<\/p>\n","protected":false},"excerpt":{"rendered":"<p>\u00bfSab\u00edas que 86% de personas con artrosis mejoran su capacidad para moverse tras fortalecer espec\u00edficamente los m\u00fasculos que rodean sus rodillas? Descubramos c\u00f3mo las humildes ligas de resistencia pueden transformar la vida de quienes padecen esta condici\u00f3n, ofreciendo una alternativa accesible y efectiva para recuperar movilidad. La conexi\u00f3n oculta entre m\u00fasculos fuertes y rodillas sanas &#8230; <a title=\"Recuper\u00e9 mi movilidad tras la artrosis: 8 semanas de ejercicios con bandas el\u00e1sticas que fortalecieron mis rodillas un 23%\" class=\"read-more\" href=\"https:\/\/www.journee-mondiale.com\/es\/recupere-mi-movilidad-tras-la-artrosis-8-semanas-de-ejercicios-con-bandas-elasticas-que-fortalecieron-mis-rodillas-un-23\/\" aria-label=\"Leer m\u00e1s sobre Recuper\u00e9 mi movilidad tras la artrosis: 8 semanas de ejercicios con bandas el\u00e1sticas que fortalecieron mis rodillas un 23%\">Lire plus<\/a><\/p>\n","protected":false},"author":1,"featured_media":13193,"comment_status":"","ping_status":"","sticky":false,"template":"","format":"standard","meta":{"footnotes":""},"categories":[52],"tags":[],"class_list":["post-13194","post","type-post","status-publish","format-standard","has-post-thumbnail","hentry","category-salud"],"acf":[],"_yoast_wpseo_primary_category":null,"_yoast_wpseo_title":null,"_yoast_wpseo_metadesc":null,"_links":{"self":[{"href":"https:\/\/www.journee-mondiale.com\/es\/wp-json\/wp\/v2\/posts\/13194","targetHints":{"allow":["GET"]}}],"collection":[{"href":"https:\/\/www.journee-mondiale.com\/es\/wp-json\/wp\/v2\/posts"}],"about":[{"href":"https:\/\/www.journee-mondiale.com\/es\/wp-json\/wp\/v2\/types\/post"}],"author":[{"embeddable":true,"href":"https:\/\/www.journee-mondiale.com\/es\/wp-json\/wp\/v2\/users\/1"}],"replies":[{"embeddable":true,"href":"https:\/\/www.journee-mondiale.com\/es\/wp-json\/wp\/v2\/comments?post=13194"}],"version-history":[{"count":0,"href":"https:\/\/www.journee-mondiale.com\/es\/wp-json\/wp\/v2\/posts\/13194\/revisions"}],"wp:featuredmedia":[{"embeddable":true,"href":"https:\/\/www.journee-mondiale.com\/es\/wp-json\/wp\/v2\/media\/13193"}],"wp:attachment":[{"href":"https:\/\/www.journee-mondiale.com\/es\/wp-json\/wp\/v2\/media?parent=13194"}],"wp:term":[{"taxonomy":"category","embeddable":true,"href":"https:\/\/www.journee-mondiale.com\/es\/wp-json\/wp\/v2\/categories?post=13194"},{"taxonomy":"post_tag","embeddable":true,"href":"https:\/\/www.journee-mondiale.com\/es\/wp-json\/wp\/v2\/tags?post=13194"}],"curies":[{"name":"wp","href":"https:\/\/api.w.org\/{rel}","templated":true}]}}