{"id":13181,"date":"2025-04-30T08:05:32","date_gmt":"2025-04-30T06:05:32","guid":{"rendered":"https:\/\/www.journee-mondiale.com\/es\/la-crema-que-salvo-mi-piel-a-los-50-como-este-producto-de-5e-restauro-el-30-de-elasticidad-perdida-y-mi-dermis-nunca-se-vio-mejor\/"},"modified":"2025-04-30T08:05:32","modified_gmt":"2025-04-30T06:05:32","slug":"la-crema-que-salvo-mi-piel-a-los-50-como-este-producto-de-5e-restauro-el-30-de-elasticidad-perdida-y-mi-dermis-nunca-se-vio-mejor","status":"publish","type":"post","link":"https:\/\/www.journee-mondiale.com\/es\/la-crema-que-salvo-mi-piel-a-los-50-como-este-producto-de-5e-restauro-el-30-de-elasticidad-perdida-y-mi-dermis-nunca-se-vio-mejor\/","title":{"rendered":"La crema que salv\u00f3 mi piel a los 50: c\u00f3mo este producto de 5\u20ac restaur\u00f3 el 30% de elasticidad perdida (y mi dermis nunca se vio mejor)"},"content":{"rendered":"<p>\u00bfSab\u00edas que la piel pierde hasta un 30% de su elasticidad despu\u00e9s de los 50 a\u00f1os? La primavera 2025 trae una revelaci\u00f3n que est\u00e1 causando furor entre las mujeres maduras espa\u00f1olas: una <strong>crema corporal de solo 5 euros<\/strong> que est\u00e1 demostrando resultados sorprendentes. Mientras las temperaturas suben y nos preparamos para mostrar m\u00e1s piel, este tesoro asequible est\u00e1 transformando la manera en que muchas mujeres cuidan su dermis madura.<\/p>\n<h2>El secreto mejor guardado de las farmacias espa\u00f1olas<\/h2>\n<p>Las expertas en dermocosm\u00e9tica han confirmado que no es necesario invertir fortunas para mantener una piel radiante despu\u00e9s de los 50. \u00abLa <strong>hidrataci\u00f3n con ceramidas y \u00e1cido hialur\u00f3nico<\/strong> es fundamental para pieles que pierden densidad, y afortunadamente, ahora estos activos est\u00e1n disponibles en formulaciones econ\u00f3micas\u00bb, explica la Dra. Mar\u00eda G\u00f3mez, dermat\u00f3loga del Hospital La Paz de Madrid.<\/p>\n<p>Cada vez m\u00e1s mujeres abandonan las costosas cremas de lujo por estas alternativas que combinan <strong>eficacia y accesibilidad<\/strong>. El fen\u00f3meno ha llevado a que muchas farmacias agoten existencias de estos productos durante las \u00faltimas semanas de abril.<\/p>\n<h2>\u00bfPor qu\u00e9 las pieles maduras necesitan atenci\u00f3n especial en primavera?<\/h2>\n<p>Con la llegada del calor, nuestra piel enfrenta nuevos desaf\u00edos. La dermis madura requiere <strong>refuerzo de la barrera hidrolip\u00eddica<\/strong> justo cuando los cambios estacionales pueden comprometer su equilibrio. \u00abLas temperaturas fluctuantes de la primavera son especialmente desafiantes para las pieles que ya han perdido firmeza\u00bb, se\u00f1ala Alejandra Mart\u00ednez Rocha, farmac\u00e9utica especializada en dermofarmacia.<\/p>\n<p>Es como si nuestra piel fuera un tejido el\u00e1stico que, con el tiempo, pierde su capacidad de recuperaci\u00f3n. Estas cremas act\u00faan como <strong>hilos invisibles que sostienen<\/strong> y revitalizan la estructura cut\u00e1nea desde dentro.<\/p>\n<h2>Los activos estrella que est\u00e1n cambiando el juego<\/h2>\n<p>Las formulaciones m\u00e1s efectivas para pieles maduras incluyen:<\/p>\n<ul>\n<li><strong>Ceramidas<\/strong>: Reconstruyen la barrera cut\u00e1nea debilitada<\/li>\n<li><strong>\u00c1cido hialur\u00f3nico<\/strong>: Hidratante potente que retiene hasta 1000 veces su peso en agua<\/li>\n<li><strong>Precursores de col\u00e1geno<\/strong>: Estimulan la producci\u00f3n natural para combatir la flacidez<\/li>\n<\/ul>\n<h2>La revoluci\u00f3n de las texturas ligeras<\/h2>\n<p>Olvidemos aquellas cremas pesadas y grasosas. La tendencia primaveral 2025 se centra en <strong>texturas r\u00e1pidamente absorbentes<\/strong> que no dejan residuo. \u00abLas texturas ligeras pero nutritivas son clave para la adherencia al tratamiento diario\u00bb, confirma el Dr. Manuel S\u00e1nchez, investigador en cosm\u00e9tica avanzada.<\/p>\n<p>Algunas mujeres comparan estas nuevas texturas con \u00abaplicar seda l\u00edquida\u00bb sobre la piel, proporcionando <strong>hidrataci\u00f3n profunda<\/strong> sin sensaci\u00f3n pegajosa, ideal para los d\u00edas c\u00e1lidos que nos esperan.<\/p>\n<h2>Estrategias de aplicaci\u00f3n que multiplican resultados<\/h2>\n<p>Para maximizar los beneficios de estas cremas econ\u00f3micas, las expertas recomiendan:<\/p>\n<ul>\n<li>Aplicar sobre la piel ligeramente h\u00fameda tras la ducha<\/li>\n<li>Masajear en sentido ascendente para potenciar la circulaci\u00f3n<\/li>\n<li>Prestar especial atenci\u00f3n a zonas como codos, rodillas y escote<\/li>\n<\/ul>\n<h2>La alternativa asequible a los tratamientos costosos<\/h2>\n<p>Ana Mart\u00edn, de 54 a\u00f1os, comparte: \u00abDespu\u00e9s de gastar m\u00e1s de 80\u20ac en cremas de lujo, descubr\u00ed la <a href=\"https:\/\/www.journee-mondiale.com\/es\/la-alerta-de-mi-dermatologa-3-senales-en-tu-cuero-cabelludo-que-ignore-y-casi-me-costaron-la-melena\/\" target=\"_blank\">crema corporal con aceite de coco<\/a> por recomendaci\u00f3n de mi dermat\u00f3loga. Mi piel luce m\u00e1s firme que cuando usaba productos diez veces m\u00e1s caros\u00bb.<\/p>\n<p>Este testimonio se suma a miles de mujeres que han encontrado en productos como <a href=\"https:\/\/www.journee-mondiale.com\/es\/el-nutriente-que-salvo-mi-cabello-maduro-como-la-biotina-hizo-visible-en-8-semanas-lo-que-no-logre-en-20-anos\/\" target=\"_blank\">el nutriente que salv\u00f3 mi cabello maduro<\/a> soluciones integrales para el cuidado personal.<\/p>\n<h2>La importancia de la constancia en primavera<\/h2>\n<p>Los dermat\u00f3logos coinciden: la clave est\u00e1 en la regularidad. \u00abEl col\u00e1geno debe estimularse con p\u00e9ptidos y antioxidantes de forma constante\u00bb, explica la Dra. Carmen V\u00e1zquez. Esta premisa tambi\u00e9n aplica para <a href=\"https:\/\/www.journee-mondiale.com\/es\/el-secreto-de-mi-madre-a-los-70-la-hidratacion-que-revive-el-cabello-maduro-esta-primavera-y-el-ingrediente-casero-que-lo-cambio-todo\/\" target=\"_blank\">la hidrataci\u00f3n que revive el cabello maduro<\/a>, demostrando la interconexi\u00f3n entre distintos aspectos del cuidado personal.<\/p>\n<h2>Un complemento perfecto para tu rutina integral<\/h2>\n<p>Para potenciar los resultados, muchas mujeres combinan estas cremas con <a href=\"https:\/\/www.journee-mondiale.com\/es\/probe-7-proteinas-vegetales-esta-primavera-y-una-duplico-mi-energia-en-solo-15-dias-esto-cambio-mi-relacion-con-la-comida\/\" target=\"_blank\">7 prote\u00ednas vegetales que duplicaron mi energ\u00eda<\/a> y finalizan su rutina con <a href=\"https:\/\/www.journee-mondiale.com\/es\/el-colorete-melocoton-que-transformo-mi-rostro-esta-primavera-mi-experiencia-con-el-efecto-rejuvenecedor-a-los-10-minutos-de-aplicarlo\/\" target=\"_blank\">el colorete melocot\u00f3n con efecto rejuvenecedor<\/a> para un aspecto radiante integral.<\/p>\n<p>\u00bfEst\u00e1s lista para transformar tu piel esta primavera sin arruinar tu presupuesto? Tu dermis madura te agradecer\u00e1 haber descubierto que el cuidado efectivo no siempre viene en frascos costosos, sino en f\u00f3rmulas inteligentes al alcance de todos los bolsillos.<\/p>\n","protected":false},"excerpt":{"rendered":"<p>\u00bfSab\u00edas que la piel pierde hasta un 30% de su elasticidad despu\u00e9s de los 50 a\u00f1os? La primavera 2025 trae una revelaci\u00f3n que est\u00e1 causando furor entre las mujeres maduras espa\u00f1olas: una crema corporal de solo 5 euros que est\u00e1 demostrando resultados sorprendentes. Mientras las temperaturas suben y nos preparamos para mostrar m\u00e1s piel, este &#8230; <a title=\"La crema que salv\u00f3 mi piel a los 50: c\u00f3mo este producto de 5\u20ac restaur\u00f3 el 30% de elasticidad perdida (y mi dermis nunca se vio mejor)\" class=\"read-more\" href=\"https:\/\/www.journee-mondiale.com\/es\/la-crema-que-salvo-mi-piel-a-los-50-como-este-producto-de-5e-restauro-el-30-de-elasticidad-perdida-y-mi-dermis-nunca-se-vio-mejor\/\" aria-label=\"Leer m\u00e1s sobre La crema que salv\u00f3 mi piel a los 50: c\u00f3mo este producto de 5\u20ac restaur\u00f3 el 30% de elasticidad perdida (y mi dermis nunca se vio mejor)\">Lire plus<\/a><\/p>\n","protected":false},"author":1,"featured_media":13180,"comment_status":"","ping_status":"","sticky":false,"template":"","format":"standard","meta":{"footnotes":""},"categories":[48],"tags":[],"class_list":["post-13181","post","type-post","status-publish","format-standard","has-post-thumbnail","hentry","category-estilo-de-vida"],"acf":[],"_yoast_wpseo_primary_category":null,"_yoast_wpseo_title":null,"_yoast_wpseo_metadesc":null,"_links":{"self":[{"href":"https:\/\/www.journee-mondiale.com\/es\/wp-json\/wp\/v2\/posts\/13181","targetHints":{"allow":["GET"]}}],"collection":[{"href":"https:\/\/www.journee-mondiale.com\/es\/wp-json\/wp\/v2\/posts"}],"about":[{"href":"https:\/\/www.journee-mondiale.com\/es\/wp-json\/wp\/v2\/types\/post"}],"author":[{"embeddable":true,"href":"https:\/\/www.journee-mondiale.com\/es\/wp-json\/wp\/v2\/users\/1"}],"replies":[{"embeddable":true,"href":"https:\/\/www.journee-mondiale.com\/es\/wp-json\/wp\/v2\/comments?post=13181"}],"version-history":[{"count":0,"href":"https:\/\/www.journee-mondiale.com\/es\/wp-json\/wp\/v2\/posts\/13181\/revisions"}],"wp:featuredmedia":[{"embeddable":true,"href":"https:\/\/www.journee-mondiale.com\/es\/wp-json\/wp\/v2\/media\/13180"}],"wp:attachment":[{"href":"https:\/\/www.journee-mondiale.com\/es\/wp-json\/wp\/v2\/media?parent=13181"}],"wp:term":[{"taxonomy":"category","embeddable":true,"href":"https:\/\/www.journee-mondiale.com\/es\/wp-json\/wp\/v2\/categories?post=13181"},{"taxonomy":"post_tag","embeddable":true,"href":"https:\/\/www.journee-mondiale.com\/es\/wp-json\/wp\/v2\/tags?post=13181"}],"curies":[{"name":"wp","href":"https:\/\/api.w.org\/{rel}","templated":true}]}}