{"id":13137,"date":"2025-04-28T08:05:47","date_gmt":"2025-04-28T06:05:47","guid":{"rendered":"https:\/\/www.journee-mondiale.com\/es\/la-primavera-que-redescubri-el-ciclismo-147-km-sin-desniveles-que-transformaron-mi-salud-cardiovascular-y-por-que-2025-es-el-momento-perfecto\/"},"modified":"2025-04-28T08:05:47","modified_gmt":"2025-04-28T06:05:47","slug":"la-primavera-que-redescubri-el-ciclismo-147-km-sin-desniveles-que-transformaron-mi-salud-cardiovascular-y-por-que-2025-es-el-momento-perfecto","status":"publish","type":"post","link":"https:\/\/www.journee-mondiale.com\/es\/la-primavera-que-redescubri-el-ciclismo-147-km-sin-desniveles-que-transformaron-mi-salud-cardiovascular-y-por-que-2025-es-el-momento-perfecto\/","title":{"rendered":"La primavera que redescubr\u00ed el ciclismo: 147 km sin desniveles que transformaron mi salud cardiovascular (y por qu\u00e9 2025 es el momento perfecto)"},"content":{"rendered":"<p>La primavera ha llegado y con ella, la oportunidad perfecta para desempolvar esa bicicleta que llevas tiempo queriendo utilizar. El ciclismo no solo mejora la <strong>salud cardiovascular<\/strong>, sino que tambi\u00e9n ofrece una forma excepcional de conectar con la naturaleza mientras te mantienes en forma. Si est\u00e1s pensando en retomar este deporte, has elegido el momento ideal en este abril de 2025.<\/p>\n<h2>Las v\u00edas verdes: el renacimiento del ciclista principiante<\/h2>\n<p>\u00abLas v\u00edas verdes espa\u00f1olas son el mejor laboratorio para retomar el ritmo\u00bb, explica Carlos Mart\u00ednez, director de la Fundaci\u00f3n V\u00edas Verdes Espa\u00f1a. \u00abEstas rutas aprovechan antiguos trazados ferroviarios, ofreciendo superficies llanas y seguras, <strong>ideales para quienes regresan al ciclismo<\/strong> tras un largo par\u00e9ntesis\u00bb.<\/p>\n<p>El emblem\u00e1tico <strong>Canal de Castilla<\/strong> con sus 147 kil\u00f3metros sin desniveles significativos representa una opci\u00f3n inmejorable para ciclistas que buscan reincorporarse gradualmente a este deporte.<\/p>\n<h2>Rutas costeras para enamorarse del pedaleo<\/h2>\n<p>En Galicia, trayectos como el de <strong>Nigr\u00e1n-A Guarda<\/strong> (30 km) ofrecen un escenario perfecto para combinar ejercicio moderado con paisajes espectaculares. Como se\u00f1ala el portal de Turismo de Galicia: \u00abLas rutas costeras combinan ejercicio moderado con entornos visualmente estimulantes\u00bb, lo que convierte cada pedalada en un aut\u00e9ntico placer para los sentidos.<\/p>\n<blockquote><p>\u00abLos circuitos en bicicleta permiten reconectar con la naturaleza sin exigencia f\u00edsica extrema\u00bb, afirma la plataforma TourRadar, especializada en experiencias de viaje activo.<\/p><\/blockquote>\n<h2>Tecnolog\u00eda que facilita tu regreso al pedal<\/h2>\n<p>El 2025 ha tra\u00eddo consigo innovaciones que transforman la experiencia ciclista. Las <strong>bicicletas electrificadas ligeras<\/strong> democratizan el acceso a rutas que antes parec\u00edan imposibles. \u00abLa electrificaci\u00f3n democratizar\u00e1 el acceso a rutas largas sin fatiga excesiva\u00bb, seg\u00fan expertos de Eurobike, la feria de ciclismo m\u00e1s importante de Europa.<\/p>\n<p>Adem\u00e1s, los <strong>cascos inteligentes<\/strong> con detectores de colisi\u00f3n y comunicaci\u00f3n Bluetooth aumentan significativamente la seguridad, algo fundamental para <a href=\"https:\/\/www.journee-mondiale.com\/es\/plante-un-granado-en-mi-jardin-y-cambio-en-solo-3-meses-lo-que-nadie-me-advirtio-sobre-sus-raices\/\" target=\"_blank\">quienes retoman actividades f\u00edsicas<\/a> tras periodos de inactividad.<\/p>\n<h2>Consejos pr\u00e1cticos para tu regreso a la bicicleta esta primavera<\/h2>\n<ul>\n<li>Comienza con rutas cortas de 20-30 km en terreno llano<\/li>\n<li>Invierte en ropa t\u00e9cnica que transpire adecuadamente<\/li>\n<li>Hidrataci\u00f3n constante: lleva siempre agua suficiente<\/li>\n<li>Revisa tu bicicleta antes de empezar (frenos, neum\u00e1ticos, cambios)<\/li>\n<\/ul>\n<h2>La revoluci\u00f3n del ciclismo inteligente<\/h2>\n<p>La <strong>inteligencia artificial<\/strong> ha llegado al mundo del ciclismo para quedarse. \u00abLa IA revolucionar\u00e1 c\u00f3mo los ciclistas novatos planifican sus entrenamientos\u00bb, sostiene la plataforma WeLoveCycling. Aplicaciones como Zwift personalizan rutinas basadas en datos fisiol\u00f3gicos, igual que <a href=\"https:\/\/www.journee-mondiale.com\/es\/el-corte-bob-clasico-que-anade-70-mas-volumen-y-rejuvenece-5-anos-la-tecnica-primaveral-que-triunfa-en-2025\/\" target=\"_blank\">otros enfoques personalizados<\/a> que transforman nuestra apariencia y bienestar.<\/p>\n<h2>La bicicleta como veh\u00edculo de transformaci\u00f3n personal<\/h2>\n<p>El ciclismo es como un <strong>\u00e1rbol en crecimiento<\/strong>: requiere atenci\u00f3n inicial pero con el tiempo, desarrolla ra\u00edces fuertes y ofrece beneficios duraderos. Muchos ciclistas experimentan una <a href=\"https:\/\/www.journee-mondiale.com\/es\/esta-planta-florece-los-365-dias-del-ano-mi-jardin-resistio-hasta-con-13c\/\" target=\"_blank\">transformaci\u00f3n que florece durante todo el a\u00f1o<\/a>, independientemente de la temporada.<\/p>\n<p>La Dra. Elena V\u00e1zquez, especialista en medicina deportiva, compara el retorno al ciclismo con \u00abdespertar m\u00fasculos dormidos, que igual que <a href=\"https:\/\/www.journee-mondiale.com\/es\/5-cortes-que-transformaron-mi-cabello-fino-en-voluminoso-sin-perder-longitud-ni-gastar-fortunas\/\" target=\"_blank\">un buen corte puede revitalizar el cabello<\/a>, revitalizan todo tu cuerpo\u00bb.<\/p>\n<h2>\u00bfEl equipamiento marca la diferencia?<\/h2>\n<p>Si bien no necesitas lo \u00faltimo en tecnolog\u00eda para empezar, algunas prendas t\u00e9cnicas pueden mejorar considerablemente tu experiencia. Las zapatillas especializadas, al igual que <a href=\"https:\/\/www.journee-mondiale.com\/es\/compre-unas-adidas-taekwondo-y-transformaron-mi-estilo-primaveral-esto-es-lo-que-descubri-sobre-la-tendencia-y2k-de-2025\/\" target=\"_blank\">ciertos modelos deportivos vers\u00e1tiles<\/a>, pueden transformar tu rendimiento y comodidad sobre la bicicleta.<\/p>\n<p>\u00bfEst\u00e1s listo para sentir la brisa primaveral mientras redescubres el placer de pedalear? El camino hacia un estilo de vida m\u00e1s activo puede comenzar con un simple paseo en bicicleta por una v\u00eda verde cercana. Tu cuerpo te lo agradecer\u00e1, y tu mente encontrar\u00e1 ese espacio de libertad que solo el ciclismo puede ofrecer.<\/p>\n","protected":false},"excerpt":{"rendered":"<p>La primavera ha llegado y con ella, la oportunidad perfecta para desempolvar esa bicicleta que llevas tiempo queriendo utilizar. El ciclismo no solo mejora la salud cardiovascular, sino que tambi\u00e9n ofrece una forma excepcional de conectar con la naturaleza mientras te mantienes en forma. Si est\u00e1s pensando en retomar este deporte, has elegido el momento &#8230; <a title=\"La primavera que redescubr\u00ed el ciclismo: 147 km sin desniveles que transformaron mi salud cardiovascular (y por qu\u00e9 2025 es el momento perfecto)\" class=\"read-more\" href=\"https:\/\/www.journee-mondiale.com\/es\/la-primavera-que-redescubri-el-ciclismo-147-km-sin-desniveles-que-transformaron-mi-salud-cardiovascular-y-por-que-2025-es-el-momento-perfecto\/\" aria-label=\"Leer m\u00e1s sobre La primavera que redescubr\u00ed el ciclismo: 147 km sin desniveles que transformaron mi salud cardiovascular (y por qu\u00e9 2025 es el momento perfecto)\">Lire plus<\/a><\/p>\n","protected":false},"author":1,"featured_media":13136,"comment_status":"","ping_status":"","sticky":false,"template":"","format":"standard","meta":{"footnotes":""},"categories":[48],"tags":[],"class_list":["post-13137","post","type-post","status-publish","format-standard","has-post-thumbnail","hentry","category-estilo-de-vida"],"acf":[],"_yoast_wpseo_primary_category":null,"_yoast_wpseo_title":null,"_yoast_wpseo_metadesc":null,"_links":{"self":[{"href":"https:\/\/www.journee-mondiale.com\/es\/wp-json\/wp\/v2\/posts\/13137","targetHints":{"allow":["GET"]}}],"collection":[{"href":"https:\/\/www.journee-mondiale.com\/es\/wp-json\/wp\/v2\/posts"}],"about":[{"href":"https:\/\/www.journee-mondiale.com\/es\/wp-json\/wp\/v2\/types\/post"}],"author":[{"embeddable":true,"href":"https:\/\/www.journee-mondiale.com\/es\/wp-json\/wp\/v2\/users\/1"}],"replies":[{"embeddable":true,"href":"https:\/\/www.journee-mondiale.com\/es\/wp-json\/wp\/v2\/comments?post=13137"}],"version-history":[{"count":0,"href":"https:\/\/www.journee-mondiale.com\/es\/wp-json\/wp\/v2\/posts\/13137\/revisions"}],"wp:featuredmedia":[{"embeddable":true,"href":"https:\/\/www.journee-mondiale.com\/es\/wp-json\/wp\/v2\/media\/13136"}],"wp:attachment":[{"href":"https:\/\/www.journee-mondiale.com\/es\/wp-json\/wp\/v2\/media?parent=13137"}],"wp:term":[{"taxonomy":"category","embeddable":true,"href":"https:\/\/www.journee-mondiale.com\/es\/wp-json\/wp\/v2\/categories?post=13137"},{"taxonomy":"post_tag","embeddable":true,"href":"https:\/\/www.journee-mondiale.com\/es\/wp-json\/wp\/v2\/tags?post=13137"}],"curies":[{"name":"wp","href":"https:\/\/api.w.org\/{rel}","templated":true}]}}