{"id":13131,"date":"2025-04-27T19:00:12","date_gmt":"2025-04-27T17:00:12","guid":{"rendered":"https:\/\/www.journee-mondiale.com\/es\/el-pixie-con-fleco-recto-transforma-rostros-en-7-minutos-por-que-rejuvenece-pomulos-y-aporta-volumen-inmediato-incluso-para-cabello-fino\/"},"modified":"2025-04-27T19:00:12","modified_gmt":"2025-04-27T17:00:12","slug":"el-pixie-con-fleco-recto-transforma-rostros-en-7-minutos-por-que-rejuvenece-pomulos-y-aporta-volumen-inmediato-incluso-para-cabello-fino","status":"publish","type":"post","link":"https:\/\/www.journee-mondiale.com\/es\/el-pixie-con-fleco-recto-transforma-rostros-en-7-minutos-por-que-rejuvenece-pomulos-y-aporta-volumen-inmediato-incluso-para-cabello-fino\/","title":{"rendered":"El pixie con fleco recto transforma rostros en 7 minutos: por qu\u00e9 rejuvenece p\u00f3mulos y aporta volumen inmediato (incluso para cabello fino)"},"content":{"rendered":"<p>\u00bfTe atreves a dar un giro atrevido a tu imagen este primavera? El <strong>pixie con fleco corto y recto<\/strong> se ha convertido en la sensaci\u00f3n de la temporada, especialmente para quienes desean realzar sus p\u00f3mulos y rejuvenecer su rostro instant\u00e1neamente. Este corte no solo revoluciona tu look en minutos, sino que te brinda esa confianza que hace girar cabezas por donde pasas.<\/p>\n<h2>La magia del pixie con fleco recto: anatom\u00eda de un corte renovador<\/h2>\n<p>El encanto de este estilo radica en su <strong>arquitectura estrat\u00e9gica<\/strong>. Con laterales cuidadosamente delineados y una corona con volumen controlado, este corte crea un marco perfecto que eleva tus p\u00f3mulos como si fueran esculpidos por un artista. \u00abEl fleco recto act\u00faa como un spotlight natural para los rasgos m\u00e1s favorecedores del rostro\u00bb, explica Marina S\u00e1nchez, directora del sal\u00f3n Style &#038; Cut de Barcelona.<\/p>\n<p>Lo fascinante es c\u00f3mo este pixie, a diferencia de sus primos m\u00e1s conservadores, juega con las proporciones para <strong>crear una ilusi\u00f3n \u00f3ptica<\/strong> que realza los puntos fuertes de tu fisonom\u00eda. Es como aplicar un filtro embellecedor, pero permanente y sin necesidad de retoques digitales.<\/p>\n<h2>\u00bfPor qu\u00e9 este pixie est\u00e1 conquistando la primavera 2025?<\/h2>\n<p>La tendencia no ha surgido de la nada. Tras varios a\u00f1os dominados por melenas XL, estamos experimentando lo que Javier Moraleda, estilista de celebridades, denomina \u00abel <strong>renacimiento de lo esencial<\/strong>\u00ab. Este experto se\u00f1ala: \u00abHemos pasado de esconder nuestros rasgos tras cortinas de pelo a celebrarlos con cortes que los potencian deliberadamente\u00bb.<\/p>\n<p>Adem\u00e1s, coincide con un momento donde la practicidad se fusiona con el estilo. Un <a href=\"https:\/\/www.journee-mondiale.com\/es\/el-pixie-que-rejuvenecio-mi-rostro-5-minutos-cada-manana-para-lucir-10-anos-mas-joven-y-por-que-mi-cabello-fino-nunca-tuvo-tanto-volumen\/\" target=\"_blank\">pixie bien dise\u00f1ado puede rejuvenecer tu rostro<\/a> con apenas 5 minutos de dedicaci\u00f3n matutina.<\/p>\n<h2>Cuatro personalidades, un mismo corte: \u00bfc\u00f3mo adaptarlo a tu estilo?<\/h2>\n<ul>\n<li><strong>Para rostros ovalados:<\/strong> Fleco ultrarrecto a la altura de las cejas<\/li>\n<li><strong>Para rostros redondos:<\/strong> Fleco ligeramente diagonal con mayor longitud en las sienes<\/li>\n<li><strong>Para rostros cuadrados:<\/strong> Fleco texturizado con extremos suavizados<\/li>\n<li><strong>Para rostros alargados:<\/strong> Fleco grueso a media frente<\/li>\n<\/ul>\n<h2>El secreto est\u00e1 en la t\u00e9cnica: c\u00f3mo conseguir el volumen perfecto<\/h2>\n<p>La versatilidad de este corte lo convierte en el aliado perfecto para <a href=\"https:\/\/www.journee-mondiale.com\/es\/5-cortes-que-transformaron-mi-cabello-fino-en-voluminoso-sin-perder-longitud-ni-gastar-fortunas\/\" target=\"_blank\">transformar incluso el cabello m\u00e1s fino en una melena con cuerpo<\/a>. El truco est\u00e1 en las <strong>capas estrat\u00e9gicas<\/strong> que tu estilista debe crear en la corona, generando ese efecto almohada que aporta dimensi\u00f3n sin esfuerzo.<\/p>\n<blockquote><p>Mi clienta Marta lleg\u00f3 resignada a vivir con su cabello fino y plano. Sali\u00f3 con un pixie con fleco recto que le dio tanto volumen que sus amigas pensaron que llevaba extensiones. La clave: cortar cada mech\u00f3n con una ligera elevaci\u00f3n de ra\u00edz.<\/p><\/blockquote>\n<h2>Del d\u00eda a la noche: versatilidad sorprendente<\/h2>\n<p>Este pixie es como un <strong>camale\u00f3n capilar<\/strong> que se adapta a cualquier ocasi\u00f3n. Para el d\u00eda, basta con aplicar una cera ligera para una textura natural. Para eventos especiales, transforma tu look con un <a href=\"https:\/\/www.journee-mondiale.com\/es\/el-pixie-que-suavizo-mis-sienes-como-logre-un-rostro-mas-joven-en-5-minutos-cada-manana-y-por-que-todas-lo-adoptaran-esta-primavera\/\" target=\"_blank\">estilo m\u00e1s dram\u00e1tico que suaviza las sienes<\/a>, elevando la corona con un secador de ra\u00edz.<\/p>\n<h2>Productos imprescindibles para mantener tu pixie perfecto<\/h2>\n<ul>\n<li><strong>Cera de fijaci\u00f3n flexible:<\/strong> Para definir sin apelmazar<\/li>\n<li><strong>Spray texturizante:<\/strong> Ideal para dar volumen en segundos<\/li>\n<li><strong>Champ\u00fa volumizador:<\/strong> Fundamental para mantener la ligereza<\/li>\n<\/ul>\n<p>Si buscas alternativas para cambios menos dr\u00e1sticos, tambi\u00e9n puedes considerar <a href=\"https:\/\/www.journee-mondiale.com\/es\/el-corte-bob-ondulado-que-deja-rostros-5-anos-mas-jovenes-y-solo-requiere-7-minutos-cada-manana\/\" target=\"_blank\">un bob ondulado que resta a\u00f1os al rostro<\/a> o explorar <a href=\"https:\/\/www.journee-mondiale.com\/es\/la-tecnica-de-ondas-suaves-que-transforma-melenas-en-7-minutos-incluso-en-cabellos-dificiles-revelada-por-estilistas-para-primavera-2025\/\" target=\"_blank\">t\u00e9cnicas de ondas suaves<\/a> para transformar tu melena actual.<\/p>\n<p>\u00bfTe atrever\u00e1s a abrazar esta tendencia que destaca tus mejores \u00e1ngulos? El pixie con fleco corto y recto no es solo un corte de pelo; es una declaraci\u00f3n de confianza que dice: \u00abEstos son mis p\u00f3mulos, y merecen toda la atenci\u00f3n del mundo\u00bb.<\/p>\n","protected":false},"excerpt":{"rendered":"<p>\u00bfTe atreves a dar un giro atrevido a tu imagen este primavera? El pixie con fleco corto y recto se ha convertido en la sensaci\u00f3n de la temporada, especialmente para quienes desean realzar sus p\u00f3mulos y rejuvenecer su rostro instant\u00e1neamente. Este corte no solo revoluciona tu look en minutos, sino que te brinda esa confianza &#8230; <a title=\"El pixie con fleco recto transforma rostros en 7 minutos: por qu\u00e9 rejuvenece p\u00f3mulos y aporta volumen inmediato (incluso para cabello fino)\" class=\"read-more\" href=\"https:\/\/www.journee-mondiale.com\/es\/el-pixie-con-fleco-recto-transforma-rostros-en-7-minutos-por-que-rejuvenece-pomulos-y-aporta-volumen-inmediato-incluso-para-cabello-fino\/\" aria-label=\"Leer m\u00e1s sobre El pixie con fleco recto transforma rostros en 7 minutos: por qu\u00e9 rejuvenece p\u00f3mulos y aporta volumen inmediato (incluso para cabello fino)\">Lire plus<\/a><\/p>\n","protected":false},"author":1,"featured_media":13130,"comment_status":"","ping_status":"","sticky":false,"template":"","format":"standard","meta":{"footnotes":""},"categories":[48],"tags":[],"class_list":["post-13131","post","type-post","status-publish","format-standard","has-post-thumbnail","hentry","category-estilo-de-vida"],"acf":[],"_yoast_wpseo_primary_category":null,"_yoast_wpseo_title":null,"_yoast_wpseo_metadesc":null,"_links":{"self":[{"href":"https:\/\/www.journee-mondiale.com\/es\/wp-json\/wp\/v2\/posts\/13131","targetHints":{"allow":["GET"]}}],"collection":[{"href":"https:\/\/www.journee-mondiale.com\/es\/wp-json\/wp\/v2\/posts"}],"about":[{"href":"https:\/\/www.journee-mondiale.com\/es\/wp-json\/wp\/v2\/types\/post"}],"author":[{"embeddable":true,"href":"https:\/\/www.journee-mondiale.com\/es\/wp-json\/wp\/v2\/users\/1"}],"replies":[{"embeddable":true,"href":"https:\/\/www.journee-mondiale.com\/es\/wp-json\/wp\/v2\/comments?post=13131"}],"version-history":[{"count":0,"href":"https:\/\/www.journee-mondiale.com\/es\/wp-json\/wp\/v2\/posts\/13131\/revisions"}],"wp:featuredmedia":[{"embeddable":true,"href":"https:\/\/www.journee-mondiale.com\/es\/wp-json\/wp\/v2\/media\/13130"}],"wp:attachment":[{"href":"https:\/\/www.journee-mondiale.com\/es\/wp-json\/wp\/v2\/media?parent=13131"}],"wp:term":[{"taxonomy":"category","embeddable":true,"href":"https:\/\/www.journee-mondiale.com\/es\/wp-json\/wp\/v2\/categories?post=13131"},{"taxonomy":"post_tag","embeddable":true,"href":"https:\/\/www.journee-mondiale.com\/es\/wp-json\/wp\/v2\/tags?post=13131"}],"curies":[{"name":"wp","href":"https:\/\/api.w.org\/{rel}","templated":true}]}}