{"id":13121,"date":"2025-04-27T12:05:21","date_gmt":"2025-04-27T10:05:21","guid":{"rendered":"https:\/\/www.journee-mondiale.com\/es\/este-pueblo-espanol-desafia-la-gravedad-sobre-un-acantilado-de-50-metros-1-000-personas-viven-al-borde-del-abismo-basaltico-mas-espectacular-de-cataluna\/"},"modified":"2025-04-27T12:05:21","modified_gmt":"2025-04-27T10:05:21","slug":"este-pueblo-espanol-desafia-la-gravedad-sobre-un-acantilado-de-50-metros-1-000-personas-viven-al-borde-del-abismo-basaltico-mas-espectacular-de-cataluna","status":"publish","type":"post","link":"https:\/\/www.journee-mondiale.com\/es\/este-pueblo-espanol-desafia-la-gravedad-sobre-un-acantilado-de-50-metros-1-000-personas-viven-al-borde-del-abismo-basaltico-mas-espectacular-de-cataluna\/","title":{"rendered":"Este pueblo espa\u00f1ol desaf\u00eda la gravedad sobre un acantilado de 50 metros: 1.000 personas viven al borde del abismo bas\u00e1ltico m\u00e1s espectacular de Catalu\u00f1a"},"content":{"rendered":"<p>Suspendido entre cielo y piedra, Castellfollit de la Roca parece desafiar la gravedad misma. Este diminuto pueblo catal\u00e1n, habitado por apenas 1.000 almas, se alza majestuoso sobre un impresionante acantilado bas\u00e1ltico de 50 metros de altura que se extiende casi un kil\u00f3metro. Sus casas de piedra volc\u00e1nica, apretadas contra el precipicio, cuentan historias de siglos mientras dos r\u00edos \u2014el Fluvi\u00e0 y el Toronell\u2014 contin\u00faan esculpiendo pacientemente su extraordinario pedestal natural.<\/p>\n<h2>Un coloso geol\u00f3gico tallado por el tiempo<\/h2>\n<p>El espectacular risco donde se asienta Castellfollit no es producto del azar, sino el resultado de una fascinante historia geol\u00f3gica. Hace miles de a\u00f1os, erupciones volc\u00e1nicas cubrieron esta zona con capas de lava bas\u00e1ltica que, al enfriarse, formaron esta peculiar meseta. \u00abNuestro pueblo es un libro abierto de geolog\u00eda volc\u00e1nica, un testimonio p\u00e9treo de c\u00f3mo la naturaleza moldea paisajes \u00fanicos\u00bb, explica Jordi Puigdevall, gu\u00eda local y apasionado historiador.<\/p>\n<h2>Un laberinto medieval suspendido en el vac\u00edo<\/h2>\n<p>Perderse por sus estrechas callejuelas empedradas es como viajar al pasado. Cada esquina revela detalles arquitect\u00f3nicos medievales perfectamente conservados. Las casas, construidas literalmente al borde del precipicio, forman una silueta inconfundible que ha convertido a Castellfollit en uno de los pueblos m\u00e1s fotografiados de Espa\u00f1a, comparable con <a href=\"https:\/\/www.journee-mondiale.com\/es\/este-pueblo-esconde-la-mina-de-sal-mas-antigua-del-mundo-7-000-anos-de-historia-y-craneos-pintados-a-mano-que-fascinarian-a-cualquier-viajero\/\" target=\"_blank\">otros tesoros hist\u00f3ricos europeos<\/a> que esconden historias milenarias.<\/p>\n<h2>El balc\u00f3n que enamor\u00f3 a Josep Pla<\/h2>\n<p>El Mirador Josep Pla, nombrado en honor al c\u00e9lebre escritor catal\u00e1n que qued\u00f3 cautivado por estas vistas, ofrece la panor\u00e1mica m\u00e1s impresionante del pueblo. Desde este antiguo cementerio reconvertido, el valle del Fluvi\u00e0 se despliega a tus pies como un lienzo viviente. Al atardecer, cuando el sol ba\u00f1a las paredes bas\u00e1lticas con tonos dorados, el espect\u00e1culo rivaliza con <a href=\"https:\/\/www.journee-mondiale.com\/es\/esta-ciudad-de-2-000-templos-rojizos-esconde-el-amanecer-mas-mistico-de-asia-y-marco-polo-la-considero-una-de-las-vistas-mas-hermosas-del-mundo\/\" target=\"_blank\">los amaneceres m\u00e1s m\u00edsticos de Asia<\/a>.<\/p>\n<h2>La iglesia que vigila el abismo<\/h2>\n<p>La Iglesia de Sant Salvador, construida en el siglo XIII en el punto m\u00e1s elevado del acantilado, parece estar perpetuamente asomada al vac\u00edo. Su silueta, recortada contra el cielo catal\u00e1n, ha sido testigo de siglos de historia. Desde la plaza que la rodea, las vistas del valle son sencillamente espectaculares, creando un contraste dram\u00e1tico entre la obra humana y la naturaleza.<\/p>\n<h2>Un fest\u00edn para los sentidos<\/h2>\n<p>La gastronom\u00eda local, con la famosa \u00abbutifarra\u00bb catalana como protagonista, ofrece sabores aut\u00e9nticos que complementan la experiencia visual. El Museo de la Butifarra, aunque peque\u00f1o, rinde homenaje a esta tradici\u00f3n culinaria centenaria. Los s\u00e1bados, el mercado local permite degustar productos frescos directamente de los huertos que se cultivan bajo el risco.<\/p>\n<blockquote><p>\u00abVivir en Castellfollit es como habitar una nave de piedra navegando entre monta\u00f1as. Sentimos el movimiento de la tierra bajo nuestros pies, pero tambi\u00e9n su estabilidad milenaria\u00bb, comparte Mar\u00eda S\u00e1nchez, residente desde hace 40 a\u00f1os.<\/p><\/blockquote>\n<h2>El parque volc\u00e1nico que lo rodea<\/h2>\n<p>Castellfollit forma parte del Parque Natural de la Zona Volc\u00e1nica de La Garrotxa, un territorio que alberga 40 conos volc\u00e1nicos y m\u00e1s de 20 coladas de lava. Este entorno natural ofrece rutas de senderismo espectaculares, como la que conduce al Santuario del C\u00f3s o a Sant Aniol d&#8217;Aguja, con paisajes que recuerdan a <a href=\"https:\/\/www.journee-mondiale.com\/es\/estos-oasis-secretos-del-desierto-americano-esconden-3-tesoros-acuaticos-donde-las-estrellas-parecen-tocarse-con-la-mano-y-mark-stevenson-conoce-su-ubicacion-exacta\/\" target=\"_blank\">ciertos oasis secretos americanos<\/a>.<\/p>\n<h2>Donde la historia fluye como el agua<\/h2>\n<p>El puente hist\u00f3rico de 1908 que cruza el r\u00edo Fluvi\u00e0 ha sido reconstruido m\u00faltiples veces tras guerras e inundaciones. Es un s\u00edmbolo de resistencia que, al igual que <a href=\"https:\/\/www.journee-mondiale.com\/es\/esta-cascada-africana-genera-un-rugido-que-se-escucha-a-40-km-y-podras-nadar-al-borde-de-sus-108-metros-de-caida-vertical\/\" target=\"_blank\">otras maravillas acu\u00e1ticas del mundo<\/a>, ilustra la eterna lucha entre el hombre y las fuerzas naturales.<\/p>\n<h2>Un pueblo que cambia con la luz<\/h2>\n<p>Quiz\u00e1s el mayor encanto de Castellfollit sea c\u00f3mo su apariencia se transforma radicalmente seg\u00fan la hora del d\u00eda. Al amanecer, emergiendo entre la bruma matinal; bajo el sol del mediod\u00eda, revelando cada detalle de su arquitectura volc\u00e1nica; o al atardecer, cuando sus paredes bas\u00e1lticas se ti\u00f1en de rojo, el pueblo ofrece un espect\u00e1culo cambiante que recuerda a <a href=\"https:\/\/www.journee-mondiale.com\/es\/esta-playa-cambia-de-forma-todos-los-dias-el-fenomeno-natural-de-500-metros-que-desconcierta-a-geologos-en-el-adriatico\/\" target=\"_blank\">ciertos fen\u00f3menos naturales que transforman paisajes enteros<\/a> diariamente.<\/p>\n<blockquote><p>\u00abFotograf\u00edo Castellfollit desde hace 15 a\u00f1os y nunca he capturado dos im\u00e1genes iguales. La luz, las estaciones, incluso la humedad del aire cambian completamente su rostro\u00bb, revela Antoni Bassols, fot\u00f3grafo local.<\/p><\/blockquote>\n<p>Castellfollit de la Roca no es un destino m\u00e1s en el mapa tur\u00edstico espa\u00f1ol; es una experiencia sensorial completa, un milagro geol\u00f3gico y arquitect\u00f3nico donde la historia humana y la natural se entrelazan de forma extraordinaria. Aqu\u00ed, mientras contemplas el horizonte desde su acantilado bas\u00e1ltico, entiendes perfectamente que algunos lugares no solo se visitan, sino que se sienten en lo m\u00e1s profundo del alma.<\/p>\n","protected":false},"excerpt":{"rendered":"<p>Suspendido entre cielo y piedra, Castellfollit de la Roca parece desafiar la gravedad misma. Este diminuto pueblo catal\u00e1n, habitado por apenas 1.000 almas, se alza majestuoso sobre un impresionante acantilado bas\u00e1ltico de 50 metros de altura que se extiende casi un kil\u00f3metro. Sus casas de piedra volc\u00e1nica, apretadas contra el precipicio, cuentan historias de siglos &#8230; <a title=\"Este pueblo espa\u00f1ol desaf\u00eda la gravedad sobre un acantilado de 50 metros: 1.000 personas viven al borde del abismo bas\u00e1ltico m\u00e1s espectacular de Catalu\u00f1a\" class=\"read-more\" href=\"https:\/\/www.journee-mondiale.com\/es\/este-pueblo-espanol-desafia-la-gravedad-sobre-un-acantilado-de-50-metros-1-000-personas-viven-al-borde-del-abismo-basaltico-mas-espectacular-de-cataluna\/\" aria-label=\"Leer m\u00e1s sobre Este pueblo espa\u00f1ol desaf\u00eda la gravedad sobre un acantilado de 50 metros: 1.000 personas viven al borde del abismo bas\u00e1ltico m\u00e1s espectacular de Catalu\u00f1a\">Lire plus<\/a><\/p>\n","protected":false},"author":1,"featured_media":13120,"comment_status":"","ping_status":"","sticky":false,"template":"","format":"standard","meta":{"footnotes":""},"categories":[49],"tags":[],"class_list":["post-13121","post","type-post","status-publish","format-standard","has-post-thumbnail","hentry","category-viajes"],"acf":[],"_yoast_wpseo_primary_category":null,"_yoast_wpseo_title":null,"_yoast_wpseo_metadesc":null,"_links":{"self":[{"href":"https:\/\/www.journee-mondiale.com\/es\/wp-json\/wp\/v2\/posts\/13121","targetHints":{"allow":["GET"]}}],"collection":[{"href":"https:\/\/www.journee-mondiale.com\/es\/wp-json\/wp\/v2\/posts"}],"about":[{"href":"https:\/\/www.journee-mondiale.com\/es\/wp-json\/wp\/v2\/types\/post"}],"author":[{"embeddable":true,"href":"https:\/\/www.journee-mondiale.com\/es\/wp-json\/wp\/v2\/users\/1"}],"replies":[{"embeddable":true,"href":"https:\/\/www.journee-mondiale.com\/es\/wp-json\/wp\/v2\/comments?post=13121"}],"version-history":[{"count":0,"href":"https:\/\/www.journee-mondiale.com\/es\/wp-json\/wp\/v2\/posts\/13121\/revisions"}],"wp:featuredmedia":[{"embeddable":true,"href":"https:\/\/www.journee-mondiale.com\/es\/wp-json\/wp\/v2\/media\/13120"}],"wp:attachment":[{"href":"https:\/\/www.journee-mondiale.com\/es\/wp-json\/wp\/v2\/media?parent=13121"}],"wp:term":[{"taxonomy":"category","embeddable":true,"href":"https:\/\/www.journee-mondiale.com\/es\/wp-json\/wp\/v2\/categories?post=13121"},{"taxonomy":"post_tag","embeddable":true,"href":"https:\/\/www.journee-mondiale.com\/es\/wp-json\/wp\/v2\/tags?post=13121"}],"curies":[{"name":"wp","href":"https:\/\/api.w.org\/{rel}","templated":true}]}}