{"id":13101,"date":"2025-04-26T13:05:23","date_gmt":"2025-04-26T11:05:23","guid":{"rendered":"https:\/\/www.journee-mondiale.com\/es\/plante-un-granado-en-mi-jardin-y-cambio-en-solo-3-meses-lo-que-nadie-me-advirtio-sobre-sus-raices\/"},"modified":"2025-04-26T13:05:23","modified_gmt":"2025-04-26T11:05:23","slug":"plante-un-granado-en-mi-jardin-y-cambio-en-solo-3-meses-lo-que-nadie-me-advirtio-sobre-sus-raices","status":"publish","type":"post","link":"https:\/\/www.journee-mondiale.com\/es\/plante-un-granado-en-mi-jardin-y-cambio-en-solo-3-meses-lo-que-nadie-me-advirtio-sobre-sus-raices\/","title":{"rendered":"Plant\u00e9 un granado en mi jard\u00edn y cambi\u00f3 en solo 3 meses (lo que nadie me advirti\u00f3 sobre sus ra\u00edces)"},"content":{"rendered":"<p>Con la primavera en pleno apogeo, es el momento perfecto para integrar nuevos \u00e1rboles frutales en tu jard\u00edn. Si buscas una especie que combine belleza, funcionalidad y facilidad de cuidado, el <strong>granado<\/strong> podr\u00eda ser la respuesta ideal. Este extraordinario \u00e1rbol no solo crecer\u00e1 r\u00e1pidamente para brindarte sombra refrescante durante los c\u00e1lidos meses de verano que se aproximan, sino que tambi\u00e9n transformar\u00e1 tu espacio exterior con su exquisita presencia.<\/p>\n<h2>Un \u00e1rbol con crecimiento r\u00e1pido pero ra\u00edces respetuosas<\/h2>\n<p>El granado es valorado por su capacidad de establecerse r\u00e1pidamente sin causar problemas estructurales. <strong>Francisco Mart\u00ednez<\/strong>, ingeniero agr\u00f3nomo especializado en especies mediterr\u00e1neas, explica: \u00abEl sistema radicular del granado es notablemente no invasivo, lo que lo convierte en una opci\u00f3n segura incluso para <a href=\"https:\/\/www.journee-mondiale.com\/es\/el-granado-es-un-arbol-frutal-ideal-para-jardines-pequenos-o-con-suelos-sensibles\/\" target=\"_blank\">jardines peque\u00f1os o con suelos sensibles<\/a>\u00ab.<\/p>\n<h2>Belleza ornamental durante todo el a\u00f1o<\/h2>\n<p>La est\u00e9tica de este \u00e1rbol evoluciona maravillosamente con las estaciones. Ahora en primavera, sus distintivas <strong>flores rojas y anaranjadas<\/strong> comenzar\u00e1n a decorar el jard\u00edn, aportando un toque ex\u00f3tico. \u00abEs como tener una obra de arte viviente que cambia con cada estaci\u00f3n\u00bb, comenta la paisajista <strong>Elena V\u00e1zquez<\/strong>. Sus ramas, ligeramente arqueadas, forman una copa densa ideal para <a href=\"https:\/\/www.journee-mondiale.com\/es\/el-granado-como-arbol-ornamental-y-productor-de-fruta\/\" target=\"_blank\">combinar funcionalidad y belleza decorativa<\/a>.<\/p>\n<h2>Un tesoro nutricional que crece en tu jard\u00edn<\/h2>\n<p>La granada no es solo hermosa sino incre\u00edblemente saludable. Rica en <strong>antioxidantes potentes<\/strong>, vitamina C y compuestos antiinflamatorios, este fruto se ha asociado con numerosos beneficios para la salud cardiovascular y digestiva. Como un peque\u00f1o botiqu\u00edn natural que crece en tu jard\u00edn, <a href=\"https:\/\/www.journee-mondiale.com\/es\/beneficios-nutricionales-del-granado-vitaminas-y-antioxidantes\/\" target=\"_blank\">sus propiedades nutricionales<\/a> son un incentivo adicional para cultivar este magn\u00edfico \u00e1rbol.<\/p>\n<h2>Adaptabilidad y resistencia excepcionales<\/h2>\n<p>Si buscas una especie resistente que no requiera atenci\u00f3n constante, el granado es tu aliado. \u00abHe visto granados prosperar en condiciones donde otros \u00e1rboles simplemente se marchitan\u00bb, se\u00f1ala el bot\u00e1nico <strong>Manuel S\u00e1nchez<\/strong>. Esta extraordinaria capacidad de adaptaci\u00f3n lo convierte en un compa\u00f1ero ideal para jardines donde buscas:<\/p>\n<ul>\n<li>Bajo consumo de agua una vez establecido<\/li>\n<li>Resistencia a periodos de sequ\u00eda<\/li>\n<li>M\u00ednima susceptibilidad a plagas comunes<\/li>\n<\/ul>\n<h2>Sostenibilidad en cada hoja y fruto<\/h2>\n<p>En una era donde la sostenibilidad es crucial, el granado representa una elecci\u00f3n consciente. Sus <strong>necesidades h\u00eddricas moderadas<\/strong> y su capacidad para prosperar sin tratamientos qu\u00edmicos intensivos lo posicionan como una opci\u00f3n respetuosa con el medio ambiente. Integrar este \u00e1rbol en tu jard\u00edn representa un paso hacia <a href=\"https:\/\/www.journee-mondiale.com\/es\/cuidados-basicos-del-granado-en-jardin-sostenible\/\" target=\"_blank\">pr\u00e1cticas de jardiner\u00eda m\u00e1s sostenibles<\/a>.<\/p>\n<h2>Consejos para plantar tu granado esta primavera<\/h2>\n<p>Aprovecha estos meses primaverales para plantar tu granado. Los expertos recomiendan:<\/p>\n<ul>\n<li>Ubicarlo en un lugar soleado para optimizar su floraci\u00f3n<\/li>\n<li>Preparar un suelo bien drenado con materia org\u00e1nica<\/li>\n<li>Mantener riegos regulares durante su primer a\u00f1o<\/li>\n<\/ul>\n<h2>\u00bfBuscando complementos perfectos para tu granado?<\/h2>\n<p>Para crear un jard\u00edn verdaderamente encantador durante todo el a\u00f1o, considera complementar tu granado con <a href=\"https:\/\/www.journee-mondiale.com\/es\/esta-planta-florece-los-365-dias-del-ano-mi-jardin-resistio-hasta-con-13c\/\" target=\"_blank\">plantas de floraci\u00f3n continua<\/a> que mantendr\u00e1n el color y la vida en tu espacio exterior, incluso cuando el granado entre en reposo invernal.<\/p>\n<p>Mientras planificas las mejoras de tu jard\u00edn esta primavera, considera el granado como esa combinaci\u00f3n perfecta de utilidad y belleza. Una inversi\u00f3n que crecer\u00e1 contigo, aportando sombra, color, frutos nutritivos y ese toque mediterr\u00e1neo que transforma cualquier espacio exterior en un oasis personal de bienestar.<\/p>\n","protected":false},"excerpt":{"rendered":"<p>Con la primavera en pleno apogeo, es el momento perfecto para integrar nuevos \u00e1rboles frutales en tu jard\u00edn. Si buscas una especie que combine belleza, funcionalidad y facilidad de cuidado, el granado podr\u00eda ser la respuesta ideal. Este extraordinario \u00e1rbol no solo crecer\u00e1 r\u00e1pidamente para brindarte sombra refrescante durante los c\u00e1lidos meses de verano que &#8230; <a title=\"Plant\u00e9 un granado en mi jard\u00edn y cambi\u00f3 en solo 3 meses (lo que nadie me advirti\u00f3 sobre sus ra\u00edces)\" class=\"read-more\" href=\"https:\/\/www.journee-mondiale.com\/es\/plante-un-granado-en-mi-jardin-y-cambio-en-solo-3-meses-lo-que-nadie-me-advirtio-sobre-sus-raices\/\" aria-label=\"Leer m\u00e1s sobre Plant\u00e9 un granado en mi jard\u00edn y cambi\u00f3 en solo 3 meses (lo que nadie me advirti\u00f3 sobre sus ra\u00edces)\">Lire plus<\/a><\/p>\n","protected":false},"author":1,"featured_media":13100,"comment_status":"","ping_status":"","sticky":false,"template":"","format":"standard","meta":{"footnotes":""},"categories":[48],"tags":[],"class_list":["post-13101","post","type-post","status-publish","format-standard","has-post-thumbnail","hentry","category-estilo-de-vida"],"acf":[],"_yoast_wpseo_primary_category":null,"_yoast_wpseo_title":null,"_yoast_wpseo_metadesc":null,"_links":{"self":[{"href":"https:\/\/www.journee-mondiale.com\/es\/wp-json\/wp\/v2\/posts\/13101","targetHints":{"allow":["GET"]}}],"collection":[{"href":"https:\/\/www.journee-mondiale.com\/es\/wp-json\/wp\/v2\/posts"}],"about":[{"href":"https:\/\/www.journee-mondiale.com\/es\/wp-json\/wp\/v2\/types\/post"}],"author":[{"embeddable":true,"href":"https:\/\/www.journee-mondiale.com\/es\/wp-json\/wp\/v2\/users\/1"}],"replies":[{"embeddable":true,"href":"https:\/\/www.journee-mondiale.com\/es\/wp-json\/wp\/v2\/comments?post=13101"}],"version-history":[{"count":0,"href":"https:\/\/www.journee-mondiale.com\/es\/wp-json\/wp\/v2\/posts\/13101\/revisions"}],"wp:featuredmedia":[{"embeddable":true,"href":"https:\/\/www.journee-mondiale.com\/es\/wp-json\/wp\/v2\/media\/13100"}],"wp:attachment":[{"href":"https:\/\/www.journee-mondiale.com\/es\/wp-json\/wp\/v2\/media?parent=13101"}],"wp:term":[{"taxonomy":"category","embeddable":true,"href":"https:\/\/www.journee-mondiale.com\/es\/wp-json\/wp\/v2\/categories?post=13101"},{"taxonomy":"post_tag","embeddable":true,"href":"https:\/\/www.journee-mondiale.com\/es\/wp-json\/wp\/v2\/tags?post=13101"}],"curies":[{"name":"wp","href":"https:\/\/api.w.org\/{rel}","templated":true}]}}