{"id":13095,"date":"2025-04-26T09:05:28","date_gmt":"2025-04-26T07:05:28","guid":{"rendered":"https:\/\/www.journee-mondiale.com\/es\/el-gloss-que-salvo-mi-cabello-a-los-65-asi-recupere-el-brillo-perdido-en-solo-3-semanas\/"},"modified":"2025-04-26T09:05:28","modified_gmt":"2025-04-26T07:05:28","slug":"el-gloss-que-salvo-mi-cabello-a-los-65-asi-recupere-el-brillo-perdido-en-solo-3-semanas","status":"publish","type":"post","link":"https:\/\/www.journee-mondiale.com\/es\/el-gloss-que-salvo-mi-cabello-a-los-65-asi-recupere-el-brillo-perdido-en-solo-3-semanas\/","title":{"rendered":"El gloss que salv\u00f3 mi cabello a los 65: as\u00ed recuper\u00e9 el brillo perdido en solo 3 semanas"},"content":{"rendered":"<p>\u00bfAlguna vez te has mirado al espejo y has sentido que tu cabello ha perdido ese brillo y vitalidad que tanto te caracterizaba? Esta primavera 2025 es el momento perfecto para descubrir c\u00f3mo los tratamientos gloss pueden transformar tu melena apagada en un espect\u00e1culo de <strong>luminosidad renovada<\/strong>, devolviendo la vida a ese cabello que los a\u00f1os han ido apagando poco a poco.<\/p>\n<h2>El efecto rejuvenecedor que esconde un simple tratamiento gloss<\/h2>\n<p>Los tratamientos gloss son como un elixir de juventud para tu cabello. No s\u00f3lo aportan brillo instant\u00e1neo, sino que sellan la cut\u00edcula y mejoran notablemente la textura. \u00abLos gloss capilares son la manera m\u00e1s sencilla de revitalizar un cabello maduro sin comprometerse a un cambio radical de color\u00bb, explica <strong>Mar\u00eda Fern\u00e1ndez<\/strong>, directora de formaci\u00f3n en Kerastase Espa\u00f1a.<\/p>\n<p>Mi clienta de 65 a\u00f1os lleg\u00f3 resignada a mi consulta tras varios intentos fallidos con productos de supermercado. Tras aplicarle un tratamiento gloss profesional, sus ojos se iluminaron al ver ese <strong>efecto espejo<\/strong> que cre\u00eda perdido para siempre. Como ella, muchas mujeres redescubren la juventud de su cabello con estos tratamientos, especialmente en primavera cuando buscamos renovaci\u00f3n.<\/p>\n<h2>La ciencia detr\u00e1s del cabello que pierde su luz<\/h2>\n<p>Cuando el cabello envejece o se da\u00f1a, la <strong>cut\u00edcula capilar<\/strong> se levanta y pierde su capacidad para reflejar la luz. \u00abEl cabello maduro produce menos aceites naturales y la melanina disminuye, lo que resulta en un aspecto m\u00e1s opaco y quebradizo\u00bb, se\u00f1ala el <strong>Dr. Carlos Vidal<\/strong>, tric\u00f3logo del Centro Dermatol\u00f3gico Madrid. Por eso los tratamientos gloss, al sellar la cut\u00edcula y depositar pigmentos temporales, crean ese efecto inmediato de cabello sano.<\/p>\n<p>El cabello maduro es como un espejo antiguo que ha perdido su azogue\u2014conserva su forma pero ha perdido la capacidad de reflejar la luz con intensidad. Los tratamientos gloss funcionan como ese nuevo revestimiento que devuelve al espejo su capacidad de brillar.<\/p>\n<h2>Tratamientos gloss caseros vs. profesionales: \u00bfqu\u00e9 elegir esta primavera?<\/h2>\n<p>Los <strong>gloss profesionales<\/strong> ofrecen resultados m\u00e1s intensos y duraderos, pero los caseros pueden ser una soluci\u00f3n pr\u00e1ctica. Considera estas opciones seg\u00fan tu cabello:<\/p>\n<ul>\n<li>Para cabellos <strong>muy porosos<\/strong>: Tratamientos con col\u00e1geno marino<\/li>\n<li>Para cabellos <strong>te\u00f1idos<\/strong>: Gloss con pigmentos correctores<\/li>\n<li>Para cabellos <strong>finos<\/strong>: F\u00f3rmulas ligeras con queratina<\/li>\n<\/ul>\n<h2>El ritual semanal que cambi\u00f3 mi cabello maduro<\/h2>\n<p>La hidrataci\u00f3n es fundamental para mantener los efectos del gloss. <a href=\"https:\/\/www.journee-mondiale.com\/es\/el-secreto-de-mi-madre-a-los-70-la-hidratacion-que-revive-el-cabello-maduro-esta-primavera-y-el-ingrediente-casero-que-lo-cambio-todo\/\" target=\"_blank\">El secreto de mi madre a los 70: la hidrataci\u00f3n que revive el cabello maduro esta primavera<\/a> puede complementar perfectamente los beneficios de un tratamiento gloss.<\/p>\n<h2>Nutrici\u00f3n interna: el complemento invisible para un brillo visible<\/h2>\n<p>El brillo externo es el reflejo de un cabello nutrido desde dentro. <a href=\"https:\/\/www.journee-mondiale.com\/es\/el-nutriente-que-salvo-mi-cabello-maduro-como-la-biotina-hizo-visible-en-8-semanas-lo-que-no-logre-en-20-anos\/\" target=\"_blank\">El nutriente que salv\u00f3 mi cabello maduro: c\u00f3mo la biotina hizo visible en 8 semanas lo que no logr\u00e9 en 20 a\u00f1os<\/a> muestra la importancia de abordar el problema desde m\u00faltiples \u00e1ngulos.<\/p>\n<h2>T\u00e9cnicas de estilismo que potencian el efecto gloss<\/h2>\n<p>Un <strong>corte estrat\u00e9gico<\/strong> maximiza los beneficios de cualquier tratamiento gloss. <a href=\"https:\/\/www.journee-mondiale.com\/es\/el-peinado-parisino-que-rejuvenece-5-anos-en-solo-7-minutos-el-secreto-esta-en-el-acabado\/\" target=\"_blank\">El peinado parisino que rejuvenece 5 a\u00f1os en solo 7 minutos<\/a> combina perfectamente con este tipo de tratamientos, creando un efecto rejuvenecedor inmediato.<\/p>\n<p>Para cabellos especialmente finos, <a href=\"https:\/\/www.journee-mondiale.com\/es\/la-tecnica-japonesa-que-salvo-mi-cabello-fino-a-los-70-solo-requiere-5-minutos-cada-manana\/\" target=\"_blank\">la t\u00e9cnica japonesa que salv\u00f3 mi cabello fino a los 70<\/a> puede ser el complemento perfecto despu\u00e9s de un tratamiento gloss.<\/p>\n<h2>Las se\u00f1ales que indican que tu cabello necesita urgentemente un gloss<\/h2>\n<p>No todos los cabellos apagados necesitan el mismo tratamiento. <a href=\"https:\/\/www.journee-mondiale.com\/es\/la-alerta-de-mi-dermatologa-3-senales-en-tu-cuero-cabelludo-que-ignore-y-casi-me-costaron-la-melena\/\" target=\"_blank\">La alerta de mi dermat\u00f3loga: 3 se\u00f1ales en tu cuero cabelludo que ignor\u00e9<\/a> puede ayudarte a identificar si hay problemas subyacentes que debes atender antes.<\/p>\n<ul>\n<li>Opacidad persistente incluso tras lavado<\/li>\n<li>Textura \u00e1spera al tacto<\/li>\n<li>Puntas visiblemente resecas y abiertas<\/li>\n<\/ul>\n<p>\u00bfEst\u00e1s lista para redescubrir la luminosidad que cre\u00edas perdida? Los tratamientos gloss son como la luz que reaviva un diamante empa\u00f1ado\u2014no crean algo nuevo, simplemente revelan la belleza natural que hab\u00eda quedado oculta bajo capas de da\u00f1o y el paso del tiempo. Esta primavera, dale a tu cabello maduro la oportunidad de brillar como merece.<\/p>\n","protected":false},"excerpt":{"rendered":"<p>\u00bfAlguna vez te has mirado al espejo y has sentido que tu cabello ha perdido ese brillo y vitalidad que tanto te caracterizaba? Esta primavera 2025 es el momento perfecto para descubrir c\u00f3mo los tratamientos gloss pueden transformar tu melena apagada en un espect\u00e1culo de luminosidad renovada, devolviendo la vida a ese cabello que los &#8230; <a title=\"El gloss que salv\u00f3 mi cabello a los 65: as\u00ed recuper\u00e9 el brillo perdido en solo 3 semanas\" class=\"read-more\" href=\"https:\/\/www.journee-mondiale.com\/es\/el-gloss-que-salvo-mi-cabello-a-los-65-asi-recupere-el-brillo-perdido-en-solo-3-semanas\/\" aria-label=\"Leer m\u00e1s sobre El gloss que salv\u00f3 mi cabello a los 65: as\u00ed recuper\u00e9 el brillo perdido en solo 3 semanas\">Lire plus<\/a><\/p>\n","protected":false},"author":1,"featured_media":13094,"comment_status":"","ping_status":"","sticky":false,"template":"","format":"standard","meta":{"footnotes":""},"categories":[48],"tags":[],"class_list":["post-13095","post","type-post","status-publish","format-standard","has-post-thumbnail","hentry","category-estilo-de-vida"],"acf":[],"_yoast_wpseo_primary_category":null,"_yoast_wpseo_title":null,"_yoast_wpseo_metadesc":null,"_links":{"self":[{"href":"https:\/\/www.journee-mondiale.com\/es\/wp-json\/wp\/v2\/posts\/13095","targetHints":{"allow":["GET"]}}],"collection":[{"href":"https:\/\/www.journee-mondiale.com\/es\/wp-json\/wp\/v2\/posts"}],"about":[{"href":"https:\/\/www.journee-mondiale.com\/es\/wp-json\/wp\/v2\/types\/post"}],"author":[{"embeddable":true,"href":"https:\/\/www.journee-mondiale.com\/es\/wp-json\/wp\/v2\/users\/1"}],"replies":[{"embeddable":true,"href":"https:\/\/www.journee-mondiale.com\/es\/wp-json\/wp\/v2\/comments?post=13095"}],"version-history":[{"count":0,"href":"https:\/\/www.journee-mondiale.com\/es\/wp-json\/wp\/v2\/posts\/13095\/revisions"}],"wp:featuredmedia":[{"embeddable":true,"href":"https:\/\/www.journee-mondiale.com\/es\/wp-json\/wp\/v2\/media\/13094"}],"wp:attachment":[{"href":"https:\/\/www.journee-mondiale.com\/es\/wp-json\/wp\/v2\/media?parent=13095"}],"wp:term":[{"taxonomy":"category","embeddable":true,"href":"https:\/\/www.journee-mondiale.com\/es\/wp-json\/wp\/v2\/categories?post=13095"},{"taxonomy":"post_tag","embeddable":true,"href":"https:\/\/www.journee-mondiale.com\/es\/wp-json\/wp\/v2\/tags?post=13095"}],"curies":[{"name":"wp","href":"https:\/\/api.w.org\/{rel}","templated":true}]}}