{"id":13065,"date":"2025-04-24T19:00:01","date_gmt":"2025-04-24T17:00:01","guid":{"rendered":"https:\/\/www.journee-mondiale.com\/es\/el-corte-bob-ondulado-que-deja-rostros-5-anos-mas-jovenes-y-solo-requiere-7-minutos-cada-manana\/"},"modified":"2025-04-24T19:00:01","modified_gmt":"2025-04-24T17:00:01","slug":"el-corte-bob-ondulado-que-deja-rostros-5-anos-mas-jovenes-y-solo-requiere-7-minutos-cada-manana","status":"publish","type":"post","link":"https:\/\/www.journee-mondiale.com\/es\/el-corte-bob-ondulado-que-deja-rostros-5-anos-mas-jovenes-y-solo-requiere-7-minutos-cada-manana\/","title":{"rendered":"El corte bob ondulado que deja rostros 5 a\u00f1os m\u00e1s j\u00f3venes (y solo requiere 7 minutos cada ma\u00f1ana)"},"content":{"rendered":"<p>El <strong>corte bob ondulado<\/strong> se corona como la sensaci\u00f3n capilar de la primavera 2025, reinventando este cl\u00e1sico con un toque de frescura y dinamismo que est\u00e1 conquistando todas las miradas. Este estilo vers\u00e1til no solo rejuvenece instant\u00e1neamente, sino que ofrece ese equilibrio perfecto entre sofisticaci\u00f3n y naturalidad que todas buscamos cuando llega el buen tiempo.<\/p>\n<h2>\u00bfPor qu\u00e9 el bob ondulado est\u00e1 arrasando esta primavera?<\/h2>\n<p>El bob ondulado representa la perfecta fusi\u00f3n entre elegancia y despreocupaci\u00f3n, como un jard\u00edn en flor que combina estructura y movimiento natural. <strong>La temporada primaveral<\/strong> pide a gritos un cambio refrescante, y este corte responde maravillosamente a esa necesidad de renovaci\u00f3n.<\/p>\n<p>\u00abEl bob ondulado es el verdadero camale\u00f3n de los peinados en 2025. Se adapta a cualquier tipo de rostro, aportando luminosidad y quitando a\u00f1os de encima\u00bb, afirma <strong>Mar\u00eda G\u00f3mez<\/strong>, directora creativa de Tendencias Capilares Madrid. Personalmente, he visto c\u00f3mo clientas con rostros completamente diferentes se transforman positivamente con este corte.<\/p>\n<h2>Tres variantes del bob ondulado que est\u00e1n triunfando<\/h2>\n<p>Entre la diversidad de opciones, destacan estas irresistibles variantes:<\/p>\n<ul>\n<li><strong>Bob mariposa ondulado<\/strong>: Con capas que enmarcan el rostro como alas, aportando volumen estrat\u00e9gico.<\/li>\n<li><strong>Bob a\u00f1os 50 relajado<\/strong>: Una versi\u00f3n modernizada del cl\u00e1sico, menos estructurada y m\u00e1s vers\u00e1til.<\/li>\n<li><strong>Shullet ondulado<\/strong>: La fusi\u00f3n perfecta entre el shag y el mullet en versi\u00f3n bob, ideal para personalidades atrevidas.<\/li>\n<\/ul>\n<h2>La magia transformadora del bob ondulado en diferentes tipos de rostro<\/h2>\n<p>El poder de este corte radica en su capacidad transformadora. <a href=\"https:\/\/www.journee-mondiale.com\/es\/el-bob-angular-que-probe-por-3-semanas-logro-que-mi-rostro-redondo-pareciera-5-anos-mas-joven-y-redujo-mi-tiempo-de-peinado-a-la-mitad\/\" target=\"_blank\">El bob ondulado que prob\u00e9 por 3 semanas logr\u00f3 que mi rostro pareciera 5 a\u00f1os m\u00e1s joven<\/a>, una experiencia que comparten muchas mujeres que dan el paso.<\/p>\n<p>Para rostros redondos, <strong>un bob angulado con ondas<\/strong> estiliza visualmente. En rostros alargados, las ondas amplias crean la ilusi\u00f3n de mayor anchura. Como me confes\u00f3 una clienta: \u00abNunca pens\u00e9 que un simple cambio de peinado podr\u00eda redefinir tanto mis facciones\u00bb.<\/p>\n<h2>Secretos de estilistas para mantener tu bob ondulado perfecto<\/h2>\n<p><strong>Carlos Vidal<\/strong>, estilista del reconocido Sal\u00f3n Eclipse, revela: \u00abEl secreto para un bob ondulado impecable est\u00e1 en la preparaci\u00f3n. Aplica siempre un <strong>protector t\u00e9rmico<\/strong> antes de crear las ondas y finaliza con un toque de cera texturizante separando las puntas con los dedos\u00bb.<\/p>\n<p>Mantener el bob ondulado es como cuidar un jard\u00edn preciso: requiere las herramientas adecuadas y atenci\u00f3n regular pero recompensa con resultados espectaculares. <a href=\"https:\/\/www.journee-mondiale.com\/es\/la-tecnica-de-ondas-suaves-que-transforma-melenas-en-7-minutos-incluso-en-cabellos-dificiles-revelada-por-estilistas-para-primavera-2025\/\" target=\"_blank\">La t\u00e9cnica de ondas suaves que transforma melenas en 7 minutos<\/a> es perfecta para mantener este look actualizado diariamente.<\/p>\n<h2>El bob ondulado y la revoluci\u00f3n del color<\/h2>\n<p>Este estilo alcanza su m\u00e1ximo potencial cuando se combina con t\u00e9cnicas de color estrat\u00e9gicas. <a href=\"https:\/\/www.journee-mondiale.com\/es\/la-tecnica-de-balayage-para-pelo-corto-que-anade-40-mas-volumen-descubre-como-cambia-tu-imagen-en-solo-5-minutos-cada-manana\/\" target=\"_blank\">La t\u00e9cnica de balayage para pelo corto que a\u00f1ade 40% m\u00e1s volumen<\/a> complementa perfectamente el bob ondulado, creando dimensi\u00f3n y profundidad.<\/p>\n<p>El <strong>balayage sutilmente aplicado<\/strong> funciona como la iluminaci\u00f3n perfecta para una obra de arte, resaltando cada onda y movimiento del cabello.<\/p>\n<h2>Productos esenciales para potenciar tu bob ondulado<\/h2>\n<p>Para mantener tu bob ondulado en perfectas condiciones, estos productos son tus aliados:<\/p>\n<ul>\n<li><strong>Espuma de definici\u00f3n ligera<\/strong>: Para crear base sin apelmazar.<\/li>\n<li><strong>Spray salino<\/strong>: Aporta textura natural y favorece las ondas.<\/li>\n<li><strong>S\u00e9rum anti-encrespamiento<\/strong>: Imprescindible para mantener las ondas definidas.<\/li>\n<\/ul>\n<h2>Lo que nadie te cuenta sobre el mantenimiento capilar<\/h2>\n<p>Aunque el <a href=\"https:\/\/www.journee-mondiale.com\/es\/el-bob-degradado-que-lleve-3-semanas-y-logro-que-mi-rostro-pareciera-4-anos-mas-joven-sin-apenas-mantenimiento\/\" target=\"_blank\">bob degradado que llev\u00e9 3 semanas y logr\u00f3 que mi rostro pareciera 4 a\u00f1os m\u00e1s joven<\/a> requiere menos cuidados, es crucial prestar atenci\u00f3n a la salud del cuero cabelludo. <a href=\"https:\/\/www.journee-mondiale.com\/es\/la-alerta-de-mi-dermatologa-3-senales-en-tu-cuero-cabelludo-que-ignore-y-casi-me-costaron-la-melena\/\" target=\"_blank\">La alerta de mi dermat\u00f3loga: 3 se\u00f1ales en tu cuero cabelludo que ignor\u00e9<\/a> me ense\u00f1\u00f3 que la base de un buen peinado es un cuero cabelludo saludable.<\/p>\n<p>\u00bfLista para transformar tu imagen esta primavera con el bob ondulado? Recuerda que un buen corte es como una inversi\u00f3n que se revaloriza cada ma\u00f1ana frente al espejo, aport\u00e1ndote confianza y estilo sin esfuerzo adicional. Tus ondas no solo enmarcar\u00e1n tu rostro, sino que contar\u00e1n al mundo tu historia personal de estilo y seguridad.<\/p>\n","protected":false},"excerpt":{"rendered":"<p>El corte bob ondulado se corona como la sensaci\u00f3n capilar de la primavera 2025, reinventando este cl\u00e1sico con un toque de frescura y dinamismo que est\u00e1 conquistando todas las miradas. Este estilo vers\u00e1til no solo rejuvenece instant\u00e1neamente, sino que ofrece ese equilibrio perfecto entre sofisticaci\u00f3n y naturalidad que todas buscamos cuando llega el buen tiempo. &#8230; <a title=\"El corte bob ondulado que deja rostros 5 a\u00f1os m\u00e1s j\u00f3venes (y solo requiere 7 minutos cada ma\u00f1ana)\" class=\"read-more\" href=\"https:\/\/www.journee-mondiale.com\/es\/el-corte-bob-ondulado-que-deja-rostros-5-anos-mas-jovenes-y-solo-requiere-7-minutos-cada-manana\/\" aria-label=\"Leer m\u00e1s sobre El corte bob ondulado que deja rostros 5 a\u00f1os m\u00e1s j\u00f3venes (y solo requiere 7 minutos cada ma\u00f1ana)\">Lire plus<\/a><\/p>\n","protected":false},"author":1,"featured_media":13064,"comment_status":"","ping_status":"","sticky":false,"template":"","format":"standard","meta":{"footnotes":""},"categories":[48],"tags":[],"class_list":["post-13065","post","type-post","status-publish","format-standard","has-post-thumbnail","hentry","category-estilo-de-vida"],"acf":[],"_yoast_wpseo_primary_category":null,"_yoast_wpseo_title":null,"_yoast_wpseo_metadesc":null,"_links":{"self":[{"href":"https:\/\/www.journee-mondiale.com\/es\/wp-json\/wp\/v2\/posts\/13065","targetHints":{"allow":["GET"]}}],"collection":[{"href":"https:\/\/www.journee-mondiale.com\/es\/wp-json\/wp\/v2\/posts"}],"about":[{"href":"https:\/\/www.journee-mondiale.com\/es\/wp-json\/wp\/v2\/types\/post"}],"author":[{"embeddable":true,"href":"https:\/\/www.journee-mondiale.com\/es\/wp-json\/wp\/v2\/users\/1"}],"replies":[{"embeddable":true,"href":"https:\/\/www.journee-mondiale.com\/es\/wp-json\/wp\/v2\/comments?post=13065"}],"version-history":[{"count":0,"href":"https:\/\/www.journee-mondiale.com\/es\/wp-json\/wp\/v2\/posts\/13065\/revisions"}],"wp:featuredmedia":[{"embeddable":true,"href":"https:\/\/www.journee-mondiale.com\/es\/wp-json\/wp\/v2\/media\/13064"}],"wp:attachment":[{"href":"https:\/\/www.journee-mondiale.com\/es\/wp-json\/wp\/v2\/media?parent=13065"}],"wp:term":[{"taxonomy":"category","embeddable":true,"href":"https:\/\/www.journee-mondiale.com\/es\/wp-json\/wp\/v2\/categories?post=13065"},{"taxonomy":"post_tag","embeddable":true,"href":"https:\/\/www.journee-mondiale.com\/es\/wp-json\/wp\/v2\/tags?post=13065"}],"curies":[{"name":"wp","href":"https:\/\/api.w.org\/{rel}","templated":true}]}}