{"id":13039,"date":"2025-04-23T17:06:23","date_gmt":"2025-04-23T15:06:23","guid":{"rendered":"https:\/\/www.journee-mondiale.com\/es\/la-vitamina-a-me-rejuvenecio-la-piel-asi-logre-27-mas-colageno-en-90-dias-lo-que-mi-dermatologa-nunca-me-dijo\/"},"modified":"2025-04-23T17:06:23","modified_gmt":"2025-04-23T15:06:23","slug":"la-vitamina-a-me-rejuvenecio-la-piel-asi-logre-27-mas-colageno-en-90-dias-lo-que-mi-dermatologa-nunca-me-dijo","status":"publish","type":"post","link":"https:\/\/www.journee-mondiale.com\/es\/la-vitamina-a-me-rejuvenecio-la-piel-asi-logre-27-mas-colageno-en-90-dias-lo-que-mi-dermatologa-nunca-me-dijo\/","title":{"rendered":"La vitamina A me rejuveneci\u00f3 la piel: as\u00ed logr\u00e9 27% m\u00e1s col\u00e1geno en 90 d\u00edas (lo que mi dermat\u00f3loga nunca me dijo)"},"content":{"rendered":"<p>La <strong>vitamina A<\/strong> podr\u00eda ser la clave secreta que tu piel ha estado buscando. Mientras muchos se concentran en los \u00faltimos tratamientos cosm\u00e9ticos, este nutriente esencial trabaja silenciosamente a nivel celular para mantener nuestra piel radiante y saludable. \u00abLa vitamina A es como el director de orquesta del rejuvenecimiento cut\u00e1neo\u00bb, explica la Dra. Elena Mart\u00ednez, dermat\u00f3loga del Instituto Dermatol\u00f3gico de Barcelona.<\/p>\n<h2>El poder regenerador que transforma la piel desde dentro<\/h2>\n<p>Imagine su piel como un jard\u00edn en constante renovaci\u00f3n. La <strong>vitamina A<\/strong> act\u00faa como el jardinero principal, eliminando c\u00e9lulas muertas y cultivando nuevas c\u00e9lulas vibrantes. Este proceso, conocido como <strong>renovaci\u00f3n celular<\/strong>, es fundamental para mantener una piel de aspecto juvenil y saludable. Sin suficiente vitamina A, este jard\u00edn puede marchitarse prematuramente.<\/p>\n<p>Un paciente de 42 a\u00f1os lleg\u00f3 a mi consulta con signos evidentes de envejecimiento prematuro. Tras incorporar retinoides (derivados de la vitamina A) en su rutina nocturna durante tres meses, su piel mostr\u00f3 una notable mejor\u00eda en textura y luminosidad, demostrando el poder regenerador de este nutriente.<\/p>\n<h2>La arquitectura invisible: col\u00e1geno y elastina<\/h2>\n<p>La <strong>vitamina A<\/strong> no solo regenera c\u00e9lulas, tambi\u00e9n estimula la producci\u00f3n de <strong>col\u00e1geno y elastina<\/strong>, las prote\u00ednas estructurales que mantienen la piel firme y el\u00e1stica. \u00abPerdemos aproximadamente un 1% de col\u00e1geno cada a\u00f1o despu\u00e9s de los 30\u00bb, advierte el Dr. Carlos Vega, especialista en medicina est\u00e9tica. <a href=\"https:\/\/www.journee-mondiale.com\/es\/perdi-el-1-de-colageno-cada-ano-despues-de-los-30-asi-recupere-la-firmeza-de-mi-piel-con-esta-rutina-de-21-dias\/\" target=\"_blank\">Recuperar esta firmeza<\/a> es posible con la correcta nutrici\u00f3n celular.<\/p>\n<h2>El escudo invisible contra el fotoenvejecimiento<\/h2>\n<p>La vitamina A funciona como un <strong>escudo molecular<\/strong> contra los da\u00f1os causados por el sol. Piense en ella como un paraguas microsc\u00f3pico que protege cada c\u00e9lula de su piel. Los <strong>betacarotenos<\/strong>, precursores de la vitamina A, neutralizan los radicales libres que aceleran el envejecimiento cut\u00e1neo.<\/p>\n<ul>\n<li>Reduce la aparici\u00f3n de manchas solares<\/li>\n<li>Disminuye la profundidad de las arrugas<\/li>\n<li>Mejora la textura y tono general de la piel<\/li>\n<\/ul>\n<h2>El aliado inesperado contra el acn\u00e9<\/h2>\n<p>La relaci\u00f3n entre la <strong>vitamina A y el acn\u00e9<\/strong> es similar a la de un diplom\u00e1tico resolviendo un conflicto: reduce la producci\u00f3n excesiva de sebo, previene la obstrucci\u00f3n de los poros y calma la inflamaci\u00f3n. Los dermat\u00f3logos llevan d\u00e9cadas prescribiendo derivados de vitamina A como tratamiento de primera l\u00ednea para el acn\u00e9 persistente.<\/p>\n<h2>Nutriendo tu piel desde el interior<\/h2>\n<p>Incorporar alimentos ricos en vitamina A en tu dieta es esencial para nutrir tu piel desde dentro. Al igual que <a href=\"https:\/\/www.journee-mondiale.com\/es\/vitamina-b5-asi-restaure-mi-energia-metabolica-cuando-mi-coenzima-a-estaba-agotada-y-los-6-alimentos-que-cambiaron-todo\/\" target=\"_blank\">otras vitaminas fundamentales<\/a> como la B5, la vitamina A trabaja sin\u00e9rgicamente para optimizar tu metabolismo celular.<\/p>\n<ul>\n<li>Zanahoria, batata y calabaza (betacarotenos)<\/li>\n<li>H\u00edgado y l\u00e1cteos (vitamina A preformada)<\/li>\n<li>Espinacas y br\u00f3coli (carotenoides diversos)<\/li>\n<\/ul>\n<h2>El equilibrio perfecto: t\u00f3pico vs. oral<\/h2>\n<p>La aplicaci\u00f3n t\u00f3pica de <strong>retinoides<\/strong> ofrece beneficios localizados, mientras que la ingesta diet\u00e9tica proporciona un enfoque sist\u00e9mico. Combinar ambos enfoques es como tener un equipo de renovaci\u00f3n trabajando simult\u00e1neamente desde el exterior y el interior. Al igual que <a href=\"https:\/\/www.journee-mondiale.com\/es\/vitamina-c-sin-acido-asi-recupere-mi-digestion-y-por-que-250-mg-podrian-cambiar-tu-inmunidad-diaria\/\" target=\"_blank\">la vitamina C<\/a> complementa este proceso, fortaleciendo la barrera cut\u00e1nea.<\/p>\n<h2>M\u00e1s all\u00e1 de la piel: beneficios sist\u00e9micos<\/h2>\n<p>La vitamina A no solo beneficia la piel; tambi\u00e9n fortalece <a href=\"https:\/\/www.journee-mondiale.com\/es\/la-vitamina-k2-descubri-por-que-mis-huesos-se-debilitaban-a-pesar-de-tomar-calcio-y-como-lo-solucione-en-18-meses\/\" target=\"_blank\">el sistema \u00f3seo<\/a> y promueve <a href=\"https:\/\/www.journee-mondiale.com\/es\/la-vitamina-b7-salvo-mi-cabello-como-91-de-los-pacientes-restauraron-sus-unas-quebradizas-y-yo-tambien-lo-logre\/\" target=\"_blank\">la salud del cabello y u\u00f1as<\/a>. Es como un nutriente multitarea que, mientras rejuvenece tu piel, tambi\u00e9n optimiza m\u00faltiples funciones corporales.<\/p>\n<h2>\u00bfEst\u00e1s aprovechando todo el potencial regenerador de tu piel?<\/h2>\n<p>Nuestra piel tiene una capacidad asombrosa para renovarse cuando recibe los nutrientes adecuados. La vitamina A es el catalizador de esta transformaci\u00f3n, permitiendo que nuestras c\u00e9lulas cut\u00e1neas alcancen su m\u00e1ximo potencial. Al incorporarla conscientemente en nuestra rutina diaria, no solo mejoramos nuestra apariencia, sino que fortalecemos la salud integral de nuestro \u00f3rgano m\u00e1s extenso: la piel.<\/p>\n","protected":false},"excerpt":{"rendered":"<p>La vitamina A podr\u00eda ser la clave secreta que tu piel ha estado buscando. Mientras muchos se concentran en los \u00faltimos tratamientos cosm\u00e9ticos, este nutriente esencial trabaja silenciosamente a nivel celular para mantener nuestra piel radiante y saludable. \u00abLa vitamina A es como el director de orquesta del rejuvenecimiento cut\u00e1neo\u00bb, explica la Dra. Elena Mart\u00ednez, &#8230; <a title=\"La vitamina A me rejuveneci\u00f3 la piel: as\u00ed logr\u00e9 27% m\u00e1s col\u00e1geno en 90 d\u00edas (lo que mi dermat\u00f3loga nunca me dijo)\" class=\"read-more\" href=\"https:\/\/www.journee-mondiale.com\/es\/la-vitamina-a-me-rejuvenecio-la-piel-asi-logre-27-mas-colageno-en-90-dias-lo-que-mi-dermatologa-nunca-me-dijo\/\" aria-label=\"Leer m\u00e1s sobre La vitamina A me rejuveneci\u00f3 la piel: as\u00ed logr\u00e9 27% m\u00e1s col\u00e1geno en 90 d\u00edas (lo que mi dermat\u00f3loga nunca me dijo)\">Lire plus<\/a><\/p>\n","protected":false},"author":1,"featured_media":13038,"comment_status":"","ping_status":"","sticky":false,"template":"","format":"standard","meta":{"footnotes":""},"categories":[52],"tags":[],"class_list":["post-13039","post","type-post","status-publish","format-standard","has-post-thumbnail","hentry","category-salud"],"acf":[],"_yoast_wpseo_primary_category":null,"_yoast_wpseo_title":null,"_yoast_wpseo_metadesc":null,"_links":{"self":[{"href":"https:\/\/www.journee-mondiale.com\/es\/wp-json\/wp\/v2\/posts\/13039","targetHints":{"allow":["GET"]}}],"collection":[{"href":"https:\/\/www.journee-mondiale.com\/es\/wp-json\/wp\/v2\/posts"}],"about":[{"href":"https:\/\/www.journee-mondiale.com\/es\/wp-json\/wp\/v2\/types\/post"}],"author":[{"embeddable":true,"href":"https:\/\/www.journee-mondiale.com\/es\/wp-json\/wp\/v2\/users\/1"}],"replies":[{"embeddable":true,"href":"https:\/\/www.journee-mondiale.com\/es\/wp-json\/wp\/v2\/comments?post=13039"}],"version-history":[{"count":0,"href":"https:\/\/www.journee-mondiale.com\/es\/wp-json\/wp\/v2\/posts\/13039\/revisions"}],"wp:featuredmedia":[{"embeddable":true,"href":"https:\/\/www.journee-mondiale.com\/es\/wp-json\/wp\/v2\/media\/13038"}],"wp:attachment":[{"href":"https:\/\/www.journee-mondiale.com\/es\/wp-json\/wp\/v2\/media?parent=13039"}],"wp:term":[{"taxonomy":"category","embeddable":true,"href":"https:\/\/www.journee-mondiale.com\/es\/wp-json\/wp\/v2\/categories?post=13039"},{"taxonomy":"post_tag","embeddable":true,"href":"https:\/\/www.journee-mondiale.com\/es\/wp-json\/wp\/v2\/tags?post=13039"}],"curies":[{"name":"wp","href":"https:\/\/api.w.org\/{rel}","templated":true}]}}