{"id":13021,"date":"2025-04-22T19:00:23","date_gmt":"2025-04-22T17:00:23","guid":{"rendered":"https:\/\/www.journee-mondiale.com\/es\/la-tecnica-de-ondas-suaves-que-transforma-melenas-en-7-minutos-incluso-en-cabellos-dificiles-revelada-por-estilistas-para-primavera-2025\/"},"modified":"2025-04-22T19:00:23","modified_gmt":"2025-04-22T17:00:23","slug":"la-tecnica-de-ondas-suaves-que-transforma-melenas-en-7-minutos-incluso-en-cabellos-dificiles-revelada-por-estilistas-para-primavera-2025","status":"publish","type":"post","link":"https:\/\/www.journee-mondiale.com\/es\/la-tecnica-de-ondas-suaves-que-transforma-melenas-en-7-minutos-incluso-en-cabellos-dificiles-revelada-por-estilistas-para-primavera-2025\/","title":{"rendered":"La t\u00e9cnica de ondas suaves que transforma melenas en 7 minutos&#8230; incluso en cabellos dif\u00edciles (revelada por estilistas para primavera 2025)"},"content":{"rendered":"<p>La <strong>primavera 2025<\/strong> llega con una propuesta refrescante que nunca pasa de moda: la melena con ondas suaves. Este estilo, que evoca d\u00edas de brisa veraniega y atardeceres dorados, se consolida como el peinado estrella de la temporada por su versatilidad y ese aire despreocupado que todas buscamos cuando los d\u00edas se alargan y las temperaturas suben.<\/p>\n<h2>\u00bfPor qu\u00e9 las ondas suaves est\u00e1n conquistando Instagram esta primavera?<\/h2>\n<p>Las <strong>ondas relajadas<\/strong> han dejado de ser exclusivas del verano para convertirse en el aliado perfecto durante esta primavera. \u00abEste estilo aporta ligereza visual al rostro, algo fundamental cuando buscamos despojarnos del peso visual del invierno\u00bb, explica Marina Fern\u00e1ndez, directora creativa de Tousled Studio en Barcelona. Las celebridades han adoptado este look como uniforme de temporada, demostrando que funciona tanto para eventos formales como para el d\u00eda a d\u00eda.<\/p>\n<h2>La magia detr\u00e1s de unas ondas que parecen naturales<\/h2>\n<p>El secreto de unas ondas perfectamente <strong>imperfectas<\/strong> reside en la t\u00e9cnica adecuada. Como el agua que fluye alrededor de las rocas formando patrones suaves pero \u00fanicos, cada onda debe parecer espont\u00e1nea. \u00abEl error m\u00e1s com\u00fan es buscar la perfecci\u00f3n. Las ondas m\u00e1s favorecedoras son aquellas que parecen accidentales, como si el viento las hubiera moldeado\u00bb, cuenta David S\u00e1nchez, estilista de las pasarelas de Madrid Fashion Week.<\/p>\n<h2>Tres t\u00e9cnicas infalibles seg\u00fan tu tipo de cabello<\/h2>\n<p>Adaptar el m\u00e9todo a tu textura capilar es fundamental para lograr <strong>resultados duraderos<\/strong>. Para cabellos finos, puedes encontrar inspiraci\u00f3n en <a href=\"https:\/\/www.journee-mondiale.com\/es\/la-tecnica-japonesa-que-salvo-mi-cabello-fino-a-los-70-solo-requiere-5-minutos-cada-manana\/\" target=\"_blank\">esta t\u00e9cnica japonesa<\/a> que aporta volumen y textura sin da\u00f1ar.<\/p>\n<ul>\n<li>Para melenas gruesas: Trenzas anchas durante la noche<\/li>\n<li>Para cabellos finos: Retorcidos con fijador ligero<\/li>\n<li>Para texturas mixtas: T\u00e9cnica del twist alternado<\/li>\n<\/ul>\n<h2>El corte ideal para potenciar tus ondas primaverales<\/h2>\n<p>Un buen corte es la base para unas ondas que <strong>fluyan naturalmente<\/strong>. Las capas estrat\u00e9gicas funcionan como las hojas de un libro, dando dimensi\u00f3n y movimiento. Si buscas un estilo que enmarque perfectamente tu rostro, <a href=\"https:\/\/www.journee-mondiale.com\/es\/el-corte-a-la-clavicula-que-suavizo-mi-mandibula-ancha-en-2025-y-solo-necesita-5-minutos-cada-manana\/\" target=\"_blank\">el corte a la clav\u00edcula<\/a> es ideal para mostrar tus ondas sin esfuerzo.<\/p>\n<h2>La an\u00e9cdota del peinado accidental que revolucion\u00f3 las pasarelas<\/h2>\n<p>Durante el backstage de un importante desfile en Mil\u00e1n, una modelo lleg\u00f3 con el <strong>cabello h\u00famedo<\/strong> tras ser sorprendida por la lluvia. Sin tiempo para un secado completo, los estilistas simplemente aplicaron un poco de espuma, retorcieron mechones al azar y dejaron secar al aire. El resultado fue tan espectacular que el dise\u00f1ador pidi\u00f3 replicar ese look \u00abdescuidado pero sofisticado\u00bb en todas las modelos.<\/p>\n<h2>Productos esenciales para ondas duraderas sin efecto cart\u00f3n<\/h2>\n<p>Los <strong>texturizadores en spray<\/strong> son para tus ondas lo que un buen fondo para tu maquillaje: invisibles pero fundamentales. Evita productos con alcohol que resecan y opta por f\u00f3rmulas hidratantes.<\/p>\n<ul>\n<li>Spray de sal marina con protecci\u00f3n UV<\/li>\n<li>Mousse voluminizadora ultraligera<\/li>\n<li>Aceite de acabado antihumedad<\/li>\n<\/ul>\n<h2>La alternativa para quienes buscan menos permanencia<\/h2>\n<p>Si prefieres cambios temporales, considera opciones como <a href=\"https:\/\/www.journee-mondiale.com\/es\/el-bob-degradado-que-lleve-3-semanas-y-logro-que-mi-rostro-pareciera-4-anos-mas-joven-sin-apenas-mantenimiento\/\" target=\"_blank\">un bob degradado<\/a> que permite tanto llevar ondas como un look liso. Para estilos m\u00e1s atrevidos, <a href=\"https:\/\/www.journee-mondiale.com\/es\/el-mullet-sutil-que-cambio-mi-apariencia-a-los-62-como-estilizar-el-corte-de-primavera-2025-en-solo-5-minutos-cada-manana\/\" target=\"_blank\">el mullet sutil<\/a> tambi\u00e9n abraza maravillosamente las texturas onduladas.<\/p>\n<h2>La historia de amor entre las ondas suaves y el pixie<\/h2>\n<p>Sorprendentemente, hasta los cortes m\u00e1s cortos pueden lucir ondas suaves. <a href=\"https:\/\/www.journee-mondiale.com\/es\/el-pixie-que-suavizo-mis-sienes-como-logre-un-rostro-mas-joven-en-5-minutos-cada-manana-y-por-que-todas-lo-adoptaran-esta-primavera\/\" target=\"_blank\">El pixie ondulado<\/a> est\u00e1 ganando adeptas esta primavera 2025 por su capacidad para suavizar facciones mientras mantiene un aire contempor\u00e1neo. Es como una buena conversaci\u00f3n: breve pero memorable.<\/p>\n<p>\u00bfEst\u00e1s lista para abrazar la naturalidad renovada que proponen las ondas suaves esta primavera? Recuerda que este estilo no busca la perfecci\u00f3n sino la expresi\u00f3n de tu personalidad a trav\u00e9s de un cabello que parece mecido por la brisa. Despu\u00e9s de todo, la belleza m\u00e1s aut\u00e9ntica siempre tiene ese toque de espontaneidad que ning\u00fan peinado excesivamente elaborado puede imitar.<\/p>\n","protected":false},"excerpt":{"rendered":"<p>La primavera 2025 llega con una propuesta refrescante que nunca pasa de moda: la melena con ondas suaves. Este estilo, que evoca d\u00edas de brisa veraniega y atardeceres dorados, se consolida como el peinado estrella de la temporada por su versatilidad y ese aire despreocupado que todas buscamos cuando los d\u00edas se alargan y las &#8230; <a title=\"La t\u00e9cnica de ondas suaves que transforma melenas en 7 minutos&#8230; incluso en cabellos dif\u00edciles (revelada por estilistas para primavera 2025)\" class=\"read-more\" href=\"https:\/\/www.journee-mondiale.com\/es\/la-tecnica-de-ondas-suaves-que-transforma-melenas-en-7-minutos-incluso-en-cabellos-dificiles-revelada-por-estilistas-para-primavera-2025\/\" aria-label=\"Leer m\u00e1s sobre La t\u00e9cnica de ondas suaves que transforma melenas en 7 minutos&#8230; incluso en cabellos dif\u00edciles (revelada por estilistas para primavera 2025)\">Lire plus<\/a><\/p>\n","protected":false},"author":1,"featured_media":13020,"comment_status":"","ping_status":"","sticky":false,"template":"","format":"standard","meta":{"footnotes":""},"categories":[48],"tags":[],"class_list":["post-13021","post","type-post","status-publish","format-standard","has-post-thumbnail","hentry","category-estilo-de-vida"],"acf":[],"_yoast_wpseo_primary_category":null,"_yoast_wpseo_title":null,"_yoast_wpseo_metadesc":null,"_links":{"self":[{"href":"https:\/\/www.journee-mondiale.com\/es\/wp-json\/wp\/v2\/posts\/13021","targetHints":{"allow":["GET"]}}],"collection":[{"href":"https:\/\/www.journee-mondiale.com\/es\/wp-json\/wp\/v2\/posts"}],"about":[{"href":"https:\/\/www.journee-mondiale.com\/es\/wp-json\/wp\/v2\/types\/post"}],"author":[{"embeddable":true,"href":"https:\/\/www.journee-mondiale.com\/es\/wp-json\/wp\/v2\/users\/1"}],"replies":[{"embeddable":true,"href":"https:\/\/www.journee-mondiale.com\/es\/wp-json\/wp\/v2\/comments?post=13021"}],"version-history":[{"count":0,"href":"https:\/\/www.journee-mondiale.com\/es\/wp-json\/wp\/v2\/posts\/13021\/revisions"}],"wp:featuredmedia":[{"embeddable":true,"href":"https:\/\/www.journee-mondiale.com\/es\/wp-json\/wp\/v2\/media\/13020"}],"wp:attachment":[{"href":"https:\/\/www.journee-mondiale.com\/es\/wp-json\/wp\/v2\/media?parent=13021"}],"wp:term":[{"taxonomy":"category","embeddable":true,"href":"https:\/\/www.journee-mondiale.com\/es\/wp-json\/wp\/v2\/categories?post=13021"},{"taxonomy":"post_tag","embeddable":true,"href":"https:\/\/www.journee-mondiale.com\/es\/wp-json\/wp\/v2\/tags?post=13021"}],"curies":[{"name":"wp","href":"https:\/\/api.w.org\/{rel}","templated":true}]}}