{"id":13009,"date":"2025-04-22T09:05:09","date_gmt":"2025-04-22T07:05:09","guid":{"rendered":"https:\/\/www.journee-mondiale.com\/es\/el-pixie-que-suavizo-mis-sienes-como-logre-un-rostro-mas-joven-en-5-minutos-cada-manana-y-por-que-todas-lo-adoptaran-esta-primavera\/"},"modified":"2025-04-22T09:05:09","modified_gmt":"2025-04-22T07:05:09","slug":"el-pixie-que-suavizo-mis-sienes-como-logre-un-rostro-mas-joven-en-5-minutos-cada-manana-y-por-que-todas-lo-adoptaran-esta-primavera","status":"publish","type":"post","link":"https:\/\/www.journee-mondiale.com\/es\/el-pixie-que-suavizo-mis-sienes-como-logre-un-rostro-mas-joven-en-5-minutos-cada-manana-y-por-que-todas-lo-adoptaran-esta-primavera\/","title":{"rendered":"El pixie que suaviz\u00f3 mis sienes: c\u00f3mo logr\u00e9 un rostro m\u00e1s joven en 5 minutos cada ma\u00f1ana (y por qu\u00e9 todas lo adoptar\u00e1n esta primavera)"},"content":{"rendered":"<p>Cuando buscamos renovar nuestra imagen sin comprometernos demasiado, el <strong>pixie cut con flequillo alargado<\/strong> surge como la respuesta perfecta para esta primavera 2025. Este estilo no solo aporta frescura y personalidad, sino que tiene el poder de transformar completamente el rostro suavizando estrat\u00e9gicamente la zona de las sienes, ese \u00e1rea que muchas mujeres desean disimular.<\/p>\n<h2>\u00bfPor qu\u00e9 el pixie con flequillo alargado est\u00e1 revolucionando esta primavera?<\/h2>\n<p>La llegada del buen tiempo invita a deshacernos de peso y adoptar estilos m\u00e1s c\u00f3modos. <strong>La versatilidad<\/strong> de este corte lo ha convertido en el favorito entre mujeres de diferentes edades que buscan un cambio significativo sin sacrificar feminidad. Seg\u00fan Mar\u00eda Hern\u00e1ndez, directora creativa de la cadena de salones Beautiful Hair: \u00abEl pixie con flequillo largo es el equilibrio perfecto entre atrevimiento y sofisticaci\u00f3n, permitiendo suavizar las sienes que suelen ser una zona problem\u00e1tica para muchas clientas\u00bb.<\/p>\n<h2>La magia del flequillo alargado para redefinir el rostro<\/h2>\n<p>El flequillo largo act\u00faa como una cortina suave que enmarca el rostro, <strong>difuminando visualmente<\/strong> la zona de las sienes. Este efecto es similar al de un buen iluminador en maquillaje: no elimina, sino que redirige la atenci\u00f3n hacia donde queremos. Aproximadamente el 70% de las mujeres que adoptan este estilo experimentan un efecto rejuvenecedor inmediato, como muestra <a href=\"https:\/\/www.journee-mondiale.com\/es\/el-corte-pixie-que-anade-70-mas-volumen-3-versiones-que-rejuvenecen-11-anos-y-solo-necesitan-5-minutos-cada-manana\/\" target=\"_blank\">el estudio sobre pixies que a\u00f1aden volumen y quitan a\u00f1os<\/a>.<\/p>\n<h2>T\u00e9cnicas profesionales para conseguir el efecto perfecto<\/h2>\n<p>Conseguir la suavidad ideal en la zona de las sienes requiere <strong>t\u00e9cnicas especializadas<\/strong> de corte. Carlos Vidal, estilista del Sal\u00f3n Elite Madrid, explica: \u00abUtilizamos un m\u00e9todo de texturizado puntual que elimina peso espec\u00edficamente en la zona de las sienes, combinado con un flequillo en diagonal que cae naturalmente sobre el rostro\u00bb.<\/p>\n<p>Esta t\u00e9cnica ha revolucionado <a href=\"https:\/\/www.journee-mondiale.com\/es\/el-pixie-con-flequillo-diagonal-que-rejuvenece-11-anos-en-403-mujeres-espanolas-y-solo-necesita-5-minutos-cada-manana\/\" target=\"_blank\">el mundo del pixie con flequillo diagonal<\/a>, logrando efectos rejuvenecedores sorprendentes en cientos de mujeres espa\u00f1olas.<\/p>\n<h2>Beneficios que van m\u00e1s all\u00e1 de la est\u00e9tica<\/h2>\n<p>Este estilo ofrece ventajas pr\u00e1cticas para nuestro ritmo de vida actual:<\/p>\n<ul>\n<li><strong>Mantenimiento m\u00ednimo<\/strong>: Apenas 5 minutos diarios para peinarlo<\/li>\n<li>Adaptabilidad a diferentes texturas capilares<\/li>\n<li>Efecto lifting natural sin procedimientos invasivos<\/li>\n<\/ul>\n<h2>El secreto detr\u00e1s de las capas estrat\u00e9gicas<\/h2>\n<p>El verdadero arte de este corte reside en <strong>las capas invisibles<\/strong> que crean una transici\u00f3n suave desde la coronilla hasta las sienes. Como revela <a href=\"https:\/\/www.journee-mondiale.com\/es\/la-tecnica-de-capas-secretas-en-pixie-que-anade-70-mas-volumen-sin-efecto-esponjado\/\" target=\"_blank\">la t\u00e9cnica de capas secretas en pixie<\/a>, estas permiten a\u00f1adir volumen controlado sin generar el temido efecto esponjado.<\/p>\n<h2>\u00bfPara qui\u00e9n es ideal este corte?<\/h2>\n<p>Aunque este estilo favorece a muchas formas de rostro, resulta especialmente beneficioso para:<\/p>\n<ul>\n<li>Rostros cuadrados que buscan <strong>suavizar \u00e1ngulos<\/strong> marcados<\/li>\n<li>Mujeres con sienes prominentes<\/li>\n<li>Quienes desean enmarcar la mirada y destacar los p\u00f3mulos<\/li>\n<\/ul>\n<h2>Del despacho a la fiesta: la versatilidad como clave<\/h2>\n<p>No es casualidad que <a href=\"https:\/\/www.journee-mondiale.com\/es\/el-pixie-minusculo-el-corte-de-15-cm-que-78-de-ejecutivas-espanolas-eligen-para-proyectar-mas-autoridad-y-solo-necesita-5-minutos-cada-manana\/\" target=\"_blank\">muchas ejecutivas espa\u00f1olas elijan variaciones del pixie<\/a> para su d\u00eda a d\u00eda. \u00abEs como tener un vestido negro en tu armario: funciona en cualquier ocasi\u00f3n con m\u00ednimas variaciones\u00bb, comenta Luc\u00eda Torres, asesora de imagen para empresarias.<\/p>\n<h2>La revoluci\u00f3n primaveral del pixie en Espa\u00f1a<\/h2>\n<p>Esta temporada est\u00e1 marcando un antes y un despu\u00e9s, con <a href=\"https:\/\/www.journee-mondiale.com\/es\/el-corte-pixie-moderno-transforma-1-403-rostros-espanoles-esta-primavera-la-tecnica-japonesa-que-necesita-solo-5-minutos-cada-manana\/\" target=\"_blank\">m\u00e1s de 1.400 mujeres espa\u00f1olas transformando su imagen<\/a> gracias a este corte revolucionario. <strong>Esta primavera 2025<\/strong> el pixie con flequillo alargado no solo marca tendencia, sino que redefine los est\u00e1ndares de belleza priorizando la armon\u00eda facial.<\/p>\n<h2>\u00bfTe atreves a redescubrir tu rostro esta primavera?<\/h2>\n<p>El pixie con flequillo alargado es como un lienzo en blanco que espera que descubras todas sus posibilidades. No solo transformar\u00e1 tu imagen, sino que te har\u00e1 redescubrir \u00e1ngulos de tu rostro que quiz\u00e1s no sab\u00edas que pod\u00edan brillar. La verdadera belleza est\u00e1 en atreverse a explorar nuevos territorios, incluso cuando solo hablamos de unos cuantos cent\u00edmetros de cabello estrat\u00e9gicamente cortados.<\/p>\n","protected":false},"excerpt":{"rendered":"<p>Cuando buscamos renovar nuestra imagen sin comprometernos demasiado, el pixie cut con flequillo alargado surge como la respuesta perfecta para esta primavera 2025. Este estilo no solo aporta frescura y personalidad, sino que tiene el poder de transformar completamente el rostro suavizando estrat\u00e9gicamente la zona de las sienes, ese \u00e1rea que muchas mujeres desean disimular. &#8230; <a title=\"El pixie que suaviz\u00f3 mis sienes: c\u00f3mo logr\u00e9 un rostro m\u00e1s joven en 5 minutos cada ma\u00f1ana (y por qu\u00e9 todas lo adoptar\u00e1n esta primavera)\" class=\"read-more\" href=\"https:\/\/www.journee-mondiale.com\/es\/el-pixie-que-suavizo-mis-sienes-como-logre-un-rostro-mas-joven-en-5-minutos-cada-manana-y-por-que-todas-lo-adoptaran-esta-primavera\/\" aria-label=\"Leer m\u00e1s sobre El pixie que suaviz\u00f3 mis sienes: c\u00f3mo logr\u00e9 un rostro m\u00e1s joven en 5 minutos cada ma\u00f1ana (y por qu\u00e9 todas lo adoptar\u00e1n esta primavera)\">Lire plus<\/a><\/p>\n","protected":false},"author":1,"featured_media":13008,"comment_status":"","ping_status":"","sticky":false,"template":"","format":"standard","meta":{"footnotes":""},"categories":[48],"tags":[],"class_list":["post-13009","post","type-post","status-publish","format-standard","has-post-thumbnail","hentry","category-estilo-de-vida"],"acf":[],"_yoast_wpseo_primary_category":null,"_yoast_wpseo_title":null,"_yoast_wpseo_metadesc":null,"_links":{"self":[{"href":"https:\/\/www.journee-mondiale.com\/es\/wp-json\/wp\/v2\/posts\/13009","targetHints":{"allow":["GET"]}}],"collection":[{"href":"https:\/\/www.journee-mondiale.com\/es\/wp-json\/wp\/v2\/posts"}],"about":[{"href":"https:\/\/www.journee-mondiale.com\/es\/wp-json\/wp\/v2\/types\/post"}],"author":[{"embeddable":true,"href":"https:\/\/www.journee-mondiale.com\/es\/wp-json\/wp\/v2\/users\/1"}],"replies":[{"embeddable":true,"href":"https:\/\/www.journee-mondiale.com\/es\/wp-json\/wp\/v2\/comments?post=13009"}],"version-history":[{"count":0,"href":"https:\/\/www.journee-mondiale.com\/es\/wp-json\/wp\/v2\/posts\/13009\/revisions"}],"wp:featuredmedia":[{"embeddable":true,"href":"https:\/\/www.journee-mondiale.com\/es\/wp-json\/wp\/v2\/media\/13008"}],"wp:attachment":[{"href":"https:\/\/www.journee-mondiale.com\/es\/wp-json\/wp\/v2\/media?parent=13009"}],"wp:term":[{"taxonomy":"category","embeddable":true,"href":"https:\/\/www.journee-mondiale.com\/es\/wp-json\/wp\/v2\/categories?post=13009"},{"taxonomy":"post_tag","embeddable":true,"href":"https:\/\/www.journee-mondiale.com\/es\/wp-json\/wp\/v2\/tags?post=13009"}],"curies":[{"name":"wp","href":"https:\/\/api.w.org\/{rel}","templated":true}]}}