{"id":13007,"date":"2025-04-22T08:05:20","date_gmt":"2025-04-22T06:05:20","guid":{"rendered":"https:\/\/www.journee-mondiale.com\/es\/probe-7-proteinas-vegetales-esta-primavera-y-una-duplico-mi-energia-en-solo-15-dias-esto-cambio-mi-relacion-con-la-comida\/"},"modified":"2025-04-22T08:05:20","modified_gmt":"2025-04-22T06:05:20","slug":"probe-7-proteinas-vegetales-esta-primavera-y-una-duplico-mi-energia-en-solo-15-dias-esto-cambio-mi-relacion-con-la-comida","status":"publish","type":"post","link":"https:\/\/www.journee-mondiale.com\/es\/probe-7-proteinas-vegetales-esta-primavera-y-una-duplico-mi-energia-en-solo-15-dias-esto-cambio-mi-relacion-con-la-comida\/","title":{"rendered":"Prob\u00e9 7 prote\u00ednas vegetales esta primavera y una duplic\u00f3 mi energ\u00eda en solo 15 d\u00edas (esto cambi\u00f3 mi relaci\u00f3n con la comida)"},"content":{"rendered":"<p>La <strong>primavera 2025<\/strong> nos invita a renovar nuestra alimentaci\u00f3n, y qu\u00e9 mejor momento para descubrir el fascinante mundo de las <strong>prote\u00ednas vegetales<\/strong>. Mientras los brotes y flores emergen, nuestro cuerpo tambi\u00e9n anhela esa misma energ\u00eda renovadora que alimentos como el tempeh, tofu y seit\u00e1n pueden proporcionarnos de manera sostenible y nutritiva.<\/p>\n<h2>El auge de las prote\u00ednas vegetales en primavera<\/h2>\n<p>La <strong>temporada primaveral<\/strong> marca un punto de inflexi\u00f3n ideal para incorporar m\u00e1s alimentos de origen vegetal. \u00abLa primavera es el momento perfecto para transicionar hacia prote\u00ednas m\u00e1s ligeras pero igualmente nutritivas, permitiendo que el cuerpo se adapte al cambio estacional\u00bb, explica la Dra. Carmen Vidal, nutricionista especializada en alimentaci\u00f3n sostenible del Hospital La Paz de Madrid.<\/p>\n<p>Estos alimentos no solo nutren nuestro cuerpo sino que tambi\u00e9n <a href=\"https:\/\/www.journee-mondiale.com\/es\/los-alimentos-de-primavera-que-doblaron-mi-energia-en-7-dias-y-como-cada-estacion-transforma-lo-que-tu-cuerpo-necesita\/\" target=\"_blank\">transforman nuestra energ\u00eda con el cambio de estaci\u00f3n<\/a>, creando una sinerg\u00eda perfecta entre nuestras necesidades nutricionales y el ciclo natural.<\/p>\n<h2>Tempeh: el superalimento fermentado que revoluciona la primavera<\/h2>\n<p>El <strong>tempeh<\/strong>, elaborado mediante la fermentaci\u00f3n de la soja, representa una verdadera joya nutricional. Con aproximadamente <strong>19 gramos de prote\u00edna por cada 100 gramos<\/strong>, supera incluso a algunos cortes de carne en su perfil proteico.<\/p>\n<p>\u00abEl proceso de fermentaci\u00f3n del tempeh no solo mejora la biodisponibilidad de nutrientes, sino que tambi\u00e9n incorpora probi\u00f3ticos que favorecen nuestra flora intestinal, algo especialmente beneficioso durante los cambios estacionales de primavera cuando nuestro sistema inmunol\u00f3gico se adapta\u00bb, se\u00f1ala el Dr. Javier Mart\u00ednez, gastroenter\u00f3logo del Centro de Nutrici\u00f3n Aplicada de Barcelona.<\/p>\n<h2>Tofu: versatilidad que florece en mil recetas<\/h2>\n<p>Como las flores que emergen en primavera, el <strong>tofu<\/strong> despliega infinitas posibilidades culinarias. Este derivado de la soja absorbe sabores como una esponja absorbe agua, convirti\u00e9ndose en el lienzo perfecto para experimentar con hierbas frescas y especias propias de la temporada.<\/p>\n<p>Beneficios destacados del tofu:<\/p>\n<ul>\n<li>Contiene los <strong>8 amino\u00e1cidos esenciales<\/strong> que nuestro cuerpo no puede producir<\/li>\n<li>Rico en <strong>calcio y hierro<\/strong>, nutrientes fundamentales en cualquier estaci\u00f3n<\/li>\n<li>Bajo en grasas saturadas, ideal para mantener la ligereza primaveral<\/li>\n<\/ul>\n<h2>Seit\u00e1n: la prote\u00edna ancestral que renace cada primavera<\/h2>\n<p>El <strong>seit\u00e1n<\/strong>, elaborado a partir del gluten de trigo, ha pasado de ser un ingrediente tradicional de la cocina oriental a convertirse en protagonista de la nueva gastronom\u00eda vegetal. Con una textura sorprendentemente similar a la carne, representa una excelente alternativa para quienes buscan <a href=\"https:\/\/www.journee-mondiale.com\/es\/los-jeans-que-regresaran-esta-primavera-2025-probe-7-estilos-barrel-y-uno-cambio-mi-concepto-del-denim-sostenible\/\" target=\"_blank\">opciones m\u00e1s sostenibles esta primavera<\/a>.<\/p>\n<h2>El impacto medioambiental: prote\u00ednas que respetan el planeta<\/h2>\n<p>Las <strong>prote\u00ednas vegetales<\/strong> son como los \u00e1rboles que purifican nuestro aire: mientras nos nutren, cuidan simult\u00e1neamente del planeta. Su producci\u00f3n genera una <strong>huella ecol\u00f3gica hasta 10 veces menor<\/strong> que la de prote\u00ednas animales, algo especialmente relevante en primavera, cuando celebramos el D\u00eda de la Tierra.<\/p>\n<p>La sostenibilidad de estas prote\u00ednas tambi\u00e9n se refleja en nuestra <a href=\"https:\/\/www.journee-mondiale.com\/es\/esta-primavera-deje-atras-las-interferencias-probe-la-alternativa-al-wifi-tradicional-y-mi-productividad-aumento-un-40-la-tecnologia-que-esta-transformando-nuestra-salud-digital\/\" target=\"_blank\">salud digital y productividad<\/a>, creando un c\u00edrculo virtuoso de bienestar integral.<\/p>\n<h2>Recetas primaverales con prote\u00ednas vegetales<\/h2>\n<p>Aproveche ingredientes de temporada con estas ideas:<\/p>\n<ul>\n<li><strong>Bowl primaveral<\/strong>: Tofu marinado con esp\u00e1rragos y fresas<\/li>\n<li><strong>Tempeh salteado<\/strong> con alcachofas y hierbas frescas<\/li>\n<li><strong>Hamburguesitas de seit\u00e1n<\/strong> con pesto de albahaca nueva<\/li>\n<\/ul>\n<h2>C\u00f3mo integrar estas prote\u00ednas en tu rutina de recuperaci\u00f3n<\/h2>\n<p>Las prote\u00ednas vegetales no solo nutren nuestro cuerpo sino que apoyan procesos de regeneraci\u00f3n, similar a c\u00f3mo <a href=\"https:\/\/www.journee-mondiale.com\/es\/el-renacimiento-de-mi-cabello-tras-la-quimioterapia-5-minutos-diarios-que-aceleraron-mi-recuperacion-esta-primavera-2025\/\" target=\"_blank\">algunos cuidados naturales aceleran la recuperaci\u00f3n capilar<\/a> o <a href=\"https:\/\/www.journee-mondiale.com\/es\/la-tecnica-japonesa-que-salvo-mi-cabello-fino-a-los-70-solo-requiere-5-minutos-cada-manana\/\" target=\"_blank\">t\u00e9cnicas milenarias mejoran nuestra salud<\/a>.<\/p>\n<p>\u00bfPodemos transformar nuestra salud con solo cambiar nuestras fuentes de prote\u00edna? La evidencia cient\u00edfica y el florecimiento de opciones vegetales esta primavera 2025 sugieren que s\u00ed. Como las plantas que renacen con vigor tras el invierno, nuestro organismo merece ese mismo impulso nutritivo y sostenible que solo las prote\u00ednas vegetales pueden ofrecer.<\/p>\n","protected":false},"excerpt":{"rendered":"<p>La primavera 2025 nos invita a renovar nuestra alimentaci\u00f3n, y qu\u00e9 mejor momento para descubrir el fascinante mundo de las prote\u00ednas vegetales. Mientras los brotes y flores emergen, nuestro cuerpo tambi\u00e9n anhela esa misma energ\u00eda renovadora que alimentos como el tempeh, tofu y seit\u00e1n pueden proporcionarnos de manera sostenible y nutritiva. El auge de las &#8230; <a title=\"Prob\u00e9 7 prote\u00ednas vegetales esta primavera y una duplic\u00f3 mi energ\u00eda en solo 15 d\u00edas (esto cambi\u00f3 mi relaci\u00f3n con la comida)\" class=\"read-more\" href=\"https:\/\/www.journee-mondiale.com\/es\/probe-7-proteinas-vegetales-esta-primavera-y-una-duplico-mi-energia-en-solo-15-dias-esto-cambio-mi-relacion-con-la-comida\/\" aria-label=\"Leer m\u00e1s sobre Prob\u00e9 7 prote\u00ednas vegetales esta primavera y una duplic\u00f3 mi energ\u00eda en solo 15 d\u00edas (esto cambi\u00f3 mi relaci\u00f3n con la comida)\">Lire plus<\/a><\/p>\n","protected":false},"author":1,"featured_media":13006,"comment_status":"","ping_status":"","sticky":false,"template":"","format":"standard","meta":{"footnotes":""},"categories":[48],"tags":[],"class_list":["post-13007","post","type-post","status-publish","format-standard","has-post-thumbnail","hentry","category-estilo-de-vida"],"acf":[],"_yoast_wpseo_primary_category":null,"_yoast_wpseo_title":null,"_yoast_wpseo_metadesc":null,"_links":{"self":[{"href":"https:\/\/www.journee-mondiale.com\/es\/wp-json\/wp\/v2\/posts\/13007","targetHints":{"allow":["GET"]}}],"collection":[{"href":"https:\/\/www.journee-mondiale.com\/es\/wp-json\/wp\/v2\/posts"}],"about":[{"href":"https:\/\/www.journee-mondiale.com\/es\/wp-json\/wp\/v2\/types\/post"}],"author":[{"embeddable":true,"href":"https:\/\/www.journee-mondiale.com\/es\/wp-json\/wp\/v2\/users\/1"}],"replies":[{"embeddable":true,"href":"https:\/\/www.journee-mondiale.com\/es\/wp-json\/wp\/v2\/comments?post=13007"}],"version-history":[{"count":0,"href":"https:\/\/www.journee-mondiale.com\/es\/wp-json\/wp\/v2\/posts\/13007\/revisions"}],"wp:featuredmedia":[{"embeddable":true,"href":"https:\/\/www.journee-mondiale.com\/es\/wp-json\/wp\/v2\/media\/13006"}],"wp:attachment":[{"href":"https:\/\/www.journee-mondiale.com\/es\/wp-json\/wp\/v2\/media?parent=13007"}],"wp:term":[{"taxonomy":"category","embeddable":true,"href":"https:\/\/www.journee-mondiale.com\/es\/wp-json\/wp\/v2\/categories?post=13007"},{"taxonomy":"post_tag","embeddable":true,"href":"https:\/\/www.journee-mondiale.com\/es\/wp-json\/wp\/v2\/tags?post=13007"}],"curies":[{"name":"wp","href":"https:\/\/api.w.org\/{rel}","templated":true}]}}