{"id":12993,"date":"2025-04-21T13:05:57","date_gmt":"2025-04-21T11:05:57","guid":{"rendered":"https:\/\/www.journee-mondiale.com\/es\/el-colorete-melocoton-que-transformo-mi-rostro-esta-primavera-mi-experiencia-con-el-efecto-rejuvenecedor-a-los-10-minutos-de-aplicarlo\/"},"modified":"2025-04-21T13:05:57","modified_gmt":"2025-04-21T11:05:57","slug":"el-colorete-melocoton-que-transformo-mi-rostro-esta-primavera-mi-experiencia-con-el-efecto-rejuvenecedor-a-los-10-minutos-de-aplicarlo","status":"publish","type":"post","link":"https:\/\/www.journee-mondiale.com\/es\/el-colorete-melocoton-que-transformo-mi-rostro-esta-primavera-mi-experiencia-con-el-efecto-rejuvenecedor-a-los-10-minutos-de-aplicarlo\/","title":{"rendered":"El colorete melocot\u00f3n que transform\u00f3 mi rostro esta primavera: mi experiencia con el efecto rejuvenecedor a los 10 minutos de aplicarlo"},"content":{"rendered":"<p>La primavera 2025 nos trae una explosi\u00f3n de color para nuestros rostros, y los <strong>coloretes melocot\u00f3n<\/strong> se posicionan como los aut\u00e9nticos protagonistas de la temporada. Este tono, que evoca la frescura y vitalidad propia de la estaci\u00f3n, se convierte en el aliado perfecto para conseguir ese efecto rejuvenecedor que todas buscamos cuando las temperaturas empiezan a subir. \u00a1Descubramos juntos c\u00f3mo estos tonos pueden transformar tu rutina de belleza esta temporada!<\/p>\n<h2>El poder rejuvenecedor del tono melocot\u00f3n en tu piel<\/h2>\n<p>Los tonos melocot\u00f3n aportan un <strong>efecto de luminosidad instant\u00e1nea<\/strong> que simula ese rubor natural que aparece tras una caminata al aire libre. \u00abEl rubor que deja en las mejillas es realmente como de besado por el sol; ilumina el rostro y hace resaltar los p\u00f3mulos de forma natural\u00bb, afirma la maquilladora Mar\u00eda Gonz\u00e1lez del Centro de Est\u00e9tica Radiance en Madrid.<\/p>\n<p>Este tono funciona como una verdadera vitamina visual para el rostro, similar a cuando <a href=\"https:\/\/www.journee-mondiale.com\/es\/el-rubor-cremoso-que-transformo-mis-mejillas-esta-primavera-mi-experiencia-con-el-efecto-segunda-piel-a-los-2-dias\/\" target=\"_blank\">un rubor cremoso logra ese efecto \u00absegunda piel\u00bb<\/a> que tanto buscamos en primavera, renovando instant\u00e1neamente nuestra apariencia.<\/p>\n<h2>Los coloretes melocot\u00f3n favorecen a todos los tonos de piel<\/h2>\n<p>Una de las grandes ventajas de este tipo de colorete es su <strong>versatilidad crom\u00e1tica<\/strong>. \u00abEl maquillaje melocot\u00f3n es una tendencia que favorece a todos los tonos de piel, especialmente a los subtonos c\u00e1lidos y pieles bronceadas\u00bb, explica el Dr. Fernando Ruiz, dermat\u00f3logo especializado en cosm\u00e9tica.<\/p>\n<p>Para elegir el tono perfecto seg\u00fan tu piel:<\/p>\n<ul>\n<li>Pieles claras: Tonos melocot\u00f3n suaves con matices rosados<\/li>\n<li>Pieles medias: Tonos melocot\u00f3n puros<\/li>\n<li>Pieles oscuras: Melocotones intensos con subtonos anaranjados<\/li>\n<\/ul>\n<h2>Formatos estrella para un acabado natural<\/h2>\n<p>Los <strong>coloretes en polvo y l\u00edquidos<\/strong> son los reyes de la temporada. Los primeros facilitan un difuminado controlado, mientras que los segundos aportan ese aspecto jugoso tan caracter\u00edstico del look primaveral. El acabado debe ser similar al efecto natural que se consigue con <a href=\"https:\/\/www.journee-mondiale.com\/es\/probe-12-autobronceadores-para-semana-santa-y-uno-me-dio-un-tono-natural-en-solo-3-horas-sin-el-temido-efecto-zanahoria\/\" target=\"_blank\">un buen autobronceador que aporta un tono natural<\/a>, sin artificios ni exageraciones.<\/p>\n<h2>La tendencia monocrom\u00e1tica que arrasa esta primavera<\/h2>\n<p>Una de las t\u00e9cnicas m\u00e1s innovadoras es aplicar el mismo tono melocot\u00f3n en <strong>mejillas, p\u00e1rpados y labios<\/strong> para conseguir un look arm\u00f3nico y sofisticado. Esta tendencia monocrom\u00e1tica, que recuerda a <a href=\"https:\/\/www.journee-mondiale.com\/es\/10-looks-monocromaticos-que-estilizan-tu-figura-en-primavera-2025-probe-el-tercero-y-alargo-visualmente-mi-silueta\/\" target=\"_blank\">los looks monocrom\u00e1ticos que estilizan la figura<\/a>, consigue un efecto visual coherente y muy favorecedor.<\/p>\n<h2>Productos estrella para lucir radiante<\/h2>\n<p>El mercado ofrece opciones para todos los bolsillos que nos permiten sumarnos a esta tendencia:<\/p>\n<ul>\n<li>Rare Beauty Soft Pinch (tono Grateful): Colorete l\u00edquido de alta pigmentaci\u00f3n<\/li>\n<li>Benefit Cosmetics Georgia: Polvo sedoso con acabado satinado<\/li>\n<li>Maybelline Cheek Heat: Gel-crema de acabado transparente y natural<\/li>\n<\/ul>\n<h2>T\u00e9cnicas de aplicaci\u00f3n para un efecto lifting inmediato<\/h2>\n<p>\u00abLa clave para un maquillaje melocot\u00f3n perfecto es la sutileza; un uso excesivo puede recargar el look\u00bb, advierte Gema Uceda, maquilladora de Bobbi Brown. La aplicaci\u00f3n debe realizarse con movimientos ascendentes, como una suave <strong>caricia hacia las sienes<\/strong>, consiguiendo as\u00ed un efecto lifting similar al que se logra con <a href=\"https:\/\/www.journee-mondiale.com\/es\/el-corte-con-mechas-suaves-que-transformo-a-1-403-mujeres-esta-primavera-y-por-que-rejuvenece-al-instante\/\" target=\"_blank\">un buen corte de pelo con mechas estrat\u00e9gicamente colocadas<\/a>.<\/p>\n<h2>Combinaciones ganadoras con colorete melocot\u00f3n<\/h2>\n<p>El colorete melocot\u00f3n combina perfectamente con <strong>tonos dorados y cobrizos<\/strong>, creando un efecto sol que realza la luminosidad natural del rostro. Este d\u00fao funciona como <a href=\"https:\/\/www.journee-mondiale.com\/es\/la-tecnica-de-balayage-para-pelo-corto-que-anade-40-mas-volumen-descubre-como-cambia-tu-imagen-en-solo-5-minutos-cada-manana\/\" target=\"_blank\">la t\u00e9cnica de balayage para el cabello<\/a>, a\u00f1adiendo dimensi\u00f3n y profundidad donde se necesita, pero con una sutileza que parece obra de la naturaleza.<\/p>\n<h2>\u00bfC\u00f3mo incorporar esta tendencia a tu rutina diaria?<\/h2>\n<p>El colorete melocot\u00f3n act\u00faa como un despertar para la piel, similar a cuando nuestro organismo recibe su primera dosis de vitamina D primaveral. Para un uso diario, aplica el producto sobre la <strong>piel bien hidratada<\/strong>, difuminando siempre hacia fuera y con toques suaves, como si estuvieras acariciando p\u00e9talos de flores. Este gesto simple pero efectivo transformar\u00e1 tu rostro cada ma\u00f1ana, aportando ese soplo de vida y juventud que caracteriza a la primavera 2025.<\/p>\n","protected":false},"excerpt":{"rendered":"<p>La primavera 2025 nos trae una explosi\u00f3n de color para nuestros rostros, y los coloretes melocot\u00f3n se posicionan como los aut\u00e9nticos protagonistas de la temporada. Este tono, que evoca la frescura y vitalidad propia de la estaci\u00f3n, se convierte en el aliado perfecto para conseguir ese efecto rejuvenecedor que todas buscamos cuando las temperaturas empiezan &#8230; <a title=\"El colorete melocot\u00f3n que transform\u00f3 mi rostro esta primavera: mi experiencia con el efecto rejuvenecedor a los 10 minutos de aplicarlo\" class=\"read-more\" href=\"https:\/\/www.journee-mondiale.com\/es\/el-colorete-melocoton-que-transformo-mi-rostro-esta-primavera-mi-experiencia-con-el-efecto-rejuvenecedor-a-los-10-minutos-de-aplicarlo\/\" aria-label=\"Leer m\u00e1s sobre El colorete melocot\u00f3n que transform\u00f3 mi rostro esta primavera: mi experiencia con el efecto rejuvenecedor a los 10 minutos de aplicarlo\">Lire plus<\/a><\/p>\n","protected":false},"author":1,"featured_media":12992,"comment_status":"","ping_status":"","sticky":false,"template":"","format":"standard","meta":{"footnotes":""},"categories":[48],"tags":[],"class_list":["post-12993","post","type-post","status-publish","format-standard","has-post-thumbnail","hentry","category-estilo-de-vida"],"acf":[],"_yoast_wpseo_primary_category":null,"_yoast_wpseo_title":null,"_yoast_wpseo_metadesc":null,"_links":{"self":[{"href":"https:\/\/www.journee-mondiale.com\/es\/wp-json\/wp\/v2\/posts\/12993","targetHints":{"allow":["GET"]}}],"collection":[{"href":"https:\/\/www.journee-mondiale.com\/es\/wp-json\/wp\/v2\/posts"}],"about":[{"href":"https:\/\/www.journee-mondiale.com\/es\/wp-json\/wp\/v2\/types\/post"}],"author":[{"embeddable":true,"href":"https:\/\/www.journee-mondiale.com\/es\/wp-json\/wp\/v2\/users\/1"}],"replies":[{"embeddable":true,"href":"https:\/\/www.journee-mondiale.com\/es\/wp-json\/wp\/v2\/comments?post=12993"}],"version-history":[{"count":0,"href":"https:\/\/www.journee-mondiale.com\/es\/wp-json\/wp\/v2\/posts\/12993\/revisions"}],"wp:featuredmedia":[{"embeddable":true,"href":"https:\/\/www.journee-mondiale.com\/es\/wp-json\/wp\/v2\/media\/12992"}],"wp:attachment":[{"href":"https:\/\/www.journee-mondiale.com\/es\/wp-json\/wp\/v2\/media?parent=12993"}],"wp:term":[{"taxonomy":"category","embeddable":true,"href":"https:\/\/www.journee-mondiale.com\/es\/wp-json\/wp\/v2\/categories?post=12993"},{"taxonomy":"post_tag","embeddable":true,"href":"https:\/\/www.journee-mondiale.com\/es\/wp-json\/wp\/v2\/tags?post=12993"}],"curies":[{"name":"wp","href":"https:\/\/api.w.org\/{rel}","templated":true}]}}