{"id":12985,"date":"2025-04-21T08:06:53","date_gmt":"2025-04-21T06:06:53","guid":{"rendered":"https:\/\/www.journee-mondiale.com\/es\/obsesionada-con-la-coleccion-studio-ss25-de-zara-7-piezas-bohemio-western-que-transformaran-tu-armario-de-primavera-esto-es-lo-que-necesitas-conseguir-antes-de-que-se-agoten\/"},"modified":"2025-04-21T08:06:53","modified_gmt":"2025-04-21T06:06:53","slug":"obsesionada-con-la-coleccion-studio-ss25-de-zara-7-piezas-bohemio-western-que-transformaran-tu-armario-de-primavera-esto-es-lo-que-necesitas-conseguir-antes-de-que-se-agoten","status":"publish","type":"post","link":"https:\/\/www.journee-mondiale.com\/es\/obsesionada-con-la-coleccion-studio-ss25-de-zara-7-piezas-bohemio-western-que-transformaran-tu-armario-de-primavera-esto-es-lo-que-necesitas-conseguir-antes-de-que-se-agoten\/","title":{"rendered":"Obsesionada con la colecci\u00f3n Studio SS25 de Zara: 7 piezas bohemio-western que transformar\u00e1n tu armario de primavera (esto es lo que necesitas conseguir antes de que se agoten)"},"content":{"rendered":"<p>La colecci\u00f3n <strong>Studio SS25 de Zara<\/strong> ha desatado una aut\u00e9ntica fiebre esta primavera 2025, y no puedo evitar confesarlo: estoy completamente obsesionada. Con su exquisita fusi\u00f3n entre lo bohemio y lo western, esta l\u00ednea exclusiva se ha convertido en el objeto de deseo para todas las amantes de la moda esta temporada.<\/p>\n<h2>La fusi\u00f3n perfecta: boho chic y western sofisticado<\/h2>\n<p>La nueva colecci\u00f3n llega en el momento perfecto, justo cuando la primavera est\u00e1 en pleno apogeo y necesitamos <strong>actualizar nuestro armario<\/strong> con piezas vers\u00e1tiles. Karl Templer, director creativo de la campa\u00f1a, destaca: \u00abEsta colecci\u00f3n es una celebraci\u00f3n de contrastes teatrales y fluidez en el dise\u00f1o, que invita a la autoexpresi\u00f3n y rompe con estilos r\u00edgidos\u00bb.<\/p>\n<h2>Piezas clave que debes conseguir antes de que se agoten<\/h2>\n<p>Si solo pudieras elegir algunas prendas de esta fascinante colecci\u00f3n, estas ser\u00edan mis <strong>recomendaciones imprescindibles<\/strong>:<\/p>\n<ul>\n<li>Vestidos plisados con volantes (perfectos para eventos primaverales)<\/li>\n<li>Chalecos ajustados con detalles western (ideales para estilismos de d\u00eda)<\/li>\n<li>Microshorts de inspiraci\u00f3n a\u00f1os 2000 (aprovechar el buen tiempo nunca fue tan estiloso)<\/li>\n<\/ul>\n<h2>El regreso triunfal del crochet y los detalles artesanales<\/h2>\n<p>Este 2025, el <strong>trabajo artesanal<\/strong> cobra protagonismo con bordados meticulosos y aplicaciones decorativas. \u00abCapturar la esencia del esp\u00edritu libre americano en estas prendas fue fundamental para mostrar la narrativa visual que propone Zara esta temporada\u00bb, explica Steven Meisel, renombrado fot\u00f3grafo de la campa\u00f1a.<\/p>\n<p>Si est\u00e1s buscando un cambio de imagen m\u00e1s radical, podr\u00edas inspirarte en <a href=\"https:\/\/www.journee-mondiale.com\/es\/el-corte-pixie-moderno-transforma-1-403-rostros-espanoles-esta-primavera-la-tecnica-japonesa-que-necesita-solo-5-minutos-cada-manana\/\" target=\"_blank\">el corte pixie moderno que est\u00e1 transformando rostros espa\u00f1oles esta primavera<\/a>.<\/p>\n<h2>La combinaci\u00f3n crom\u00e1tica que domina la temporada<\/h2>\n<p>La paleta de <strong>tonos tierra y neutros<\/strong> define esta colecci\u00f3n, con toques puntuales de colores vibrantes como el esmeralda y el cobalto. Esta selecci\u00f3n crom\u00e1tica permite crear looks vers\u00e1tiles que recuerdan a los <a href=\"https:\/\/www.journee-mondiale.com\/es\/10-looks-monocromaticos-que-estilizan-tu-figura-en-primavera-2025-probe-el-tercero-y-alargo-visualmente-mi-silueta\/\" target=\"_blank\">looks monocrom\u00e1ticos que estilizan tu figura en primavera 2025<\/a>.<\/p>\n<h2>Accesorios que transformar\u00e1n tus estilismos<\/h2>\n<p>No puedo dejar de mencionar los <strong>complementos irresistibles<\/strong> de la colecci\u00f3n:<\/p>\n<ul>\n<li>Sandalias gladiadoras con tachuelas metalizadas<\/li>\n<li>Bolsos y cinturones con detalles de flecos<\/li>\n<li>Joyer\u00eda met\u00e1lica combinable para un toque festival<\/li>\n<\/ul>\n<h2>Inspiraci\u00f3n parisina en cada detalle<\/h2>\n<p>Hay algo indudablemente <strong>europeo y sofisticado<\/strong> en esta colecci\u00f3n que me recuerda a los secretos de estilo que descubr\u00ed en mi reciente viaje a la capital francesa. Si buscas m\u00e1s inspiraci\u00f3n, no te pierdas los <a href=\"https:\/\/www.journee-mondiale.com\/es\/viaje-10-dias-a-paris-y-descubri-los-7-secretos-de-estilo-frances-que-dominaran-la-primavera-2025\/\" target=\"_blank\">7 secretos de estilo franc\u00e9s que dominar\u00e1n la primavera 2025<\/a>.<\/p>\n<h2>Las prendas b\u00e1sicas que anclar\u00e1n tus looks<\/h2>\n<p>Aunque los dise\u00f1os llamativos son los protagonistas, la colecci\u00f3n incluye <strong>b\u00e1sicos imprescindibles<\/strong> como camisetas de calidad y tank tops vers\u00e1tiles. Como complemento perfecto, considera <a href=\"https:\/\/www.journee-mondiale.com\/es\/los-pantalones-que-cambiaran-tu-armario-esta-primavera-probe-7-estilos-denim-con-pinzas-y-encontre-mi-nuevo-favorito\/\" target=\"_blank\">los pantalones que cambiar\u00e1n tu armario esta primavera<\/a>.<\/p>\n<h2>La l\u00ednea masculina que merece atenci\u00f3n<\/h2>\n<p>Para los hombres, Zara propone una <strong>masculinidad fluida<\/strong> con superposiciones y vol\u00famenes que combinan sastrer\u00eda y casualidad. No te pierdas <a href=\"https:\/\/www.journee-mondiale.com\/es\/las-6-camisas-masculinas-que-dominan-la-primavera-2025-probe-el-efecto-perlado-y-transformo-mi-estilo-sin-esfuerzo\/\" target=\"_blank\">las 6 camisas masculinas que dominan la primavera 2025<\/a>.<\/p>\n<p>\u00bfEst\u00e1s preparada para renovar tu armario con estas piezas que fusionan artesan\u00eda, tendencia y atemporalidad? La colecci\u00f3n Studio SS25 de Zara representa la perfecta inversi\u00f3n para esta primavera-verano: prendas que son tanto declaraciones de estilo como b\u00e1sicos vers\u00e1tiles que elevar\u00e1n todos tus looks. Yo ya tengo mi lista preparada, \u00bfy t\u00fa?<\/p>\n","protected":false},"excerpt":{"rendered":"<p>La colecci\u00f3n Studio SS25 de Zara ha desatado una aut\u00e9ntica fiebre esta primavera 2025, y no puedo evitar confesarlo: estoy completamente obsesionada. Con su exquisita fusi\u00f3n entre lo bohemio y lo western, esta l\u00ednea exclusiva se ha convertido en el objeto de deseo para todas las amantes de la moda esta temporada. La fusi\u00f3n perfecta: &#8230; <a title=\"Obsesionada con la colecci\u00f3n Studio SS25 de Zara: 7 piezas bohemio-western que transformar\u00e1n tu armario de primavera (esto es lo que necesitas conseguir antes de que se agoten)\" class=\"read-more\" href=\"https:\/\/www.journee-mondiale.com\/es\/obsesionada-con-la-coleccion-studio-ss25-de-zara-7-piezas-bohemio-western-que-transformaran-tu-armario-de-primavera-esto-es-lo-que-necesitas-conseguir-antes-de-que-se-agoten\/\" aria-label=\"Leer m\u00e1s sobre Obsesionada con la colecci\u00f3n Studio SS25 de Zara: 7 piezas bohemio-western que transformar\u00e1n tu armario de primavera (esto es lo que necesitas conseguir antes de que se agoten)\">Lire plus<\/a><\/p>\n","protected":false},"author":1,"featured_media":12984,"comment_status":"","ping_status":"","sticky":false,"template":"","format":"standard","meta":{"footnotes":""},"categories":[48],"tags":[],"class_list":["post-12985","post","type-post","status-publish","format-standard","has-post-thumbnail","hentry","category-estilo-de-vida"],"acf":[],"_yoast_wpseo_primary_category":null,"_yoast_wpseo_title":null,"_yoast_wpseo_metadesc":null,"_links":{"self":[{"href":"https:\/\/www.journee-mondiale.com\/es\/wp-json\/wp\/v2\/posts\/12985","targetHints":{"allow":["GET"]}}],"collection":[{"href":"https:\/\/www.journee-mondiale.com\/es\/wp-json\/wp\/v2\/posts"}],"about":[{"href":"https:\/\/www.journee-mondiale.com\/es\/wp-json\/wp\/v2\/types\/post"}],"author":[{"embeddable":true,"href":"https:\/\/www.journee-mondiale.com\/es\/wp-json\/wp\/v2\/users\/1"}],"replies":[{"embeddable":true,"href":"https:\/\/www.journee-mondiale.com\/es\/wp-json\/wp\/v2\/comments?post=12985"}],"version-history":[{"count":0,"href":"https:\/\/www.journee-mondiale.com\/es\/wp-json\/wp\/v2\/posts\/12985\/revisions"}],"wp:featuredmedia":[{"embeddable":true,"href":"https:\/\/www.journee-mondiale.com\/es\/wp-json\/wp\/v2\/media\/12984"}],"wp:attachment":[{"href":"https:\/\/www.journee-mondiale.com\/es\/wp-json\/wp\/v2\/media?parent=12985"}],"wp:term":[{"taxonomy":"category","embeddable":true,"href":"https:\/\/www.journee-mondiale.com\/es\/wp-json\/wp\/v2\/categories?post=12985"},{"taxonomy":"post_tag","embeddable":true,"href":"https:\/\/www.journee-mondiale.com\/es\/wp-json\/wp\/v2\/tags?post=12985"}],"curies":[{"name":"wp","href":"https:\/\/api.w.org\/{rel}","templated":true}]}}