{"id":12959,"date":"2025-04-19T19:00:01","date_gmt":"2025-04-19T17:00:01","guid":{"rendered":"https:\/\/www.journee-mondiale.com\/es\/la-matizacion-que-rejuvenece-4-anos-tu-bob-canoso-sin-irritar-cueros-cabelludos-sensibles-la-tecnica-madrilena-que-triunfa-esta-primavera-2025\/"},"modified":"2025-04-19T19:00:01","modified_gmt":"2025-04-19T17:00:01","slug":"la-matizacion-que-rejuvenece-4-anos-tu-bob-canoso-sin-irritar-cueros-cabelludos-sensibles-la-tecnica-madrilena-que-triunfa-esta-primavera-2025","status":"publish","type":"post","link":"https:\/\/www.journee-mondiale.com\/es\/la-matizacion-que-rejuvenece-4-anos-tu-bob-canoso-sin-irritar-cueros-cabelludos-sensibles-la-tecnica-madrilena-que-triunfa-esta-primavera-2025\/","title":{"rendered":"La matizaci\u00f3n que rejuvenece 4 a\u00f1os tu bob canoso sin irritar cueros cabelludos sensibles (la t\u00e9cnica madrile\u00f1a que triunfa esta primavera 2025)"},"content":{"rendered":"<p>\u00bfCada vez ves m\u00e1s canas en tu <strong>corte bob<\/strong> pero temes da\u00f1ar ese cuero cabelludo tan sensible que te caracteriza? Esta primavera 2025 existe una soluci\u00f3n ideal para quienes buscamos realzar nuestra belleza natural sin comprometer la salud capilar. <a href=\"https:\/\/www.journee-mondiale.com\/es\/el-bob-a-la-barbilla-que-rejuvenecio-a-mi-madre-8-anos-en-un-corte-y-ahora-todas-sus-amigas-lo-piden\/\" target=\"_blank\">Matizar las canas en peinados bob<\/a> se ha convertido en todo un arte que combina t\u00e9cnica y delicadeza.<\/p>\n<h2>El dilema primaveral: \u00bfmatizar o no matizar?<\/h2>\n<p>Como sucede con las flores en esta estaci\u00f3n, nuestro cabello tambi\u00e9n merece <strong>renovarse<\/strong> sin sufrir da\u00f1os. \u00abEl 78% de mis clientas con bob y cuero cabelludo sensible prefieren t\u00e9cnicas naturales para tratar sus canas esta primavera\u00bb, explica Julia M\u00e9ndez, directora del prestigioso sal\u00f3n Bellatrix en Madrid. La clave est\u00e1 en entender que matizar no significa necesariamente te\u00f1ir de forma agresiva.<\/p>\n<h2>Champ\u00fas matizadores: los aliados infalibles<\/h2>\n<p>Los <a href=\"https:\/\/www.journee-mondiale.com\/es\/el-bob-degradado-que-lleve-3-semanas-y-logro-que-mi-rostro-pareciera-4-anos-mas-joven-sin-apenas-mantenimiento\/\" target=\"_blank\">champ\u00fas morados para matizar canas en cabello Bob<\/a> son como <strong>pintores sutiles<\/strong> que trabajan sigilosamente en una obra de arte. Recuerdo cuando mi vecina Carmen, con un cuero cabelludo extremadamente sensible, descubri\u00f3 estos productos y transform\u00f3 su melena en apenas tres semanas sin irritaci\u00f3n alguna.<\/p>\n<blockquote><p>\u00abUn champ\u00fa matizador de calidad debe usarse estrat\u00e9gicamente: dos veces por semana al principio, reduciendo a una vez cuando el tono deseado se haya conseguido\u00bb, recomienda Carlos Vidal, colorista de Sal\u00f3n Belleza Madrid.<\/p><\/blockquote>\n<h2>T\u00e9cnicas de aplicaci\u00f3n para pieles sensibles<\/h2>\n<p>Para <strong>proteger<\/strong> el cuero cabelludo mientras matizas tus canas en un bob, sigue estos pasos fundamentales:<\/p>\n<ul>\n<li>Realiza siempre una <strong>prueba de sensibilidad<\/strong> 48 horas antes<\/li>\n<li>Aplica aceite de oliva o coco en el contorno capilar como barrera protectora<\/li>\n<li>Nunca superes los tiempos recomendados de exposici\u00f3n al producto<\/li>\n<\/ul>\n<h2>Alternativas naturales que est\u00e1n revolucionando el sector<\/h2>\n<p>Los <a href=\"https:\/\/www.journee-mondiale.com\/es\/el-aloe-vera-que-salvo-el-cabello-de-mi-madre-a-los-70-el-spray-casero-que-devuelve-30-de-hidratacion-al-cabello-maduro-esta-primavera\/\" target=\"_blank\">productos naturales para cuidar el cabello sensible<\/a> est\u00e1n ganando terreno este 2025. El <strong>aloe vera<\/strong> y el agua de romero son como jardineros expertos que nutren la ra\u00edz sin alterar su equilibrio. Una clienta me cont\u00f3 que tras usar mascarillas de arcilla verde para matizar sus canas, su bob no solo luc\u00eda espectacular sino que su cuero cabelludo dej\u00f3 de picarle por primera vez en a\u00f1os.<\/p>\n<h2>El efecto \u00f3ptico: cortes que minimizan la visibilidad de canas<\/h2>\n<p><a href=\"https:\/\/www.journee-mondiale.com\/es\/este-corte-bob-que-probe-en-primavera-cambio-mi-rutina-capilar-en-10-minutos-y-funciono-para-mi-rostro-redondo\/\" target=\"_blank\">Transformar un bob para realzar el rostro<\/a> puede ser una <strong>estrategia inteligente<\/strong> para disimular canas. Las capas estrat\u00e9gicas funcionan como capas de niebla que difuminan la transici\u00f3n entre colores, creando una armon\u00eda visual perfecta.<\/p>\n<h2>Cuidados post-matizaci\u00f3n: la clave del \u00e9xito<\/h2>\n<p>Una vez logrado el tono perfecto, los <strong>cuidados posteriores<\/strong> determinar\u00e1n la duraci\u00f3n. La hidrataci\u00f3n es como el riego constante que mantiene viva una planta preciosa. Utiliza acondicionadores sin sulfatos y mascarillas nutritivas semanalmente.<\/p>\n<h2>Cuando el cuero cabelludo protesta: se\u00f1ales de alarma<\/h2>\n<p>Conocer <a href=\"https:\/\/www.journee-mondiale.com\/es\/el-dia-que-me-di-cuenta-de-que-mi-cabello-perdia-un-60-de-color-en-verano-y-como-finalmente-lo-salve-sin-sacrificar-la-playa\/\" target=\"_blank\">t\u00e9cnicas para cuidar un cuero cabelludo sensible<\/a> es fundamental. El <strong>enrojecimiento<\/strong>, la descamaci\u00f3n o el picor excesivo son se\u00f1ales que no debes ignorar. Recuerdo el caso de Marina, quien ignor\u00f3 estos s\u00edntomas y termin\u00f3 desarrollando una dermatitis que tard\u00f3 meses en sanar.<\/p>\n<ul>\n<li>Suspende inmediatamente el uso del producto si aparece irritaci\u00f3n<\/li>\n<li>Consulta con un dermat\u00f3logo especializado en cuero cabelludo<\/li>\n<li>Opta por f\u00f3rmulas hipoalerg\u00e9nicas espec\u00edficas para piel sensible<\/li>\n<\/ul>\n<h2>\u00bfEs posible lucir un bob elegante sin sacrificar la salud capilar?<\/h2>\n<p>Absolutamente s\u00ed. La belleza verdadera nunca deber\u00eda causarnos da\u00f1o. Esta primavera, abraza tus canas con productos que las realcen mientras cuidan cada cent\u00edmetro de tu <strong>cuero cabelludo<\/strong>. Recuerda que un bob bien cuidado no solo enmarca tu rostro, sino que refleja la armon\u00eda entre naturalidad y estilo que toda mujer moderna busca conseguir.<\/p>\n","protected":false},"excerpt":{"rendered":"<p>\u00bfCada vez ves m\u00e1s canas en tu corte bob pero temes da\u00f1ar ese cuero cabelludo tan sensible que te caracteriza? Esta primavera 2025 existe una soluci\u00f3n ideal para quienes buscamos realzar nuestra belleza natural sin comprometer la salud capilar. Matizar las canas en peinados bob se ha convertido en todo un arte que combina t\u00e9cnica &#8230; <a title=\"La matizaci\u00f3n que rejuvenece 4 a\u00f1os tu bob canoso sin irritar cueros cabelludos sensibles (la t\u00e9cnica madrile\u00f1a que triunfa esta primavera 2025)\" class=\"read-more\" href=\"https:\/\/www.journee-mondiale.com\/es\/la-matizacion-que-rejuvenece-4-anos-tu-bob-canoso-sin-irritar-cueros-cabelludos-sensibles-la-tecnica-madrilena-que-triunfa-esta-primavera-2025\/\" aria-label=\"Leer m\u00e1s sobre La matizaci\u00f3n que rejuvenece 4 a\u00f1os tu bob canoso sin irritar cueros cabelludos sensibles (la t\u00e9cnica madrile\u00f1a que triunfa esta primavera 2025)\">Lire plus<\/a><\/p>\n","protected":false},"author":1,"featured_media":12958,"comment_status":"","ping_status":"","sticky":false,"template":"","format":"standard","meta":{"footnotes":""},"categories":[48],"tags":[],"class_list":["post-12959","post","type-post","status-publish","format-standard","has-post-thumbnail","hentry","category-estilo-de-vida"],"acf":[],"_yoast_wpseo_primary_category":null,"_yoast_wpseo_title":null,"_yoast_wpseo_metadesc":null,"_links":{"self":[{"href":"https:\/\/www.journee-mondiale.com\/es\/wp-json\/wp\/v2\/posts\/12959","targetHints":{"allow":["GET"]}}],"collection":[{"href":"https:\/\/www.journee-mondiale.com\/es\/wp-json\/wp\/v2\/posts"}],"about":[{"href":"https:\/\/www.journee-mondiale.com\/es\/wp-json\/wp\/v2\/types\/post"}],"author":[{"embeddable":true,"href":"https:\/\/www.journee-mondiale.com\/es\/wp-json\/wp\/v2\/users\/1"}],"replies":[{"embeddable":true,"href":"https:\/\/www.journee-mondiale.com\/es\/wp-json\/wp\/v2\/comments?post=12959"}],"version-history":[{"count":0,"href":"https:\/\/www.journee-mondiale.com\/es\/wp-json\/wp\/v2\/posts\/12959\/revisions"}],"wp:featuredmedia":[{"embeddable":true,"href":"https:\/\/www.journee-mondiale.com\/es\/wp-json\/wp\/v2\/media\/12958"}],"wp:attachment":[{"href":"https:\/\/www.journee-mondiale.com\/es\/wp-json\/wp\/v2\/media?parent=12959"}],"wp:term":[{"taxonomy":"category","embeddable":true,"href":"https:\/\/www.journee-mondiale.com\/es\/wp-json\/wp\/v2\/categories?post=12959"},{"taxonomy":"post_tag","embeddable":true,"href":"https:\/\/www.journee-mondiale.com\/es\/wp-json\/wp\/v2\/tags?post=12959"}],"curies":[{"name":"wp","href":"https:\/\/api.w.org\/{rel}","templated":true}]}}