{"id":12951,"date":"2025-04-19T13:05:42","date_gmt":"2025-04-19T11:05:42","guid":{"rendered":"https:\/\/www.journee-mondiale.com\/es\/el-rubor-cremoso-que-transformo-mis-mejillas-esta-primavera-mi-experiencia-con-el-efecto-segunda-piel-a-los-2-dias\/"},"modified":"2025-04-19T13:05:42","modified_gmt":"2025-04-19T11:05:42","slug":"el-rubor-cremoso-que-transformo-mis-mejillas-esta-primavera-mi-experiencia-con-el-efecto-segunda-piel-a-los-2-dias","status":"publish","type":"post","link":"https:\/\/www.journee-mondiale.com\/es\/el-rubor-cremoso-que-transformo-mis-mejillas-esta-primavera-mi-experiencia-con-el-efecto-segunda-piel-a-los-2-dias\/","title":{"rendered":"El rubor cremoso que transform\u00f3 mis mejillas esta primavera: mi experiencia con el efecto \u00absegunda piel\u00bb a los 2 d\u00edas"},"content":{"rendered":"<p>La primavera ha llegado y con ella, una oleada de <strong>renovaci\u00f3n est\u00e9tica<\/strong> que prioriza lo natural y luminoso. Entre las tendencias de belleza que est\u00e1n marcando la temporada de 2025, el <strong>rubor cremoso<\/strong> se posiciona como el aliado perfecto para quienes buscan ese aspecto saludable y fresco que caracteriza a las mejillas naturalmente sonrojadas. \u00bfPero qu\u00e9 tiene esta textura que la hace tan especial?<\/p>\n<h2>El secreto detr\u00e1s del aspecto natural del rubor en crema<\/h2>\n<p>El <strong>efecto segunda piel<\/strong> que proporciona el rubor cremoso lo convierte en el favorito de maquilladores profesionales y aficionados por igual. \u00abEl rubor en crema crea un cutis radiante de piel de cristal, que acent\u00faa el aspecto natural de tus mejillas sin opacar la base\u00bb, explica Charlotte Tilbury, reconocida experta en maquillaje.<\/p>\n<p>A diferencia de las f\u00f3rmulas en polvo, que pueden asentarse en l\u00edneas finas o aparecer secas, los <a href=\"https:\/\/www.journee-mondiale.com\/es\/los-5-tipos-de-rubor-que-necesitas-probar-esta-temporada\/\" target=\"_blank\">rubores cremosos<\/a> se funden con la piel creando un aspecto h\u00famedo y jugoso, ideal para esta primavera 2025 donde la <strong>luminosidad natural<\/strong> es protagonista.<\/p>\n<h2>Beneficios primaverales para tu piel<\/h2>\n<p>Con el aumento de la humedad ambiental caracter\u00edstico de esta \u00e9poca, nuestra piel agradece productos que <strong>hidraten y nutran<\/strong> al mismo tiempo que embellecen. Los rubores cremosos actuales est\u00e1n formulados con:<\/p>\n<ul>\n<li>Ingredientes hidratantes como \u00e1cido hialur\u00f3nico<\/li>\n<li>Extractos bot\u00e1nicos calmantes<\/li>\n<li>Antioxidantes que protegen de agresores ambientales<\/li>\n<\/ul>\n<p>\u00abNuestros rubores en barra cremosos ofrecen practicidad y versatilidad, con colores que pueden usarse tambi\u00e9n en ojos y labios, para un maquillaje armonioso y natural\u00bb, destaca la marca Atenea Profesional, cuyas creaciones multifuncionales est\u00e1n revolucionando <a href=\"https:\/\/www.journee-mondiale.com\/es\/10-looks-monocromaticos-que-estilizan-tu-figura-en-primavera-2025-probe-el-tercero-y-alargo-visualmente-mi-silueta\/\" target=\"_blank\">los looks monocrom\u00e1ticos de primavera<\/a>.<\/p>\n<h2>La t\u00e9cnica perfecta para aplicarlo<\/h2>\n<p>El <strong>m\u00e9todo de aplicaci\u00f3n<\/strong> marca la diferencia entre un resultado artificial y uno verdaderamente natural. Bettina Frumboli, especialista en belleza, recomienda: \u00abUsa la yema de los dedos para calentar el producto y presionarlo suavemente sobre el punto m\u00e1s alto de las mejillas, difuminando hacia las sienes, imitando un sonrojo natural inducido por el sol primaveral\u00bb.<\/p>\n<p>Esta t\u00e9cnica es especialmente <a href=\"https:\/\/www.journee-mondiale.com\/es\/maquillaje-despues-de-los-60-como-consegui-un-look-primaveral-luminoso-la-tecnica-que-transformo-mi-piel-en-3-pasos\/\" target=\"_blank\">beneficiosa para pieles maduras<\/a>, donde el acabado h\u00famedo rejuvenece instant\u00e1neamente el rostro sin acentuar l\u00edneas de expresi\u00f3n.<\/p>\n<h2>Los tonos que est\u00e1n triunfando esta primavera<\/h2>\n<p>La <strong>paleta crom\u00e1tica<\/strong> de 2025 se inclina hacia tonalidades que evocan la vitalidad primaveral:<\/p>\n<ul>\n<li>Melocot\u00f3n radiante, que ilumina todo tipo de pieles<\/li>\n<li>Rosa fresco, ideal para un aspecto juvenil<\/li>\n<li>Coral vibrante, tendencia absoluta de la temporada<\/li>\n<\/ul>\n<p>\u00abLa tendencia #BlushingOrange, con tonos melocot\u00f3n y naranja, est\u00e1 revolucionando el uso del rubor cremoso, combinando color vibrante con un brillo saludable\u00bb, se\u00f1ala el Informe de tendencias Alibaba 2025, confirmando lo que ya vemos en las calles.<\/p>\n<h2>Mi experiencia personal: descubriendo el efecto \u00abmejillas de primavera\u00bb<\/h2>\n<p>Como <a href=\"https:\/\/www.journee-mondiale.com\/es\/el-rubor-cremoso-que-cambio-mi-rutina-de-maquillaje-en-primavera\/\" target=\"_blank\">redactor especializado que prob\u00f3 esta tendencia<\/a>, puedo confirmar que el cambio a rubor cremoso transform\u00f3 mi rutina de belleza. La <strong>aplicaci\u00f3n intuitiva<\/strong> me permiti\u00f3 lograr ese aspecto de \u00abacabo de dar un paseo primaveral\u00bb sin esfuerzo, incluso en d\u00edas ajetreados.<\/p>\n<p>El rubor cremoso funciona como si la <strong>primavera se hubiera posado<\/strong> en tus mejillas, aportando vida y dimensi\u00f3n al rostro de forma tan natural que parece que siempre estuvo ah\u00ed.<\/p>\n<h2>Conciencia sostenible en tu rutina de belleza<\/h2>\n<p>Los consumidores de 2025 no solo buscamos productos efectivos, sino tambi\u00e9n <strong>opciones \u00e9ticas<\/strong> con el planeta. Aina de Mo, referente en maquillaje natural, indica: \u00abLos minerales naturales en nuestros rubores crean una luminosidad que no se apaga, ideal para un efecto absolutamente natural\u00bb.<\/p>\n<p>Esta tendencia se alinea perfectamente con el movimiento hacia <a href=\"https:\/\/www.journee-mondiale.com\/es\/transforme-mi-estilo-de-primavera-con-5-accesorios-sostenibles-y-el-tercero-cambio-mi-relacion-con-la-moda\/\" target=\"_blank\">accesorios y productos de belleza sostenibles<\/a> que est\u00e1 definiendo la primavera de 2025.<\/p>\n<h2>\u00bfEs el momento de renovar tu rutina primaveral?<\/h2>\n<p>El rubor cremoso representa m\u00e1s que una tendencia pasajera; es un regreso a la belleza aut\u00e9ntica que celebra la frescura natural de la piel. Sus texturas fundentes, acabados luminosos y beneficios para la piel lo convierten en el producto estrella para conseguir ese aspecto saludable y radiante que todos anhelamos cuando los d\u00edas se alargan y las temperaturas suben. \u00bfTe atreves a dar el salto hacia una belleza m\u00e1s natural esta primavera?<\/p>\n","protected":false},"excerpt":{"rendered":"<p>La primavera ha llegado y con ella, una oleada de renovaci\u00f3n est\u00e9tica que prioriza lo natural y luminoso. Entre las tendencias de belleza que est\u00e1n marcando la temporada de 2025, el rubor cremoso se posiciona como el aliado perfecto para quienes buscan ese aspecto saludable y fresco que caracteriza a las mejillas naturalmente sonrojadas. \u00bfPero &#8230; <a title=\"El rubor cremoso que transform\u00f3 mis mejillas esta primavera: mi experiencia con el efecto \u00absegunda piel\u00bb a los 2 d\u00edas\" class=\"read-more\" href=\"https:\/\/www.journee-mondiale.com\/es\/el-rubor-cremoso-que-transformo-mis-mejillas-esta-primavera-mi-experiencia-con-el-efecto-segunda-piel-a-los-2-dias\/\" aria-label=\"Leer m\u00e1s sobre El rubor cremoso que transform\u00f3 mis mejillas esta primavera: mi experiencia con el efecto \u00absegunda piel\u00bb a los 2 d\u00edas\">Lire plus<\/a><\/p>\n","protected":false},"author":1,"featured_media":12950,"comment_status":"","ping_status":"","sticky":false,"template":"","format":"standard","meta":{"footnotes":""},"categories":[48],"tags":[],"class_list":["post-12951","post","type-post","status-publish","format-standard","has-post-thumbnail","hentry","category-estilo-de-vida"],"acf":[],"_yoast_wpseo_primary_category":null,"_yoast_wpseo_title":null,"_yoast_wpseo_metadesc":null,"_links":{"self":[{"href":"https:\/\/www.journee-mondiale.com\/es\/wp-json\/wp\/v2\/posts\/12951","targetHints":{"allow":["GET"]}}],"collection":[{"href":"https:\/\/www.journee-mondiale.com\/es\/wp-json\/wp\/v2\/posts"}],"about":[{"href":"https:\/\/www.journee-mondiale.com\/es\/wp-json\/wp\/v2\/types\/post"}],"author":[{"embeddable":true,"href":"https:\/\/www.journee-mondiale.com\/es\/wp-json\/wp\/v2\/users\/1"}],"replies":[{"embeddable":true,"href":"https:\/\/www.journee-mondiale.com\/es\/wp-json\/wp\/v2\/comments?post=12951"}],"version-history":[{"count":0,"href":"https:\/\/www.journee-mondiale.com\/es\/wp-json\/wp\/v2\/posts\/12951\/revisions"}],"wp:featuredmedia":[{"embeddable":true,"href":"https:\/\/www.journee-mondiale.com\/es\/wp-json\/wp\/v2\/media\/12950"}],"wp:attachment":[{"href":"https:\/\/www.journee-mondiale.com\/es\/wp-json\/wp\/v2\/media?parent=12951"}],"wp:term":[{"taxonomy":"category","embeddable":true,"href":"https:\/\/www.journee-mondiale.com\/es\/wp-json\/wp\/v2\/categories?post=12951"},{"taxonomy":"post_tag","embeddable":true,"href":"https:\/\/www.journee-mondiale.com\/es\/wp-json\/wp\/v2\/tags?post=12951"}],"curies":[{"name":"wp","href":"https:\/\/api.w.org\/{rel}","templated":true}]}}