{"id":12945,"date":"2025-04-19T09:05:26","date_gmt":"2025-04-19T07:05:26","guid":{"rendered":"https:\/\/www.journee-mondiale.com\/es\/el-corte-a-la-clavicula-que-suavizo-mi-mandibula-ancha-en-2025-y-solo-necesita-5-minutos-cada-manana\/"},"modified":"2025-04-19T09:05:26","modified_gmt":"2025-04-19T07:05:26","slug":"el-corte-a-la-clavicula-que-suavizo-mi-mandibula-ancha-en-2025-y-solo-necesita-5-minutos-cada-manana","status":"publish","type":"post","link":"https:\/\/www.journee-mondiale.com\/es\/el-corte-a-la-clavicula-que-suavizo-mi-mandibula-ancha-en-2025-y-solo-necesita-5-minutos-cada-manana\/","title":{"rendered":"El corte a la clav\u00edcula que suaviz\u00f3 mi mand\u00edbula ancha en 2025 (y solo necesita 5 minutos cada ma\u00f1ana)"},"content":{"rendered":"<p>Descubre c\u00f3mo un simple <strong>corte a la clav\u00edcula con capas suaves<\/strong> puede transformar por completo la apariencia de una mand\u00edbula ancha. Esta primavera 2025, este estilo se ha convertido en la opci\u00f3n preferida de mujeres que buscan suavizar sus facciones sin sacrificar longitud ni versatilidad. Lo fascinante es que un cambio aparentemente sutil puede crear una ilusi\u00f3n \u00f3ptica que redefine por completo tu rostro.<\/p>\n<h2>El poder transformador de las capas laterales<\/h2>\n<p>\u00abLas capas estrat\u00e9gicamente ubicadas en los laterales son como un pincel que <strong>dibuja nuevas l\u00edneas<\/strong> en el rostro\u00bb, explica Carlos Fern\u00e1ndez, estilista de prestigio en Madrid. \u00abCuando las capas m\u00e1s cortas se sit\u00faan por encima de la mand\u00edbula y se alargan progresivamente hacia el frente, creamos un efecto cortina que desv\u00eda la atenci\u00f3n de la anchura\u00bb.<\/p>\n<p>Este enfoque es similar a la arquitectura moderna: as\u00ed como los edificios utilizan l\u00edneas verticales para parecer m\u00e1s estilizados, las <strong>capas descendentes<\/strong> generan la misma ilusi\u00f3n en tu rostro, especialmente cuando se combinan con la longitud perfecta a la clav\u00edcula.<\/p>\n<h2>\u00bfPor qu\u00e9 la longitud a la clav\u00edcula marca la diferencia?<\/h2>\n<p>La magia ocurre cuando el cabello roza exactamente la clav\u00edcula. Esta longitud espec\u00edfica crea un equilibrio perfecto entre practicidad y elegancia, similar a <a href=\"https:\/\/www.journee-mondiale.com\/es\/el-bob-degradado-que-lleve-3-semanas-y-logro-que-mi-rostro-pareciera-4-anos-mas-joven-sin-apenas-mantenimiento\/\" target=\"_blank\">el bob degradado que rejuvenece instant\u00e1neamente<\/a>, pero con una versatilidad extra.<\/p>\n<p>Seg\u00fan Alberto Sanguino, experto en visagismo: \u00abEl <strong>clavicut<\/strong> act\u00faa como un marco que redirecciona la atenci\u00f3n hacia el centro del rostro, especialmente cuando incluimos un ligero flequillo cortina. El efecto es una silueta m\u00e1s ovalada y equilibrada\u00bb.<\/p>\n<h2>La t\u00e9cnica del \u00abdegradado hacia adelante\u00bb<\/h2>\n<p>La verdadera magia de este corte reside en su t\u00e9cnica de ejecuci\u00f3n. A diferencia de las capas tradicionales, el <strong>degradado hacia adelante<\/strong> utiliza \u00e1ngulos precisos que alargan visualmente el rostro. Para mand\u00edbulas anchas, esta t\u00e9cnica es particularmente efectiva por estas razones:<\/p>\n<ul>\n<li>Crea movimiento que distrae de los \u00e1ngulos pronunciados<\/li>\n<li>Genera volumen en la zona superior para equilibrar proporciones<\/li>\n<li>Suaviza la transici\u00f3n entre el perfil y el frente del rostro<\/li>\n<\/ul>\n<h2>Adaptaciones seg\u00fan tu tipo de cabello<\/h2>\n<p>Mi amiga Luc\u00eda, con cabello fino y lacio, tem\u00eda que un corte con capas la dejara sin densidad. Sin embargo, <strong>las capas ultrasuaves<\/strong> cortadas en seco le dieron exactamente el movimiento que necesitaba sin comprometer volumen, similar a lo que vemos en <a href=\"https:\/\/www.journee-mondiale.com\/es\/el-corte-con-mechas-suaves-que-transformo-a-1-403-mujeres-esta-primavera-y-por-que-rejuvenece-al-instante\/\" target=\"_blank\">el corte con mechas suaves que est\u00e1 transformando rostros esta primavera<\/a>.<\/p>\n<p>Para cabellos gruesos u ondulados, la t\u00e9cnica de <strong>puntas desfiladas<\/strong> es fundamental. \u00abCortamos de fuera hacia adentro con tijeras texturizadoras para eliminar peso sin perder el efecto de las capas\u00bb, explica Mercedes L\u00f3pez, estilista especializada en cortes personalizados.<\/p>\n<h2>El secreto del estilismo diario<\/h2>\n<p>Una clienta me confes\u00f3 que su transformaci\u00f3n se complet\u00f3 cuando aprendi\u00f3 a peinar correctamente su nuevo corte. Los productos ideales para mantener este estilo incluyen:<\/p>\n<ul>\n<li>Sprays texturizantes ligeros para cabellos finos<\/li>\n<li>Cremas de peinado con fijaci\u00f3n media para ondas naturales<\/li>\n<li>Serums anti-frizz para definici\u00f3n sin peso adicional<\/li>\n<\/ul>\n<h2>Un corte para cada estaci\u00f3n<\/h2>\n<p>A diferencia de <a href=\"https:\/\/www.journee-mondiale.com\/es\/el-pixie-con-flequillo-diagonal-que-rejuvenece-11-anos-en-403-mujeres-espanolas-y-solo-necesita-5-minutos-cada-manana\/\" target=\"_blank\">el pixie con flequillo diagonal<\/a>, este <strong>corte a la clav\u00edcula con capas<\/strong> ofrece versatilidad para adaptarse a los cambios estacionales. En esta primavera 2025, combina perfectamente con las tendencias de <strong>tonos pastel suaves<\/strong> que est\u00e1n dominando las pasarelas europeas.<\/p>\n<p>La mejor parte es que, al igual que <a href=\"https:\/\/www.journee-mondiale.com\/es\/el-corte-minimalista-que-cambia-la-vida-30-minutos-libres-cada-manana-y-por-que-8-de-cada-10-espanolas-no-volveran-atras\/\" target=\"_blank\">el corte minimalista que cambia la vida<\/a>, este estilo requiere m\u00ednimo mantenimiento diario \u2013 solo un recorte cada 8 semanas para conservar su efecto transformador.<\/p>\n<h2>\u00bfLista para reinventar tu imagen esta primavera?<\/h2>\n<p>Como <a href=\"https:\/\/www.journee-mondiale.com\/es\/este-corte-bob-que-probe-en-primavera-cambio-mi-rutina-capilar-en-10-minutos-y-funciono-para-mi-rostro-redondo\/\" target=\"_blank\">este bob que prob\u00e9 en primavera<\/a>, las capas suaves a la clav\u00edcula son m\u00e1s que un corte \u2013 son una declaraci\u00f3n de confianza. Cuando la tijera encuentra el \u00e1ngulo perfecto para tu estructura facial, descubres una versi\u00f3n de ti misma que siempre estuvo ah\u00ed, esperando a ser revelada a trav\u00e9s del <strong>arte del visagismo personalizado<\/strong>.<\/p>\n","protected":false},"excerpt":{"rendered":"<p>Descubre c\u00f3mo un simple corte a la clav\u00edcula con capas suaves puede transformar por completo la apariencia de una mand\u00edbula ancha. Esta primavera 2025, este estilo se ha convertido en la opci\u00f3n preferida de mujeres que buscan suavizar sus facciones sin sacrificar longitud ni versatilidad. Lo fascinante es que un cambio aparentemente sutil puede crear &#8230; <a title=\"El corte a la clav\u00edcula que suaviz\u00f3 mi mand\u00edbula ancha en 2025 (y solo necesita 5 minutos cada ma\u00f1ana)\" class=\"read-more\" href=\"https:\/\/www.journee-mondiale.com\/es\/el-corte-a-la-clavicula-que-suavizo-mi-mandibula-ancha-en-2025-y-solo-necesita-5-minutos-cada-manana\/\" aria-label=\"Leer m\u00e1s sobre El corte a la clav\u00edcula que suaviz\u00f3 mi mand\u00edbula ancha en 2025 (y solo necesita 5 minutos cada ma\u00f1ana)\">Lire plus<\/a><\/p>\n","protected":false},"author":1,"featured_media":12944,"comment_status":"","ping_status":"","sticky":false,"template":"","format":"standard","meta":{"footnotes":""},"categories":[48],"tags":[],"class_list":["post-12945","post","type-post","status-publish","format-standard","has-post-thumbnail","hentry","category-estilo-de-vida"],"acf":[],"_yoast_wpseo_primary_category":null,"_yoast_wpseo_title":null,"_yoast_wpseo_metadesc":null,"_links":{"self":[{"href":"https:\/\/www.journee-mondiale.com\/es\/wp-json\/wp\/v2\/posts\/12945","targetHints":{"allow":["GET"]}}],"collection":[{"href":"https:\/\/www.journee-mondiale.com\/es\/wp-json\/wp\/v2\/posts"}],"about":[{"href":"https:\/\/www.journee-mondiale.com\/es\/wp-json\/wp\/v2\/types\/post"}],"author":[{"embeddable":true,"href":"https:\/\/www.journee-mondiale.com\/es\/wp-json\/wp\/v2\/users\/1"}],"replies":[{"embeddable":true,"href":"https:\/\/www.journee-mondiale.com\/es\/wp-json\/wp\/v2\/comments?post=12945"}],"version-history":[{"count":0,"href":"https:\/\/www.journee-mondiale.com\/es\/wp-json\/wp\/v2\/posts\/12945\/revisions"}],"wp:featuredmedia":[{"embeddable":true,"href":"https:\/\/www.journee-mondiale.com\/es\/wp-json\/wp\/v2\/media\/12944"}],"wp:attachment":[{"href":"https:\/\/www.journee-mondiale.com\/es\/wp-json\/wp\/v2\/media?parent=12945"}],"wp:term":[{"taxonomy":"category","embeddable":true,"href":"https:\/\/www.journee-mondiale.com\/es\/wp-json\/wp\/v2\/categories?post=12945"},{"taxonomy":"post_tag","embeddable":true,"href":"https:\/\/www.journee-mondiale.com\/es\/wp-json\/wp\/v2\/tags?post=12945"}],"curies":[{"name":"wp","href":"https:\/\/api.w.org\/{rel}","templated":true}]}}