{"id":12913,"date":"2025-04-17T18:04:30","date_gmt":"2025-04-17T16:04:30","guid":{"rendered":"https:\/\/www.journee-mondiale.com\/es\/peras-caramelizadas-la-tecnica-francesa-que-transforma-fruta-en-postre-gourmet-en-40-minutos\/"},"modified":"2025-04-17T18:04:30","modified_gmt":"2025-04-17T16:04:30","slug":"peras-caramelizadas-la-tecnica-francesa-que-transforma-fruta-en-postre-gourmet-en-40-minutos","status":"publish","type":"post","link":"https:\/\/www.journee-mondiale.com\/es\/peras-caramelizadas-la-tecnica-francesa-que-transforma-fruta-en-postre-gourmet-en-40-minutos\/","title":{"rendered":"Peras caramelizadas: la t\u00e9cnica francesa que transforma fruta en postre gourmet en 40 minutos"},"content":{"rendered":"<p>Recuerdo con nitidez aquella tarde oto\u00f1al en la cocina de mi abuela, cuando el aroma dulce y especiado de su Tarta Tatin de Peras al Caramelo inundaba cada rinc\u00f3n. Las hojas doradas ca\u00edan fuera mientras ella me revelaba que este postre franc\u00e9s naci\u00f3 por accidente en 1889, cuando las hermanas Tatin invirtieron equivocadamente una tarta de manzana. En mis a\u00f1os en Le Cordon Bleu, descubr\u00ed que muchas veces los \u00aberrores\u00bb en la cocina resultan en creaciones legendarias. La transformaci\u00f3n alqu\u00edmica que ocurre cuando las peras se funden con el caramelo \u00e1mbar es, sencillamente, magia culinaria. \ud83c\udf50\u2728<\/p>\n<h2>La historia detr\u00e1s de la Tarta Tatin de Peras<\/h2>\n<p>La Tarte Tatin original naci\u00f3 en un peque\u00f1o hotel franc\u00e9s cuando St\u00e9phanie Tatin, distra\u00edda con el trabajo, cocin\u00f3 accidentalmente las manzanas con mantequilla y az\u00facar directamente en la sart\u00e9n, sin masa. Desesperada, cubri\u00f3 las frutas caramelizadas con masa y la introdujo al horno. Al servir, volte\u00f3 la tarta y el resto es historia. Con el tiempo, esta t\u00e9cnica de \u00abtarta invertida\u00bb se adapt\u00f3 a diversas frutas. La versi\u00f3n con peras que comparto hoy es especialmente apreciada en regiones mediterr\u00e1neas de Espa\u00f1a, donde el equilibrio entre dulzor y acidez natural de la pera crea un postre extraordinario. De manera similar a c\u00f3mo las t\u00e9cnicas tradicionales transforman ingredientes simples en platos excepcionales como la <a href=\"https:\/\/www.journee-mondiale.com\/es\/paella-valenciana-el-truco-del-socarrat-crujiente-que-obsesiona-a-los-chefs-espanoles\/\">paella valenciana con su socarrat crujiente<\/a>, aqu\u00ed el caramelo y la fruta crean una simbiosis perfecta. \ud83c\uddeb\ud83c\uddf7\ud83c\udf6f<\/p>\n<h2>Ingredientes esenciales<\/h2>\n<p>Para crear esta joya de 20 cent\u00edmetros (aproximadamente 6-8 porciones), necesitar\u00e1s:<\/p>\n<ul>\n<li>4 peras Conference o Bosc (aproximadamente 800g) &#8211; maduras pero firmes<\/li>\n<li>150g de az\u00facar para el caramelo + 50g para la masa<\/li>\n<li>100g de mantequilla sin sal de calidad (temperatura ambiente)<\/li>\n<li>250g de harina de trigo com\u00fan (o 1 l\u00e1mina de hojaldre de 320g para la versi\u00f3n r\u00e1pida)<\/li>\n<li>1 huevo grande (solo para masa casera)<\/li>\n<li>1 cucharada de zumo de lim\u00f3n fresco<\/li>\n<li>1 cucharadita de canela en polvo<\/li>\n<li>\u00bd cucharadita de nuez moscada reci\u00e9n rallada<\/li>\n<li>\u00bd cucharadita de jengibre molido<\/li>\n<\/ul>\n<p>Al igual que al preparar una <a href=\"https:\/\/www.journee-mondiale.com\/es\/sopa-de-tomate-transformada-3-tecnicas-de-chef-para-elevar-este-clasico-casero\/\">exquisita sopa de tomate<\/a>, la calidad de los ingredientes marca una diferencia sustancial. Selecciona peras que cedan ligeramente a la presi\u00f3n pero mantengan su estructura. Demasiado maduras se desintegrar\u00e1n durante la cocci\u00f3n; demasiado verdes resultar\u00e1n duras y \u00e1cidas. \ud83c\udf50\ud83e\uddc8<\/p>\n<h2>Instrucciones paso a paso<\/h2>\n<ol>\n<li>Pela las peras, c\u00f3rtalas por la mitad longitudinalmente y elimina el coraz\u00f3n con las semillas. Roc\u00edalas inmediatamente con zumo de lim\u00f3n para evitar que se oxiden.<\/li>\n<li>En una sart\u00e9n de hierro fundido de 24-26cm (o molde apto para horno), funde 50g de mantequilla a fuego medio-bajo.<\/li>\n<li>Agrega los 150g de az\u00facar gradualmente, distribuy\u00e9ndolo de manera uniforme. No remuevas con utensilios; en su lugar, mueve suavemente la sart\u00e9n para que el az\u00facar se disuelva uniformemente.<\/li>\n<li>Deja que el caramelo adquiera un tono \u00e1mbar dorado (aproximadamente 5-7 minutos). Este es el momento crucial &#8211; demasiado claro y faltar\u00e1 sabor, demasiado oscuro y resultar\u00e1 amargo.<\/li>\n<li>Retira del fuego y acomoda las mitades de pera en c\u00edrculo sobre el caramelo, con la parte cortada hacia abajo. Coloca una mitad en el centro para aprovechar todo el espacio.<\/li>\n<li>Espolvorea las especias mezcladas sobre las peras y coloca peque\u00f1os trozos de la mantequilla restante entre las frutas.<\/li>\n<\/ol>\n<p>Para la masa casera (al estilo tradicional), mezcla 250g de harina con 50g de az\u00facar y una pizca de sal. Incorpora 50g de mantequilla fr\u00eda cortada en cubos con los dedos hasta obtener una textura arenosa. A\u00f1ade el huevo y trabaja la masa brevemente hasta que se una. Este trabajo m\u00ednimo de la masa es similar al secreto de un buen <a href=\"https:\/\/www.journee-mondiale.com\/es\/pan-de-cebolla-y-queso-la-tecnica-asturiana-que-logra-una-miga-esponjosa-en-30-minutos\/\">pan de cebolla y queso asturiano<\/a> &#8211; no manipular demasiado los ingredientes. Extiende la masa, cubre las peras, y hornea a 190\u00b0C (375\u00b0F) durante 35-40 minutos hasta que est\u00e9 dorada. \ud83d\udc68\u200d\ud83c\udf73\ud83e\udd67<\/p>\n<h2>T\u00e9cnicas secretas del chef<\/h2>\n<p>El verdadero secreto de una Tarta Tatin perfecta reside en el manejo del caramelo y el momento del volteo. Nunca agites o remuevas el caramelo con utensilios mientras se forma &#8211; podr\u00edas desencadenar cristalizaci\u00f3n. En su lugar, mueve suavemente la sart\u00e9n para distribuir el calor. Al igual que el truco para lograr una <a href=\"https:\/\/www.journee-mondiale.com\/es\/tortilla-de-patatas-cremosa-el-truco-de-la-abuela-para-lograr-el-centro-jugoso-perfecto-en-30-minutos\/\">tortilla de patatas perfectamente cremosa<\/a>, la paciencia es fundamental.<\/p>\n<blockquote>\n<p><strong>Nota del Chef:<\/strong> Deja reposar la tarta 10-15 minutos despu\u00e9s de hornear antes de desmoldarla. Es tentador voltearla inmediatamente, pero el caramelo estar\u00e1 demasiado l\u00edquido y podr\u00eda causar quemaduras o arruinar la presentaci\u00f3n. Este reposo permite que el caramelo alcance la consistencia perfecta &#8211; suficientemente fluido para brillar pero no tanto como para derramarse descontroladamente.<\/p>\n<\/blockquote>\n<p>Si no dispones de una sart\u00e9n apta para horno, puedes transferir las peras caramelizadas a un molde para tarta, pero hazlo con extremo cuidado para mantener el arreglo intacto y evitar salpicaduras de caramelo caliente. Esta t\u00e9cnica de conservaci\u00f3n del sabor me recuerda a la preparaci\u00f3n de la <a href=\"https:\/\/www.journee-mondiale.com\/es\/caballa-en-escabeche-la-tecnica-olvidada-que-multiplica-el-sabor-del-pescado-por-3\/\">caballa en escabeche tradicional<\/a>, donde cada paso est\u00e1 dise\u00f1ado para preservar la esencia de los ingredientes. \ud83d\udd25\ud83c\udf6f<\/p>\n<h2>Consejos de presentaci\u00f3n y servicio<\/h2>\n<p>La Tarta Tatin alcanza su m\u00e1ximo esplendor servida a\u00fan tibia, aproximadamente 30 minutos despu\u00e9s de salir del horno. Sirve cada porci\u00f3n con una cucharada de cr\u00e8me fra\u00eeche ligeramente batida o helado de vainilla de calidad, cuyo fr\u00edo contrastar\u00e1 maravillosamente con la tarta tibia.<\/p>\n<p>Para sustituir ingredientes: si no encuentras peras Conference, las Bosc, Bartlett o Anjou funcionan estupendamente. En ausencia de mantequilla de calidad, puedes utilizar 80g de manteca de cerdo ib\u00e9rica en la masa para una textura extraordinariamente quebradiza.<\/p>\n<p>Esta tarta maridar\u00e1 perfectamente con un vino dulce natural como un Moscatel espa\u00f1ol o un Sauternes franc\u00e9s. Para una experiencia menos dulce, prueba con un espumoso semiseco o incluso un caf\u00e9 cortado intenso.<\/p>\n<p>Despu\u00e9s de d\u00e9cadas preparando este postre, sigo emocion\u00e1ndome cada vez que volteo el molde y revelo esa superficie brillante de peras ba\u00f1adas en caramelo \u00e1mbar. La cocina cl\u00e1sica tiene ese poder: conectarnos con generaciones pasadas a trav\u00e9s de t\u00e9cnicas que han sobrevivido al tiempo. Cuando prepares esta tarta, no solo estar\u00e1s cocinando un postre &#8211; estar\u00e1s participando en una tradici\u00f3n culinaria centenaria que contin\u00faa deleitando paladares en todo el mundo. \ud83c\udf1f\ud83c\udf50<\/p>\n","protected":false},"excerpt":{"rendered":"<p>Recuerdo con nitidez aquella tarde oto\u00f1al en la cocina de mi abuela, cuando el aroma dulce y especiado de su Tarta Tatin de Peras al Caramelo inundaba cada rinc\u00f3n. Las hojas doradas ca\u00edan fuera mientras ella me revelaba que este postre franc\u00e9s naci\u00f3 por accidente en 1889, cuando las hermanas Tatin invirtieron equivocadamente una tarta &#8230; <a title=\"Peras caramelizadas: la t\u00e9cnica francesa que transforma fruta en postre gourmet en 40 minutos\" class=\"read-more\" href=\"https:\/\/www.journee-mondiale.com\/es\/peras-caramelizadas-la-tecnica-francesa-que-transforma-fruta-en-postre-gourmet-en-40-minutos\/\" aria-label=\"Leer m\u00e1s sobre Peras caramelizadas: la t\u00e9cnica francesa que transforma fruta en postre gourmet en 40 minutos\">Lire plus<\/a><\/p>\n","protected":false},"author":1,"featured_media":12912,"comment_status":"","ping_status":"","sticky":false,"template":"","format":"standard","meta":{"footnotes":""},"categories":[50],"tags":[],"class_list":["post-12913","post","type-post","status-publish","format-standard","has-post-thumbnail","hentry","category-cocina"],"acf":[],"_yoast_wpseo_primary_category":null,"_yoast_wpseo_title":null,"_yoast_wpseo_metadesc":null,"_links":{"self":[{"href":"https:\/\/www.journee-mondiale.com\/es\/wp-json\/wp\/v2\/posts\/12913","targetHints":{"allow":["GET"]}}],"collection":[{"href":"https:\/\/www.journee-mondiale.com\/es\/wp-json\/wp\/v2\/posts"}],"about":[{"href":"https:\/\/www.journee-mondiale.com\/es\/wp-json\/wp\/v2\/types\/post"}],"author":[{"embeddable":true,"href":"https:\/\/www.journee-mondiale.com\/es\/wp-json\/wp\/v2\/users\/1"}],"replies":[{"embeddable":true,"href":"https:\/\/www.journee-mondiale.com\/es\/wp-json\/wp\/v2\/comments?post=12913"}],"version-history":[{"count":0,"href":"https:\/\/www.journee-mondiale.com\/es\/wp-json\/wp\/v2\/posts\/12913\/revisions"}],"wp:featuredmedia":[{"embeddable":true,"href":"https:\/\/www.journee-mondiale.com\/es\/wp-json\/wp\/v2\/media\/12912"}],"wp:attachment":[{"href":"https:\/\/www.journee-mondiale.com\/es\/wp-json\/wp\/v2\/media?parent=12913"}],"wp:term":[{"taxonomy":"category","embeddable":true,"href":"https:\/\/www.journee-mondiale.com\/es\/wp-json\/wp\/v2\/categories?post=12913"},{"taxonomy":"post_tag","embeddable":true,"href":"https:\/\/www.journee-mondiale.com\/es\/wp-json\/wp\/v2\/tags?post=12913"}],"curies":[{"name":"wp","href":"https:\/\/api.w.org\/{rel}","templated":true}]}}