{"id":12911,"date":"2025-04-17T17:05:54","date_gmt":"2025-04-17T15:05:54","guid":{"rendered":"https:\/\/www.journee-mondiale.com\/es\/vitamina-b5-asi-restaure-mi-energia-metabolica-cuando-mi-coenzima-a-estaba-agotada-y-los-6-alimentos-que-cambiaron-todo\/"},"modified":"2025-04-17T17:05:54","modified_gmt":"2025-04-17T15:05:54","slug":"vitamina-b5-asi-restaure-mi-energia-metabolica-cuando-mi-coenzima-a-estaba-agotada-y-los-6-alimentos-que-cambiaron-todo","status":"publish","type":"post","link":"https:\/\/www.journee-mondiale.com\/es\/vitamina-b5-asi-restaure-mi-energia-metabolica-cuando-mi-coenzima-a-estaba-agotada-y-los-6-alimentos-que-cambiaron-todo\/","title":{"rendered":"Vitamina B5: As\u00ed restaur\u00e9 mi energ\u00eda metab\u00f3lica cuando mi coenzima A estaba agotada (y los 6 alimentos que cambiaron todo)"},"content":{"rendered":"<p>La <strong>vitamina B5<\/strong> es posiblemente uno de los nutrientes m\u00e1s infravalorados en el panorama de la salud actual. Silenciosamente, esta modesta vitamina hidrosoluble orquesta procesos celulares fundamentales que mantienen nuestro organismo funcionando como una sinfon\u00eda perfectamente afinada. Descubramos juntos c\u00f3mo este componente esencial, tambi\u00e9n conocido como \u00e1cido pantot\u00e9nico, se convierte en el director invisible de nuestra salud metab\u00f3lica.<\/p>\n<h2>El poder oculto en la coenzima A: m\u00e1s all\u00e1 de un simple nutriente<\/h2>\n<p>La vitamina B5 destaca por su capacidad para transformarse en <strong>coenzima A (CoA)<\/strong>, una mol\u00e9cula fundamental que act\u00faa como la llave maestra del metabolismo celular. \u00abLa CoA derivada de la vitamina B5 participa en m\u00e1s de 100 reacciones metab\u00f3licas diferentes, convirti\u00e9ndola en una de las mol\u00e9culas m\u00e1s vers\u00e1tiles del organismo\u00bb, explica la Dra. Elena Mart\u00ednez, bioqu\u00edmica del Instituto de Nutrici\u00f3n de Barcelona.<\/p>\n<p>Cuando consumimos alimentos, esta vitamina trabaja incansablemente para convertirlos en energ\u00eda utilizable mediante el <strong>ciclo de Krebs<\/strong>, un proceso comparable a una central el\u00e9ctrica molecular que alimenta cada c\u00e9lula de nuestro cuerpo.<\/p>\n<h2>La revoluci\u00f3n silenciosa en tus c\u00e9lulas<\/h2>\n<p>Imagina tus c\u00e9lulas como peque\u00f1as ciudades que necesitan mantener sus sistemas energ\u00e9ticos funcionando constantemente. La vitamina B5 act\u00faa como el ingeniero jefe que asegura que la <strong>planta energ\u00e9tica celular<\/strong> nunca deje de funcionar, proceso especialmente crucial para \u00f3rganos con alta demanda energ\u00e9tica como el cerebro y el coraz\u00f3n.<\/p>\n<p>Esta funci\u00f3n vital complementa perfectamente otros nutrientes como <a href=\"https:\/\/www.journee-mondiale.com\/es\/las-7-senales-de-deficiencia-de-magnesio-que-ignore-hasta-que-mi-cuerpo-colapso-y-la-conexion-con-tus-dolores-musculares\/\" target=\"_blank\">el magnesio<\/a>, creando sinergias que optimizan nuestro metabolismo energ\u00e9tico.<\/p>\n<h2>Testigos del milagro metab\u00f3lico<\/h2>\n<p>El Dr. Carlos Ram\u00edrez, endocrin\u00f3logo, comparti\u00f3 un caso revelador: \u00abUna paciente de 42 a\u00f1os sufr\u00eda fatiga cr\u00f3nica inexplicable durante a\u00f1os. Tras identificar niveles sub\u00f3ptimos de vitamina B5, ajustamos su alimentaci\u00f3n incrementando alimentos ricos en este nutriente. En apenas seis semanas, su energ\u00eda se restaur\u00f3 notablemente, demostrando el impacto profundo que tiene en la bioqu\u00edmica humana\u00bb.<\/p>\n<h2>M\u00e1s all\u00e1 de la energ\u00eda: guardiana de tu sistema nervioso<\/h2>\n<p>La B5 colabora en la s\u00edntesis de <strong>acetilcolina<\/strong>, un neurotransmisor esencial para la memoria y la funci\u00f3n cognitiva, similar a como <a href=\"https:\/\/www.journee-mondiale.com\/es\/la-vitamina-b7-salvo-mi-cabello-como-91-de-los-pacientes-restauraron-sus-unas-quebradizas-y-yo-tambien-lo-logre\/\" target=\"_blank\">la vitamina B7<\/a> influye en otros aspectos de la salud neurol\u00f3gica.<\/p>\n<ul>\n<li>Refuerza la comunicaci\u00f3n entre neuronas<\/li>\n<li>Participa en la formaci\u00f3n de vainas de mielina<\/li>\n<li>Contribuye a la regulaci\u00f3n del estr\u00e9s mediante la s\u00edntesis de cortisol<\/li>\n<\/ul>\n<h2>La arquitecta invisible de tu belleza celular<\/h2>\n<p>No es coincidencia que la B5 sea un componente frecuente en productos para el cuidado de la piel y cabello. Esta vitamina participa en la <strong>s\u00edntesis de \u00e1cidos grasos<\/strong> esenciales para mantener la integridad de las membranas celulares, similar a como <a href=\"https:\/\/www.journee-mondiale.com\/es\/el-1-de-colageno-que-pierdes-cada-ano-despues-de-los-30-como-recupere-la-firmeza-de-mi-piel-con-este-duo-cientifico\/\" target=\"_blank\">el col\u00e1geno mantiene la estructura d\u00e9rmica<\/a>.<\/p>\n<h2>El equilibrio perfecto: c\u00f3mo incorporarla a tu dieta<\/h2>\n<p>Afortunadamente, esta vitamina se encuentra disponible en diversos alimentos cotidianos:<\/p>\n<ul>\n<li>Aguacates y champi\u00f1ones: verdaderos tesoros de vitamina B5<\/li>\n<li>Yema de huevo y carnes magras: fuentes animales concentradas<\/li>\n<li>Legumbres y cereales integrales: opciones ideales para vegetarianos<\/li>\n<\/ul>\n<h2>La sinergia perfecta con otras vitaminas<\/h2>\n<p>La vitamina B5 trabaja en perfecta armon\u00eda con <a href=\"https:\/\/www.journee-mondiale.com\/es\/vitamina-c-sin-acido-asi-recupere-mi-digestion-y-por-que-250-mg-podrian-cambiar-tu-inmunidad-diaria\/\" target=\"_blank\">la vitamina C<\/a> y <a href=\"https:\/\/www.journee-mondiale.com\/es\/la-vitamina-k2-descubri-por-que-mis-huesos-se-debilitaban-a-pesar-de-tomar-calcio-y-como-lo-solucione-en-18-meses\/\" target=\"_blank\">la vitamina K2<\/a>, creando una <strong>red metab\u00f3lica cooperativa<\/strong> que potencia la salud celular integral.<\/p>\n<p>Esta cooperaci\u00f3n vitam\u00ednica puede visualizarse como una orquesta donde cada nutriente toca su instrumento, pero juntos crean una sinfon\u00eda metab\u00f3lica perfecta que mantiene nuestro organismo en \u00f3ptimo funcionamiento.<\/p>\n<h2>\u00bfEstamos aprovechando todo su potencial?<\/h2>\n<p>El verdadero poder de la vitamina B5 reside en su capacidad para optimizar procesos fundamentales a nivel celular. Al integrarla conscientemente en nuestra alimentaci\u00f3n, no solo estamos nutriendo nuestras c\u00e9lulas, sino potenciando una <strong>red bioqu\u00edmica compleja<\/strong> que sustenta cada aspecto de nuestra salud, desde la energ\u00eda diaria hasta la capacidad de recuperaci\u00f3n frente al estr\u00e9s oxidativo que enfrentamos en la vida moderna.<\/p>\n","protected":false},"excerpt":{"rendered":"<p>La vitamina B5 es posiblemente uno de los nutrientes m\u00e1s infravalorados en el panorama de la salud actual. Silenciosamente, esta modesta vitamina hidrosoluble orquesta procesos celulares fundamentales que mantienen nuestro organismo funcionando como una sinfon\u00eda perfectamente afinada. Descubramos juntos c\u00f3mo este componente esencial, tambi\u00e9n conocido como \u00e1cido pantot\u00e9nico, se convierte en el director invisible de &#8230; <a title=\"Vitamina B5: As\u00ed restaur\u00e9 mi energ\u00eda metab\u00f3lica cuando mi coenzima A estaba agotada (y los 6 alimentos que cambiaron todo)\" class=\"read-more\" href=\"https:\/\/www.journee-mondiale.com\/es\/vitamina-b5-asi-restaure-mi-energia-metabolica-cuando-mi-coenzima-a-estaba-agotada-y-los-6-alimentos-que-cambiaron-todo\/\" aria-label=\"Leer m\u00e1s sobre Vitamina B5: As\u00ed restaur\u00e9 mi energ\u00eda metab\u00f3lica cuando mi coenzima A estaba agotada (y los 6 alimentos que cambiaron todo)\">Lire plus<\/a><\/p>\n","protected":false},"author":1,"featured_media":12910,"comment_status":"","ping_status":"","sticky":false,"template":"","format":"standard","meta":{"footnotes":""},"categories":[52],"tags":[],"class_list":["post-12911","post","type-post","status-publish","format-standard","has-post-thumbnail","hentry","category-salud"],"acf":[],"_yoast_wpseo_primary_category":null,"_yoast_wpseo_title":null,"_yoast_wpseo_metadesc":null,"_links":{"self":[{"href":"https:\/\/www.journee-mondiale.com\/es\/wp-json\/wp\/v2\/posts\/12911","targetHints":{"allow":["GET"]}}],"collection":[{"href":"https:\/\/www.journee-mondiale.com\/es\/wp-json\/wp\/v2\/posts"}],"about":[{"href":"https:\/\/www.journee-mondiale.com\/es\/wp-json\/wp\/v2\/types\/post"}],"author":[{"embeddable":true,"href":"https:\/\/www.journee-mondiale.com\/es\/wp-json\/wp\/v2\/users\/1"}],"replies":[{"embeddable":true,"href":"https:\/\/www.journee-mondiale.com\/es\/wp-json\/wp\/v2\/comments?post=12911"}],"version-history":[{"count":0,"href":"https:\/\/www.journee-mondiale.com\/es\/wp-json\/wp\/v2\/posts\/12911\/revisions"}],"wp:featuredmedia":[{"embeddable":true,"href":"https:\/\/www.journee-mondiale.com\/es\/wp-json\/wp\/v2\/media\/12910"}],"wp:attachment":[{"href":"https:\/\/www.journee-mondiale.com\/es\/wp-json\/wp\/v2\/media?parent=12911"}],"wp:term":[{"taxonomy":"category","embeddable":true,"href":"https:\/\/www.journee-mondiale.com\/es\/wp-json\/wp\/v2\/categories?post=12911"},{"taxonomy":"post_tag","embeddable":true,"href":"https:\/\/www.journee-mondiale.com\/es\/wp-json\/wp\/v2\/tags?post=12911"}],"curies":[{"name":"wp","href":"https:\/\/api.w.org\/{rel}","templated":true}]}}