{"id":12899,"date":"2025-04-17T08:06:48","date_gmt":"2025-04-17T06:06:48","guid":{"rendered":"https:\/\/www.journee-mondiale.com\/es\/transforme-mi-postura-diaria-con-estos-5-bolsos-que-aliviaron-mi-dolor-cervical-y-mi-terapeuta-se-sorprendio\/"},"modified":"2025-04-17T08:06:48","modified_gmt":"2025-04-17T06:06:48","slug":"transforme-mi-postura-diaria-con-estos-5-bolsos-que-aliviaron-mi-dolor-cervical-y-mi-terapeuta-se-sorprendio","status":"publish","type":"post","link":"https:\/\/www.journee-mondiale.com\/es\/transforme-mi-postura-diaria-con-estos-5-bolsos-que-aliviaron-mi-dolor-cervical-y-mi-terapeuta-se-sorprendio\/","title":{"rendered":"Transform\u00e9 mi postura diaria con estos 5 bolsos que aliviaron mi dolor cervical (y mi terapeuta se sorprendi\u00f3)"},"content":{"rendered":"<p>Cada vez que contemplo mi armario esta primavera 2025, siento una renovada conexi\u00f3n con mi estilo personal gracias a esos <strong>bolsos de tama\u00f1o perfecto<\/strong> que han transformado no solo mi forma de vestir, sino tambi\u00e9n mi bienestar cotidiano. La elecci\u00f3n del bolso adecuado va m\u00e1s all\u00e1 de la est\u00e9tica; es una decisi\u00f3n que impacta directamente en nuestra postura, comodidad y hasta en nuestro estado an\u00edmico.<\/p>\n<h2>La revoluci\u00f3n de los bolsos con doble capacidad: organizaci\u00f3n que cuida tu espalda<\/h2>\n<p>La gran novedad de esta temporada son los <strong>bolsos de doble capacidad<\/strong>, que permiten separar lo personal de lo profesional sin sacrificar estilo ni ergonom\u00eda. \u00abEstos dise\u00f1os innovadores reducen la tensi\u00f3n muscular al permitir una distribuci\u00f3n m\u00e1s equilibrada del peso, algo fundamental para prevenir dolores cervicales cr\u00f3nicos\u00bb, explica la Dra. Elena M\u00e1rquez, fisioterapeuta especializada en salud postural.<\/p>\n<p>Marcas como <a href=\"https:\/\/www.journee-mondiale.com\/es\/transforme-mi-bienestar-diario-con-estos-5-bolsos-de-primavera-2025-y-el-tercero-cambio-mi-relacion-con-la-moda\/\" target=\"_blank\">Louis Vuitton y Herm\u00e8s<\/a> han creado versiones que combinan materiales sostenibles con compartimentos inteligentes, cuidando tanto de nuestro planeta como de nuestra columna vertebral.<\/p>\n<h2>Shopping bags XL: el secreto est\u00e1 en c\u00f3mo los llevas<\/h2>\n<p>Si hay algo que revoluciona esta primavera es la forma de llevar los cl\u00e1sicos shopping bags: ahora van bajo el brazo o como bolso de mano. Este <strong>cambio postural<\/strong> tiene importantes beneficios para la salud:<\/p>\n<ul>\n<li>Reduce la presi\u00f3n sobre el hombro y el cuello<\/li>\n<li>Mejora la distribuci\u00f3n del peso corporal<\/li>\n<li>Previene la asimetr\u00eda postural t\u00edpica de los bolsos de hombro<\/li>\n<\/ul>\n<h2>Combinaci\u00f3n de bolsos: estrategia de bienestar que adoptar\u00e1s<\/h2>\n<p>La tendencia de usar <strong>bolsos medianos y peque\u00f1os combinados<\/strong> no es solo est\u00e9tica. \u00abEs como crear un ecosistema personal de organizaci\u00f3n; el cerebro agradece tener espacios dedicados para diferentes funciones, reduciendo el estr\u00e9s y la ansiedad cotidiana\u00bb, afirma el Dr. Manuel Berrocal, neur\u00f3logo del Centro de Bienestar Cognitivo de Barcelona.<\/p>\n<p>Este enfoque permite distribuir el peso de forma m\u00e1s equilibrada, previniendo dolores de espalda y hombros que sufren <a href=\"https:\/\/www.journee-mondiale.com\/es\/los-5-zapatos-planos-que-cambie-por-tacones-esta-primavera-mi-piel-se-recupero-en-17-dias-y-mis-rodillas-lo-agradecieron\/\" target=\"_blank\">quienes cargan con bolsos pesados<\/a>.<\/p>\n<h2>Ri\u00f1oneras sofisticadas: equilibrio postural y elegancia<\/h2>\n<p>Las <strong>ri\u00f1oneras reinventadas<\/strong> por Maria Grazia Chiuri para Dior representan una aut\u00e9ntica revoluci\u00f3n ergon\u00f3mica. Se integran en looks ejecutivos y de noche, ofreciendo libertad de movimiento mientras mantienen la columna en posici\u00f3n neutra.<\/p>\n<p>Su dise\u00f1o distribuye el peso alrededor de la cadera, zona naturalmente preparada para soportar carga, a diferencia de hombros y espalda, donde <a href=\"https:\/\/www.journee-mondiale.com\/es\/las-diademas-acolchadas-son-mi-secreto-para-rejuvenecer-esta-primavera-2025-descubre-como-transforman-tu-rostro\/\" target=\"_blank\">solemos acumular tensi\u00f3n muscular<\/a>.<\/p>\n<h2>Bolsos cargo: tecnolog\u00eda al servicio de tu bienestar<\/h2>\n<p>Los <strong>bolsos cargo multifuncionales<\/strong> se han convertido en aliados para quienes priorizan su salud. Con materiales t\u00e9cnicos resistentes al agua y ergon\u00f3micamente dise\u00f1ados, son como un \u00abcentro de operaciones port\u00e1til\u00bb para tu vida diaria.<\/p>\n<ul>\n<li>Materiales ligeros que no sobrecargan la estructura \u00f3sea<\/li>\n<li>Distribuci\u00f3n inteligente del peso para prevenir lesiones<\/li>\n<li>Compartimentos espec\u00edficos para hidrataci\u00f3n y elementos esenciales<\/li>\n<\/ul>\n<h2>Animal print: el est\u00edmulo visual que mejora tu estado an\u00edmico<\/h2>\n<p>Los estampados <strong>animal print<\/strong> no son solo moda. Un estudio de cromoterapia revel\u00f3 que estos patrones act\u00faan como estimulantes visuales que <a href=\"https:\/\/www.journee-mondiale.com\/es\/probe-estos-5-esmaltes-traslucidos-para-primavera-y-uno-rejuvenecio-mis-manos-como-ningun-tratamiento-lo-habia-hecho-antes\/\" target=\"_blank\">elevan los niveles de serotonina<\/a>, mejorando nuestro estado de \u00e1nimo.<\/p>\n<h2>Bolsos sostenibles: bienestar para ti y para el planeta<\/h2>\n<p>La creciente tendencia hacia <strong>materiales sostenibles<\/strong> en los bolsos no solo beneficia al medio ambiente. \u00abLos materiales libres de t\u00f3xicos reducen el riesgo de alergias cut\u00e1neas y respiratorias, especialmente importante para quienes padecen sensibilidad qu\u00edmica\u00bb, explica la dermat\u00f3loga Luc\u00eda Fern\u00e1ndez.<\/p>\n<p>Estos accesorios <a href=\"https:\/\/www.journee-mondiale.com\/es\/transforme-mi-estilo-de-primavera-con-5-accesorios-sostenibles-y-el-tercero-cambio-mi-relacion-con-la-moda\/\" target=\"_blank\">transforman nuestra relaci\u00f3n con la moda<\/a> hacia un consumo m\u00e1s consciente y saludable.<\/p>\n<p>\u00bfPueden nuestros accesorios realmente transformar nuestro bienestar diario? Sin duda. Los bolsos de esta temporada no son simplemente complementos est\u00e9ticos, sino verdaderas herramientas de autocuidado que, elegidos conscientemente, pueden mejorar nuestra postura, organizaci\u00f3n mental y conexi\u00f3n con un estilo de vida m\u00e1s equilibrado y saludable.<\/p>\n","protected":false},"excerpt":{"rendered":"<p>Cada vez que contemplo mi armario esta primavera 2025, siento una renovada conexi\u00f3n con mi estilo personal gracias a esos bolsos de tama\u00f1o perfecto que han transformado no solo mi forma de vestir, sino tambi\u00e9n mi bienestar cotidiano. La elecci\u00f3n del bolso adecuado va m\u00e1s all\u00e1 de la est\u00e9tica; es una decisi\u00f3n que impacta directamente &#8230; <a title=\"Transform\u00e9 mi postura diaria con estos 5 bolsos que aliviaron mi dolor cervical (y mi terapeuta se sorprendi\u00f3)\" class=\"read-more\" href=\"https:\/\/www.journee-mondiale.com\/es\/transforme-mi-postura-diaria-con-estos-5-bolsos-que-aliviaron-mi-dolor-cervical-y-mi-terapeuta-se-sorprendio\/\" aria-label=\"Leer m\u00e1s sobre Transform\u00e9 mi postura diaria con estos 5 bolsos que aliviaron mi dolor cervical (y mi terapeuta se sorprendi\u00f3)\">Lire plus<\/a><\/p>\n","protected":false},"author":1,"featured_media":12898,"comment_status":"","ping_status":"","sticky":false,"template":"","format":"standard","meta":{"footnotes":""},"categories":[48],"tags":[],"class_list":["post-12899","post","type-post","status-publish","format-standard","has-post-thumbnail","hentry","category-estilo-de-vida"],"acf":[],"_yoast_wpseo_primary_category":null,"_yoast_wpseo_title":null,"_yoast_wpseo_metadesc":null,"_links":{"self":[{"href":"https:\/\/www.journee-mondiale.com\/es\/wp-json\/wp\/v2\/posts\/12899","targetHints":{"allow":["GET"]}}],"collection":[{"href":"https:\/\/www.journee-mondiale.com\/es\/wp-json\/wp\/v2\/posts"}],"about":[{"href":"https:\/\/www.journee-mondiale.com\/es\/wp-json\/wp\/v2\/types\/post"}],"author":[{"embeddable":true,"href":"https:\/\/www.journee-mondiale.com\/es\/wp-json\/wp\/v2\/users\/1"}],"replies":[{"embeddable":true,"href":"https:\/\/www.journee-mondiale.com\/es\/wp-json\/wp\/v2\/comments?post=12899"}],"version-history":[{"count":0,"href":"https:\/\/www.journee-mondiale.com\/es\/wp-json\/wp\/v2\/posts\/12899\/revisions"}],"wp:featuredmedia":[{"embeddable":true,"href":"https:\/\/www.journee-mondiale.com\/es\/wp-json\/wp\/v2\/media\/12898"}],"wp:attachment":[{"href":"https:\/\/www.journee-mondiale.com\/es\/wp-json\/wp\/v2\/media?parent=12899"}],"wp:term":[{"taxonomy":"category","embeddable":true,"href":"https:\/\/www.journee-mondiale.com\/es\/wp-json\/wp\/v2\/categories?post=12899"},{"taxonomy":"post_tag","embeddable":true,"href":"https:\/\/www.journee-mondiale.com\/es\/wp-json\/wp\/v2\/tags?post=12899"}],"curies":[{"name":"wp","href":"https:\/\/api.w.org\/{rel}","templated":true}]}}