{"id":12873,"date":"2025-04-15T19:00:14","date_gmt":"2025-04-15T17:00:14","guid":{"rendered":"https:\/\/www.journee-mondiale.com\/es\/el-corte-pixie-moderno-transforma-1-403-rostros-espanoles-esta-primavera-la-tecnica-japonesa-que-necesita-solo-5-minutos-cada-manana\/"},"modified":"2025-04-15T19:00:14","modified_gmt":"2025-04-15T17:00:14","slug":"el-corte-pixie-moderno-transforma-1-403-rostros-espanoles-esta-primavera-la-tecnica-japonesa-que-necesita-solo-5-minutos-cada-manana","status":"publish","type":"post","link":"https:\/\/www.journee-mondiale.com\/es\/el-corte-pixie-moderno-transforma-1-403-rostros-espanoles-esta-primavera-la-tecnica-japonesa-que-necesita-solo-5-minutos-cada-manana\/","title":{"rendered":"El corte pixie moderno transforma 1.403 rostros espa\u00f1oles esta primavera (la t\u00e9cnica japonesa que necesita solo 5 minutos cada ma\u00f1ana)"},"content":{"rendered":"<p>La <strong>primavera 2025<\/strong> llega con una renovaci\u00f3n total para quienes buscan un cambio radical en su imagen. El corte pixie moderno se ha transformado, evolucionando de su versi\u00f3n cl\u00e1sica a una propuesta llena de posibilidades que est\u00e1 conquistando las calles de Madrid y Barcelona. \u00bfEst\u00e1s lista para descubrir por qu\u00e9 se ha convertido en la elecci\u00f3n favorita esta temporada?<\/p>\n<h2>El renacimiento del pixie: la tendencia que define la primavera 2025<\/h2>\n<p>Lo que comenz\u00f3 como un corte atrevido y revolucionario en los a\u00f1os 60 con Twiggy y Mia Farrow, hoy regresa renovado con una <strong>versatilidad inigualable<\/strong>. \u00abEl pixie moderno 2025 ya no es solo un corte corto, sino una declaraci\u00f3n de personalidad adaptable a cualquier rostro\u00bb, explica Mar\u00eda Serrano, directora creativa de Sal\u00f3n Tendencias Madrid.<\/p>\n<p>Esta primavera, el pixie se reinventa mezclando elementos del <a href=\"https:\/\/www.journee-mondiale.com\/es\/el-pixie-vintage-revive-3-versiones-de-los-70-que-transforman-rostros-maduros-sin-retoques-por-25-dias\/\" target=\"_blank\">pixie vintage de los a\u00f1os 70<\/a> con toques contempor\u00e1neos, creando una fusi\u00f3n perfecta entre lo retro y lo moderno.<\/p>\n<h2>Las 3 variaciones que est\u00e1n arrasando esta temporada<\/h2>\n<ul>\n<li><strong>Pixie Mullet:<\/strong> La mezcla inesperada que combina la frescura del pixie con el volumen estrat\u00e9gico del mullet.<\/li>\n<li><strong>Long Pixie:<\/strong> Perfecto para quienes desean transicionar, manteniendo m\u00e1s longitud en la parte superior.<\/li>\n<li><strong>Pixie Asim\u00e9trico:<\/strong> Con flequillo ladeado, ideal para equilibrar rostros alargados y aportar dinamismo.<\/li>\n<\/ul>\n<h2>La revoluci\u00f3n del pixie: mantenimiento m\u00ednimo, impacto m\u00e1ximo<\/h2>\n<p>El secreto detr\u00e1s de su popularidad explosiva radica en su practicidad. \u00abEs como tener un <strong>traje a medida para tu rostro<\/strong> que apenas requiere tiempo cada ma\u00f1ana\u00bb, se\u00f1ala Carlos Ruiz, estilista internacional y embajador de L&#8217;Or\u00e9al Professional.<\/p>\n<p>Este corte <a href=\"https:\/\/www.journee-mondiale.com\/es\/el-corte-pixie-que-requiere-25-dias-entre-retoques-esta-transformando-a-1-403-mujeres-espanolas-esta-primavera-la-razon-es-sorprendente\/\" target=\"_blank\">necesita retoques aproximadamente cada 25 d\u00edas<\/a>, pero la libertad y confianza que proporciona compensan con creces esta inversi\u00f3n de tiempo.<\/p>\n<h2>La magia del pixie a cualquier edad<\/h2>\n<p>Como una mariposa que emerge de su cris\u00e1lida, el pixie moderno transforma y revitaliza cualquier rostro, especialmente despu\u00e9s de los 50. <a href=\"https:\/\/www.journee-mondiale.com\/es\/el-pixie-que-rejuvenecio-mi-rostro-a-los-50-el-flequillo-diagonal-que-necesita-solo-5-minutos-cada-manana-y-por-que-1-403-mujeres-cambiaron-a-este-corte\/\" target=\"_blank\">El flequillo diagonal ha demostrado ser particularmente rejuvenecedor<\/a>, creando un efecto lifting natural que suaviza las l\u00edneas de expresi\u00f3n.<\/p>\n<blockquote><p>\u00abHe visto mujeres entrar en mi sal\u00f3n con inseguridades y salir con un pixie moderno irradiando una confianza que no mostraban en a\u00f1os. Es m\u00e1s que un corte; es una transformaci\u00f3n psicol\u00f3gica\u00bb, comparte Elena V\u00e1zquez, especialista en transformaciones capilares.<\/p><\/blockquote>\n<h2>Potencia tu pixie con el color perfecto<\/h2>\n<p>La <strong>combinaci\u00f3n estrat\u00e9gica<\/strong> de un pixie moderno con t\u00e9cnicas de color innovadoras multiplica su impacto. La <a href=\"https:\/\/www.journee-mondiale.com\/es\/la-tecnica-de-balayage-para-pelo-corto-que-anade-40-mas-volumen-descubre-como-cambia-tu-imagen-en-solo-5-minutos-cada-manana\/\" target=\"_blank\">t\u00e9cnica de balayage para pelo corto est\u00e1 a\u00f1adiendo un 40% m\u00e1s de volumen<\/a> esta primavera, creando dimensi\u00f3n y movimiento incluso en los cortes m\u00e1s radicales.<\/p>\n<h2>La influencia asi\u00e1tica que est\u00e1 revolucionando los salones espa\u00f1oles<\/h2>\n<p>De Tokio a Madrid, la <a href=\"https:\/\/www.journee-mondiale.com\/es\/la-revolucionaria-tecnica-japonesa-que-fusiona-pixie-y-reflejos-platinados-elimina-10-anos-del-rostro-en-solo-5-minutos-cada-manana\/\" target=\"_blank\">t\u00e9cnica japonesa que fusiona el pixie con reflejos platinados<\/a> est\u00e1 generando filas de espera en los mejores salones. Como un lienzo en blanco que cobra vida, esta fusi\u00f3n orientaloccidental est\u00e1 eliminando visualmente a\u00f1os del rostro con un mantenimiento m\u00ednimo.<\/p>\n<h2>\u00bfC\u00f3mo adaptar el pixie a tu rostro y estilo de vida?<\/h2>\n<ul>\n<li><strong>Rostro ovalado:<\/strong> Pr\u00e1cticamente cualquier variaci\u00f3n de pixie funciona, aprovecha para experimentar.<\/li>\n<li><strong>Rostro redondo:<\/strong> Opta por altura en la corona y laterales m\u00e1s pegados para estilizar.<\/li>\n<li><strong>Rostro cuadrado:<\/strong> Suaviza los \u00e1ngulos con flequillos texturizados y capas irregulares.<\/li>\n<li><strong>Rostro triangular:<\/strong> Equilibra con volumen en los laterales y un flequillo m\u00e1s ligero.<\/li>\n<\/ul>\n<p>\u00bfTe atreves a experimentar la libertad y confianza que solo un pixie moderno puede ofrecer? Esta primavera 2025 es el momento perfecto para dar ese paso hacia la versi\u00f3n m\u00e1s aut\u00e9ntica y radiante de ti misma.<\/p>\n","protected":false},"excerpt":{"rendered":"<p>La primavera 2025 llega con una renovaci\u00f3n total para quienes buscan un cambio radical en su imagen. El corte pixie moderno se ha transformado, evolucionando de su versi\u00f3n cl\u00e1sica a una propuesta llena de posibilidades que est\u00e1 conquistando las calles de Madrid y Barcelona. \u00bfEst\u00e1s lista para descubrir por qu\u00e9 se ha convertido en la &#8230; <a title=\"El corte pixie moderno transforma 1.403 rostros espa\u00f1oles esta primavera (la t\u00e9cnica japonesa que necesita solo 5 minutos cada ma\u00f1ana)\" class=\"read-more\" href=\"https:\/\/www.journee-mondiale.com\/es\/el-corte-pixie-moderno-transforma-1-403-rostros-espanoles-esta-primavera-la-tecnica-japonesa-que-necesita-solo-5-minutos-cada-manana\/\" aria-label=\"Leer m\u00e1s sobre El corte pixie moderno transforma 1.403 rostros espa\u00f1oles esta primavera (la t\u00e9cnica japonesa que necesita solo 5 minutos cada ma\u00f1ana)\">Lire plus<\/a><\/p>\n","protected":false},"author":1,"featured_media":12872,"comment_status":"","ping_status":"","sticky":false,"template":"","format":"standard","meta":{"footnotes":""},"categories":[48],"tags":[],"class_list":["post-12873","post","type-post","status-publish","format-standard","has-post-thumbnail","hentry","category-estilo-de-vida"],"acf":[],"_yoast_wpseo_primary_category":null,"_yoast_wpseo_title":null,"_yoast_wpseo_metadesc":null,"_links":{"self":[{"href":"https:\/\/www.journee-mondiale.com\/es\/wp-json\/wp\/v2\/posts\/12873","targetHints":{"allow":["GET"]}}],"collection":[{"href":"https:\/\/www.journee-mondiale.com\/es\/wp-json\/wp\/v2\/posts"}],"about":[{"href":"https:\/\/www.journee-mondiale.com\/es\/wp-json\/wp\/v2\/types\/post"}],"author":[{"embeddable":true,"href":"https:\/\/www.journee-mondiale.com\/es\/wp-json\/wp\/v2\/users\/1"}],"replies":[{"embeddable":true,"href":"https:\/\/www.journee-mondiale.com\/es\/wp-json\/wp\/v2\/comments?post=12873"}],"version-history":[{"count":0,"href":"https:\/\/www.journee-mondiale.com\/es\/wp-json\/wp\/v2\/posts\/12873\/revisions"}],"wp:featuredmedia":[{"embeddable":true,"href":"https:\/\/www.journee-mondiale.com\/es\/wp-json\/wp\/v2\/media\/12872"}],"wp:attachment":[{"href":"https:\/\/www.journee-mondiale.com\/es\/wp-json\/wp\/v2\/media?parent=12873"}],"wp:term":[{"taxonomy":"category","embeddable":true,"href":"https:\/\/www.journee-mondiale.com\/es\/wp-json\/wp\/v2\/categories?post=12873"},{"taxonomy":"post_tag","embeddable":true,"href":"https:\/\/www.journee-mondiale.com\/es\/wp-json\/wp\/v2\/tags?post=12873"}],"curies":[{"name":"wp","href":"https:\/\/api.w.org\/{rel}","templated":true}]}}