{"id":12865,"date":"2025-04-15T13:05:12","date_gmt":"2025-04-15T11:05:12","guid":{"rendered":"https:\/\/www.journee-mondiale.com\/es\/viaje-10-dias-a-paris-y-descubri-los-7-secretos-de-estilo-frances-que-dominaran-la-primavera-2025\/"},"modified":"2025-04-15T13:05:12","modified_gmt":"2025-04-15T11:05:12","slug":"viaje-10-dias-a-paris-y-descubri-los-7-secretos-de-estilo-frances-que-dominaran-la-primavera-2025","status":"publish","type":"post","link":"https:\/\/www.journee-mondiale.com\/es\/viaje-10-dias-a-paris-y-descubri-los-7-secretos-de-estilo-frances-que-dominaran-la-primavera-2025\/","title":{"rendered":"Viaj\u00e9 10 d\u00edas a Par\u00eds y descubr\u00ed los 7 secretos de estilo franc\u00e9s que dominar\u00e1n la primavera 2025"},"content":{"rendered":"<p>Un viaje a Par\u00eds no solo nutre el alma, sino que puede transformar por completo nuestra visi\u00f3n de la moda. Durante <strong>diez d\u00edas inmersivos<\/strong> en la Ciudad de la Luz, mis amigas francesas me revelaron los secretos de estilo que dominar\u00e1n la primavera 2025. Este recorrido por las calles parisinas desvel\u00f3 tendencias que combinan tradici\u00f3n e innovaci\u00f3n, perfectas para renovar nuestro armario esta temporada.<\/p>\n<h2>La revoluci\u00f3n de los colores que cautivar\u00e1 tu vestuario<\/h2>\n<p>La primavera 2025 trae una <strong>dualidad crom\u00e1tica fascinante<\/strong>. \u00abLos tonos pastel, especialmente el rosa suave, ser\u00e1n imprescindibles para transmitir delicadeza, mientras que colores vibrantes como el azul el\u00e9ctrico aportar\u00e1n energ\u00eda a cualquier conjunto\u00bb, explica Marine Dubois, estilista de la revista Elle Francia. Esta combinaci\u00f3n permite crear looks equilibrados, perfectos para adaptarse a cualquier estado de \u00e1nimo.<\/p>\n<h2>El retorno del boho-chic con un toque parisino<\/h2>\n<p>El esp\u00edritu bohemio resurge con fuerza en las calles de Par\u00eds. \u00abEl <strong>boho-chic se reinventa<\/strong> esta primavera con un enfoque m\u00e1s refinado y menos hippie\u00bb, comenta Sophie Laurent, consultora de moda. Este estilo, abanderado por firmas como Chlo\u00e9 e Isabel Marant, incorpora elementos \u00e9tnicos en prendas estructuradas, creando ese equilibrio perfecto entre despreocupaci\u00f3n y elegancia que tanto caracteriza a las francesas.<\/p>\n<h2>El denim que cambiar\u00e1 tu concepto de lo cl\u00e1sico<\/h2>\n<p>El vaquero experimenta una metamorfosis sorprendente esta temporada. Los <strong>jeans oversize<\/strong> y las faldas de denim con lavados experimentales se convierten en piezas de coleccionista. Como descubr\u00ed en los barrios de Le Marais, las parisinas apuestan por <a href=\"https:\/\/www.journee-mondiale.com\/es\/los-jeans-que-regresaran-esta-primavera-2025-probe-7-estilos-barrel-y-uno-cambio-mi-concepto-del-denim-sostenible\/\" target=\"_blank\">estilos barrel sostenibles<\/a> que no solo favorecen la silueta sino que respetan el planeta.<\/p>\n<h2>El minimalismo futurista que simplifica tu rutina matutina<\/h2>\n<p>Una tendencia que me cautiv\u00f3 fue el <strong>minimalismo con toques futuristas<\/strong>. Los <a href=\"https:\/\/www.journee-mondiale.com\/es\/10-looks-monocromaticos-que-estilizan-tu-figura-en-primavera-2025-probe-el-tercero-y-alargo-visualmente-mi-silueta\/\" target=\"_blank\">looks monocrom\u00e1ticos<\/a> en tonos neutros, enriquecidos con detalles met\u00e1licos, crean ese aura de sofisticaci\u00f3n sin esfuerzo. \u00abEs como si el guardarropa se convirtiera en un laboratorio de estilo donde menos siempre es m\u00e1s\u00bb, me explic\u00f3 Camille Bernard, propietaria de una boutique en Saint-Germain.<\/p>\n<h2>La lencer\u00eda visible que redefine la feminidad cotidiana<\/h2>\n<p>Las francesas han adoptado la <strong>lencer\u00eda como elemento exterior<\/strong>, integrando sujetadores bandeau y encajes visibles en sus conjuntos diarios. Este juego de transparencias y capas crea dimensi\u00f3n y sensualidad sin caer en lo expl\u00edcito, una lecci\u00f3n magistral de equilibrio que me impresion\u00f3 durante mi estancia.<\/p>\n<h2>Accesorios sostenibles que transformar\u00e1n tu relaci\u00f3n con la moda<\/h2>\n<p>Los <a href=\"https:\/\/www.journee-mondiale.com\/es\/transforme-mi-estilo-de-primavera-con-5-accesorios-sostenibles-y-el-tercero-cambio-mi-relacion-con-la-moda\/\" target=\"_blank\">accesorios conscientes<\/a> dominan las tiendas parisinas. Desde mocasines minimalistas hasta bolsos de materiales reciclados, existe un compromiso palpable con la <strong>moda \u00e9tica<\/strong> sin renunciar al estilo. Incluso las \u00abugly sandals\u00bb se reinventan, combin\u00e1ndose con <a href=\"https:\/\/www.journee-mondiale.com\/es\/asi-combine-mis-sandalias-ugly-con-3-outfits-sofisticados-para-primavera-y-nadie-noto-que-eran-feas\/\" target=\"_blank\">outfits sofisticados<\/a> que desaf\u00edan las normas establecidas.<\/p>\n<h2>El vestido cruzado: la pieza maestra para todas las siluetas<\/h2>\n<p>Si hay una prenda que revolucionar\u00e1 nuestros armarios es el <strong>vestido cruzado<\/strong>. Este dise\u00f1o tiene un efecto m\u00e1gico en la silueta, como comprob\u00e9 al descubrir <a href=\"https:\/\/www.journee-mondiale.com\/es\/el-vestido-que-disimula-mi-vientre-y-caderas-probe-17-estilos-cruzados-y-uno-me-hizo-parecer-4-cm-mas-delgada-sin-esfuerzo\/\" target=\"_blank\">estilos que disimulaban perfectamente vientre y caderas<\/a>. Las parisinas los eligen en tejidos fluidos para maximizar su efecto estilizador.<\/p>\n<p>La primavera 2025 en Par\u00eds nos ense\u00f1a que la verdadera elegancia reside en la autenticidad y la sostenibilidad. No se trata solo de seguir tendencias, sino de adaptarlas a nuestra personalidad, creando un estilo tan \u00fanico como nosotras mismas. \u00bfTe atreves a incorporar estas propuestas francesas en tu pr\u00f3xima temporada?<\/p>\n","protected":false},"excerpt":{"rendered":"<p>Un viaje a Par\u00eds no solo nutre el alma, sino que puede transformar por completo nuestra visi\u00f3n de la moda. Durante diez d\u00edas inmersivos en la Ciudad de la Luz, mis amigas francesas me revelaron los secretos de estilo que dominar\u00e1n la primavera 2025. Este recorrido por las calles parisinas desvel\u00f3 tendencias que combinan tradici\u00f3n &#8230; <a title=\"Viaj\u00e9 10 d\u00edas a Par\u00eds y descubr\u00ed los 7 secretos de estilo franc\u00e9s que dominar\u00e1n la primavera 2025\" class=\"read-more\" href=\"https:\/\/www.journee-mondiale.com\/es\/viaje-10-dias-a-paris-y-descubri-los-7-secretos-de-estilo-frances-que-dominaran-la-primavera-2025\/\" aria-label=\"Leer m\u00e1s sobre Viaj\u00e9 10 d\u00edas a Par\u00eds y descubr\u00ed los 7 secretos de estilo franc\u00e9s que dominar\u00e1n la primavera 2025\">Lire plus<\/a><\/p>\n","protected":false},"author":1,"featured_media":12864,"comment_status":"","ping_status":"","sticky":false,"template":"","format":"standard","meta":{"footnotes":""},"categories":[48],"tags":[],"class_list":["post-12865","post","type-post","status-publish","format-standard","has-post-thumbnail","hentry","category-estilo-de-vida"],"acf":[],"_yoast_wpseo_primary_category":null,"_yoast_wpseo_title":null,"_yoast_wpseo_metadesc":null,"_links":{"self":[{"href":"https:\/\/www.journee-mondiale.com\/es\/wp-json\/wp\/v2\/posts\/12865","targetHints":{"allow":["GET"]}}],"collection":[{"href":"https:\/\/www.journee-mondiale.com\/es\/wp-json\/wp\/v2\/posts"}],"about":[{"href":"https:\/\/www.journee-mondiale.com\/es\/wp-json\/wp\/v2\/types\/post"}],"author":[{"embeddable":true,"href":"https:\/\/www.journee-mondiale.com\/es\/wp-json\/wp\/v2\/users\/1"}],"replies":[{"embeddable":true,"href":"https:\/\/www.journee-mondiale.com\/es\/wp-json\/wp\/v2\/comments?post=12865"}],"version-history":[{"count":0,"href":"https:\/\/www.journee-mondiale.com\/es\/wp-json\/wp\/v2\/posts\/12865\/revisions"}],"wp:featuredmedia":[{"embeddable":true,"href":"https:\/\/www.journee-mondiale.com\/es\/wp-json\/wp\/v2\/media\/12864"}],"wp:attachment":[{"href":"https:\/\/www.journee-mondiale.com\/es\/wp-json\/wp\/v2\/media?parent=12865"}],"wp:term":[{"taxonomy":"category","embeddable":true,"href":"https:\/\/www.journee-mondiale.com\/es\/wp-json\/wp\/v2\/categories?post=12865"},{"taxonomy":"post_tag","embeddable":true,"href":"https:\/\/www.journee-mondiale.com\/es\/wp-json\/wp\/v2\/tags?post=12865"}],"curies":[{"name":"wp","href":"https:\/\/api.w.org\/{rel}","templated":true}]}}