{"id":12843,"date":"2025-04-14T13:05:40","date_gmt":"2025-04-14T11:05:40","guid":{"rendered":"https:\/\/www.journee-mondiale.com\/es\/10-looks-monocromaticos-que-estilizan-tu-figura-en-primavera-2025-probe-el-tercero-y-alargo-visualmente-mi-silueta\/"},"modified":"2025-04-14T13:05:40","modified_gmt":"2025-04-14T11:05:40","slug":"10-looks-monocromaticos-que-estilizan-tu-figura-en-primavera-2025-probe-el-tercero-y-alargo-visualmente-mi-silueta","status":"publish","type":"post","link":"https:\/\/www.journee-mondiale.com\/es\/10-looks-monocromaticos-que-estilizan-tu-figura-en-primavera-2025-probe-el-tercero-y-alargo-visualmente-mi-silueta\/","title":{"rendered":"10 looks monocrom\u00e1ticos que estilizan tu figura en primavera 2025 (prob\u00e9 el tercero y alarg\u00f3 visualmente mi silueta)"},"content":{"rendered":"<p>La <strong>primavera 2025<\/strong> ha llegado y con ella la oportunidad perfecta para renovar tu armario con una de las tendencias m\u00e1s estilizadoras: los looks monocrom\u00e1ticos. Vestir en un solo color de pies a cabeza no solo simplifica la elecci\u00f3n diaria, sino que tambi\u00e9n crea una l\u00ednea visual alargada que estiliza cualquier figura. Te presento 10 ideas frescas que te har\u00e1n lucir espectacular esta temporada.<\/p>\n<h2>El cl\u00e1sico negro total: elegancia que nunca falla<\/h2>\n<p>El <strong>total black<\/strong> sigue siendo el rey indiscutible de los looks monocrom\u00e1ticos. \u00abUn conjunto completamente negro crea una silueta estilizada instant\u00e1neamente, funcionando como un lienzo perfecto para destacar accesorios primaverales coloridos\u00bb, explica Mar\u00eda \u00c1lvarez, estilista de moda en Madrid. Combina pantalones de talle alto con una blusa fluida y blazer estructurado para un efecto alargador inmediato.<\/p>\n<h2>Blanco radiante: la opci\u00f3n ideal para esta primavera<\/h2>\n<p>Un <strong>look blanco inmaculado<\/strong> es perfecto para los d\u00edas c\u00e1lidos que nos esperan. \u00abEl blanco refleja la luz y crea volumen, por lo que es ideal equilibrarlo con prendas que marquen la cintura\u00bb, recomienda Carlos Vega, dise\u00f1ador de moda. Prueba con un <a href=\"https:\/\/www.journee-mondiale.com\/es\/el-vestido-que-disimula-mi-vientre-y-caderas-probe-17-estilos-cruzados-y-uno-me-hizo-parecer-4-cm-mas-delgada-sin-esfuerzo\/\" target=\"_blank\">vestido cruzado que disimule \u00e1reas problem\u00e1ticas<\/a> combinado con sandalias del mismo tono.<\/p>\n<h2>Beige y neutros: sofisticaci\u00f3n effortless<\/h2>\n<p>Los tonos <strong>beige<\/strong> y arena son tendencia absoluta esta primavera. El secreto est\u00e1 en mezclar diferentes tonalidades y texturas para crear dimensi\u00f3n sin romper la armon\u00eda. Un pantal\u00f3n de lino con una camisa de seda y una gabardina liviana en tonos similares crear\u00e1 un conjunto sofisticado y alargador.<\/p>\n<h2>Azul marino profundo: el nuevo negro de 2025<\/h2>\n<p>El <strong>Future Dusk<\/strong>, un azul marino intenso con matices morados, se ha convertido en el color estrella de la temporada. Este tono favorece especialmente a quienes buscan alternativas al negro que sigan estilizando la figura. Comb\u00ednalo con accesorios sostenibles para un <a href=\"https:\/\/www.journee-mondiale.com\/es\/transforme-mi-estilo-de-primavera-con-5-accesorios-sostenibles-y-el-tercero-cambio-mi-relacion-con-la-moda\/\" target=\"_blank\">look primaveral renovado<\/a>.<\/p>\n<h2>Verde oliva: el tono natural que estiliza<\/h2>\n<p>Los <strong>tonos verdosos<\/strong> est\u00e1n dominando las pasarelas esta primavera. \u00abEl verde oliva es universalmente favorecedor y aporta un aspecto saludable a cualquier tono de piel\u00bb, afirma Elena Ruiz, experta en colorimetr\u00eda. Para mayor efecto estilizador, opta por un <a href=\"https:\/\/www.journee-mondiale.com\/es\/el-top-wrap-que-redefinio-mi-silueta-a-los-40-sin-importar-mi-tipo-de-cuerpo\/\" target=\"_blank\">top wrap que redefina tu silueta<\/a> combinado con pantalones del mismo tono.<\/p>\n<h2>Rosa empolvado: feminidad contempor\u00e1nea<\/h2>\n<p>El <strong>rosa suave<\/strong> est\u00e1 viviendo su momento este 2025. Para un look estilizador, combina diferentes intensidades del mismo tono: una falda midi en rosa p\u00e1lido con un su\u00e9ter ligeramente m\u00e1s intenso crear\u00e1 un efecto visual que alarga tu figura. Completa con zapatos de tac\u00f3n del mismo color para una l\u00ednea ininterrumpida.<\/p>\n<h2>Rojo vibrante: impacto con estilo<\/h2>\n<p>Para quienes buscan hacer una declaraci\u00f3n, el <strong>total red<\/strong> es la respuesta. La clave est\u00e1 en elegir un tono que complemente tu subtono de piel. Para estilizar, opta por prendas con detalles estrat\u00e9gicos como drapeados o <a href=\"https:\/\/www.journee-mondiale.com\/es\/este-corte-bob-con-capas-suaves-me-quito-5-anos-de-encima-en-solo-3-dias-la-tendencia-rejuvenecedora-de-primavera-2025\/\" target=\"_blank\">cortes asim\u00e9tricos<\/a> que creen movimiento visual.<\/p>\n<h2>Violeta m\u00e1gico: el tono rejuvenecedor<\/h2>\n<p>El <strong>violeta<\/strong> en todas sus tonalidades est\u00e1 conquistando la primavera. Este color tiene un efecto sorprendentemente estilizador, especialmente cuando se combina en capas. Un vestido midi violeta con una chaqueta ligera en un tono ligeramente m\u00e1s oscuro crea una silueta esbelta y sofisticada.<\/p>\n<h2>Gris suave: neutralidad moderna<\/h2>\n<p>El <strong>gris<\/strong> es el nuevo protagonista de los looks sofisticados. Para mayor efecto estilizador, combina distintos tonos (del plata al carb\u00f3n) y a\u00f1ade <a href=\"https:\/\/www.journee-mondiale.com\/es\/transforme-mi-bienestar-diario-con-estos-5-bolsos-de-primavera-2025-y-el-tercero-cambio-mi-relacion-con-la-moda\/\" target=\"_blank\">accesorios estructurados<\/a> que definan tu silueta y aporten personalidad al conjunto.<\/p>\n<h2>Marr\u00f3n chocolate: sofisticaci\u00f3n terrenal<\/h2>\n<p>El <strong>tono chocolate<\/strong> est\u00e1 revolucionando los looks monocrom\u00e1ticos esta primavera. Esta tonalidad c\u00e1lida crea un efecto estilizador inmediato, especialmente cuando combinas prendas en diferentes texturas del mismo color: una falda de cuero con una blusa de seda y un abrigo ligero de lana crear\u00e1n un conjunto visualmente alargador y elegante.<\/p>\n<p>\u00bfEst\u00e1s lista para reinventar tu armario esta primavera? Los looks monocrom\u00e1ticos no solo son tendencia en 2025, sino que te ofrecen una soluci\u00f3n elegante y vers\u00e1til para estilizar tu figura sin esfuerzo. Elige el tono que mejor te favorezca y disfruta de una silueta visualmente alargada y armoniosa.<\/p>\n","protected":false},"excerpt":{"rendered":"<p>La primavera 2025 ha llegado y con ella la oportunidad perfecta para renovar tu armario con una de las tendencias m\u00e1s estilizadoras: los looks monocrom\u00e1ticos. Vestir en un solo color de pies a cabeza no solo simplifica la elecci\u00f3n diaria, sino que tambi\u00e9n crea una l\u00ednea visual alargada que estiliza cualquier figura. Te presento 10 &#8230; <a title=\"10 looks monocrom\u00e1ticos que estilizan tu figura en primavera 2025 (prob\u00e9 el tercero y alarg\u00f3 visualmente mi silueta)\" class=\"read-more\" href=\"https:\/\/www.journee-mondiale.com\/es\/10-looks-monocromaticos-que-estilizan-tu-figura-en-primavera-2025-probe-el-tercero-y-alargo-visualmente-mi-silueta\/\" aria-label=\"Leer m\u00e1s sobre 10 looks monocrom\u00e1ticos que estilizan tu figura en primavera 2025 (prob\u00e9 el tercero y alarg\u00f3 visualmente mi silueta)\">Lire plus<\/a><\/p>\n","protected":false},"author":1,"featured_media":12842,"comment_status":"","ping_status":"","sticky":false,"template":"","format":"standard","meta":{"footnotes":""},"categories":[48],"tags":[],"class_list":["post-12843","post","type-post","status-publish","format-standard","has-post-thumbnail","hentry","category-estilo-de-vida"],"acf":[],"_yoast_wpseo_primary_category":null,"_yoast_wpseo_title":null,"_yoast_wpseo_metadesc":null,"_links":{"self":[{"href":"https:\/\/www.journee-mondiale.com\/es\/wp-json\/wp\/v2\/posts\/12843","targetHints":{"allow":["GET"]}}],"collection":[{"href":"https:\/\/www.journee-mondiale.com\/es\/wp-json\/wp\/v2\/posts"}],"about":[{"href":"https:\/\/www.journee-mondiale.com\/es\/wp-json\/wp\/v2\/types\/post"}],"author":[{"embeddable":true,"href":"https:\/\/www.journee-mondiale.com\/es\/wp-json\/wp\/v2\/users\/1"}],"replies":[{"embeddable":true,"href":"https:\/\/www.journee-mondiale.com\/es\/wp-json\/wp\/v2\/comments?post=12843"}],"version-history":[{"count":0,"href":"https:\/\/www.journee-mondiale.com\/es\/wp-json\/wp\/v2\/posts\/12843\/revisions"}],"wp:featuredmedia":[{"embeddable":true,"href":"https:\/\/www.journee-mondiale.com\/es\/wp-json\/wp\/v2\/media\/12842"}],"wp:attachment":[{"href":"https:\/\/www.journee-mondiale.com\/es\/wp-json\/wp\/v2\/media?parent=12843"}],"wp:term":[{"taxonomy":"category","embeddable":true,"href":"https:\/\/www.journee-mondiale.com\/es\/wp-json\/wp\/v2\/categories?post=12843"},{"taxonomy":"post_tag","embeddable":true,"href":"https:\/\/www.journee-mondiale.com\/es\/wp-json\/wp\/v2\/tags?post=12843"}],"curies":[{"name":"wp","href":"https:\/\/api.w.org\/{rel}","templated":true}]}}