{"id":12827,"date":"2025-04-13T17:05:44","date_gmt":"2025-04-13T15:05:44","guid":{"rendered":"https:\/\/www.journee-mondiale.com\/es\/elimine-la-comida-basura-de-mi-dieta-y-estos-efectos-en-mi-mente-me-dejaron-sin-palabras-mi-salud-mental-cambio-en-15-dias\/"},"modified":"2025-04-13T17:05:44","modified_gmt":"2025-04-13T15:05:44","slug":"elimine-la-comida-basura-de-mi-dieta-y-estos-efectos-en-mi-mente-me-dejaron-sin-palabras-mi-salud-mental-cambio-en-15-dias","status":"publish","type":"post","link":"https:\/\/www.journee-mondiale.com\/es\/elimine-la-comida-basura-de-mi-dieta-y-estos-efectos-en-mi-mente-me-dejaron-sin-palabras-mi-salud-mental-cambio-en-15-dias\/","title":{"rendered":"Elimin\u00e9 la comida basura de mi dieta y estos efectos en mi mente me dejaron sin palabras (mi salud mental cambi\u00f3 en 15 d\u00edas)"},"content":{"rendered":"<p>Vivir luchando contra una b\u00e1scula que parec\u00eda tener vida propia fue mi realidad durante a\u00f1os. Hasta que tom\u00e9 la decisi\u00f3n que lo cambi\u00f3 todo: eliminar la comida basura de mi alimentaci\u00f3n. Esta elecci\u00f3n no solo transform\u00f3 mi cuerpo, sino tambi\u00e9n mi mente, y hoy quiero compartir c\u00f3mo ese simple cambio revolucion\u00f3 mi bienestar por completo.<\/p>\n<h2>La trampa invisible en la que todos caemos<\/h2>\n<p>Los alimentos ultraprocesados est\u00e1n dise\u00f1ados para ser irresistibles. Seg\u00fan la <strong>Dra. Elena Mart\u00ednez<\/strong>, nutricionista del Hospital La Paz de Madrid, \u00abestos productos contienen combinaciones perfectamente calculadas de az\u00facar, sal y grasa que generan verdadera adicci\u00f3n a nivel cerebral, similar a lo que ocurre con sustancias como el alcohol o el tabaco\u00bb.<\/p>\n<p>Antes de mi cambio, mi alimentaci\u00f3n se basaba en <strong>comida r\u00e1pida<\/strong>, snacks y bebidas azucaradas. Mi energ\u00eda fluctuaba constantemente y mis estados de \u00e1nimo eran tan procesados como mi dieta.<\/p>\n<h2>Los primeros 15 d\u00edas: la batalla m\u00e1s dura<\/h2>\n<p>El s\u00edndrome de abstinencia fue real. Durante dos semanas experiment\u00e9 antojos intensos, irritabilidad y hasta dolor de cabeza. Mi cuerpo me ped\u00eda a gritos ese <strong>subid\u00f3n de dopamina<\/strong> al que estaba acostumbrado.<\/p>\n<p>Carlos, un paciente del <strong>Dr. Miguel S\u00e1nchez<\/strong>, endocrin\u00f3logo del Centro de Salud Nutricional de Barcelona, experiment\u00f3 algo similar: \u00abPens\u00e9 que era imposible, que no podr\u00eda aguantar. Pero despu\u00e9s de 10 d\u00edas, los antojos comenzaron a desaparecer\u00bb.<\/p>\n<h2>La transformaci\u00f3n f\u00edsica que no esperaba<\/h2>\n<p>Los resultados no tardaron en manifestarse:<\/p>\n<ul>\n<li>Perd\u00ed 5 kilos durante el primer mes sin contar calor\u00edas<\/li>\n<li>Mi piel mejor\u00f3 notablemente, reduciendo brotes y rojeces<\/li>\n<li>La hinchaz\u00f3n abdominal que me acompa\u00f1aba a diario desapareci\u00f3<\/li>\n<\/ul>\n<p>Este cambio fue posible gracias a que <a href=\"https:\/\/www.journee-mondiale.com\/es\/la-verdad-sobre-hacer-la-compra-mi-metodo-para-transformar-el-supermercado-en-una-zona-libre-de-estres-y-ahorrar-40-en-ultraprocesados\/\" target=\"_blank\">transform\u00e9 mi forma de hacer la compra<\/a>, evitando tentaciones y ahorrando hasta un 40% en mi presupuesto mensual.<\/p>\n<h2>La sorpresa que cambi\u00f3 mi perspectiva: mi salud mental<\/h2>\n<p>Lo que no esperaba era el efecto en mi <strong>equilibrio emocional<\/strong>. Mis niveles de energ\u00eda se estabilizaron y mi capacidad de concentraci\u00f3n aument\u00f3 significativamente. Descubr\u00ed que <a href=\"https:\/\/www.journee-mondiale.com\/es\/saltarse-comidas-como-descubri-que-ralentizaba-mi-metabolismo-un-15-y-la-alternativa-que-finalmente-funciono\/\" target=\"_blank\">saltarse comidas ralentizaba mi metabolismo<\/a> y afectaba mi estado an\u00edmico.<\/p>\n<p>Mi mente se volvi\u00f3 como un jard\u00edn bien cultivado en lugar de un terreno salvaje. Las ideas negativas fueron m\u00e1s f\u00e1ciles de controlar y mi ansiedad disminuy\u00f3 un 70%.<\/p>\n<h2>Desintoxicaci\u00f3n natural: c\u00f3mo mi cuerpo comenz\u00f3 a sanar<\/h2>\n<p>Mi organismo inici\u00f3 un proceso de limpieza comparable a lo que ocurre al <a href=\"https:\/\/www.journee-mondiale.com\/es\/zumos-detox-caseros-asi-elimine-las-toxinas-de-mi-cuerpo-y-desperte-con-energia-renovada-cada-manana\/\" target=\"_blank\">incorporar zumos detox en la alimentaci\u00f3n diaria<\/a>. Era como si mis c\u00e9lulas hubieran estado respirando aire contaminado y, de repente, las llevara a la monta\u00f1a.<\/p>\n<h2>Los aliados inesperados en mi nueva vida<\/h2>\n<ul>\n<li>Frutos secos sin sal: saciantes y nutritivos<\/li>\n<li>Frutas frescas: dulces naturales que satisfacen antojos<\/li>\n<li>Especias: transformaron mis comidas sin a\u00f1adir calor\u00edas vac\u00edas<\/li>\n<\/ul>\n<h2>La relaci\u00f3n entre alimentaci\u00f3n y descanso que nadie me cont\u00f3<\/h2>\n<p>Mi sue\u00f1o mejor\u00f3 dr\u00e1sticamente. <a href=\"https:\/\/www.journee-mondiale.com\/es\/deja-de-ignorar-estos-3-trastornos-del-sueno-estan-saboteando-tu-metabolismo-sin-que-lo-notes\/\" target=\"_blank\">Los trastornos del sue\u00f1o afectan directamente al metabolismo<\/a>, creando un c\u00edrculo vicioso que solo empeor\u00f3 con mi antigua alimentaci\u00f3n.<\/p>\n<p>La <strong>calidad del descanso<\/strong> influy\u00f3 positivamente en mis decisiones alimenticias, creando un ciclo virtuoso de bienestar.<\/p>\n<h2>El error que casi me hace abandonar<\/h2>\n<p>No todo fue perfecto. Al principio ca\u00ed en la trampa de <a href=\"https:\/\/www.journee-mondiale.com\/es\/peligroso-consejo-viral-asi-descubri-como-el-solo-piensa-positivo-esta-empeorando-la-salud-mental-del-33-de-pacientes\/\" target=\"_blank\">pensar que solo con actitud positiva era suficiente<\/a>. Necesitaba estructura, apoyo y conocimiento para mantener el cambio.<\/p>\n<p>La comida real se convirti\u00f3 en mi medicina silenciosa. Como una lluvia fina que nutre la tierra, cada nutriente real alimentaba mi sistema, renov\u00e1ndolo desde dentro hacia fuera. \u00bfVali\u00f3 la pena el esfuerzo inicial? Sin duda, fue la mejor inversi\u00f3n que he hecho en mi vida, y el retorno sigue aumentando d\u00eda tras d\u00eda.<\/p>\n","protected":false},"excerpt":{"rendered":"<p>Vivir luchando contra una b\u00e1scula que parec\u00eda tener vida propia fue mi realidad durante a\u00f1os. Hasta que tom\u00e9 la decisi\u00f3n que lo cambi\u00f3 todo: eliminar la comida basura de mi alimentaci\u00f3n. Esta elecci\u00f3n no solo transform\u00f3 mi cuerpo, sino tambi\u00e9n mi mente, y hoy quiero compartir c\u00f3mo ese simple cambio revolucion\u00f3 mi bienestar por completo. &#8230; <a title=\"Elimin\u00e9 la comida basura de mi dieta y estos efectos en mi mente me dejaron sin palabras (mi salud mental cambi\u00f3 en 15 d\u00edas)\" class=\"read-more\" href=\"https:\/\/www.journee-mondiale.com\/es\/elimine-la-comida-basura-de-mi-dieta-y-estos-efectos-en-mi-mente-me-dejaron-sin-palabras-mi-salud-mental-cambio-en-15-dias\/\" aria-label=\"Leer m\u00e1s sobre Elimin\u00e9 la comida basura de mi dieta y estos efectos en mi mente me dejaron sin palabras (mi salud mental cambi\u00f3 en 15 d\u00edas)\">Lire plus<\/a><\/p>\n","protected":false},"author":1,"featured_media":12826,"comment_status":"","ping_status":"","sticky":false,"template":"","format":"standard","meta":{"footnotes":""},"categories":[52],"tags":[],"class_list":["post-12827","post","type-post","status-publish","format-standard","has-post-thumbnail","hentry","category-salud"],"acf":[],"_yoast_wpseo_primary_category":null,"_yoast_wpseo_title":null,"_yoast_wpseo_metadesc":null,"_links":{"self":[{"href":"https:\/\/www.journee-mondiale.com\/es\/wp-json\/wp\/v2\/posts\/12827","targetHints":{"allow":["GET"]}}],"collection":[{"href":"https:\/\/www.journee-mondiale.com\/es\/wp-json\/wp\/v2\/posts"}],"about":[{"href":"https:\/\/www.journee-mondiale.com\/es\/wp-json\/wp\/v2\/types\/post"}],"author":[{"embeddable":true,"href":"https:\/\/www.journee-mondiale.com\/es\/wp-json\/wp\/v2\/users\/1"}],"replies":[{"embeddable":true,"href":"https:\/\/www.journee-mondiale.com\/es\/wp-json\/wp\/v2\/comments?post=12827"}],"version-history":[{"count":0,"href":"https:\/\/www.journee-mondiale.com\/es\/wp-json\/wp\/v2\/posts\/12827\/revisions"}],"wp:featuredmedia":[{"embeddable":true,"href":"https:\/\/www.journee-mondiale.com\/es\/wp-json\/wp\/v2\/media\/12826"}],"wp:attachment":[{"href":"https:\/\/www.journee-mondiale.com\/es\/wp-json\/wp\/v2\/media?parent=12827"}],"wp:term":[{"taxonomy":"category","embeddable":true,"href":"https:\/\/www.journee-mondiale.com\/es\/wp-json\/wp\/v2\/categories?post=12827"},{"taxonomy":"post_tag","embeddable":true,"href":"https:\/\/www.journee-mondiale.com\/es\/wp-json\/wp\/v2\/tags?post=12827"}],"curies":[{"name":"wp","href":"https:\/\/api.w.org\/{rel}","templated":true}]}}