{"id":12823,"date":"2025-04-13T13:05:09","date_gmt":"2025-04-13T11:05:09","guid":{"rendered":"https:\/\/www.journee-mondiale.com\/es\/los-alimentos-de-primavera-que-doblaron-mi-energia-en-7-dias-y-como-cada-estacion-transforma-lo-que-tu-cuerpo-necesita\/"},"modified":"2025-04-13T13:05:09","modified_gmt":"2025-04-13T11:05:09","slug":"los-alimentos-de-primavera-que-doblaron-mi-energia-en-7-dias-y-como-cada-estacion-transforma-lo-que-tu-cuerpo-necesita","status":"publish","type":"post","link":"https:\/\/www.journee-mondiale.com\/es\/los-alimentos-de-primavera-que-doblaron-mi-energia-en-7-dias-y-como-cada-estacion-transforma-lo-que-tu-cuerpo-necesita\/","title":{"rendered":"Los alimentos de primavera que doblaron mi energ\u00eda en 7 d\u00edas (y c\u00f3mo cada estaci\u00f3n transforma lo que tu cuerpo necesita)"},"content":{"rendered":"<p>La <strong>primavera<\/strong> ha llegado con toda su fuerza a Espa\u00f1a, trayendo consigo una explosi\u00f3n de colores y sabores que nos invitan a renovar nuestra alimentaci\u00f3n. Los productos frescos de temporada no solo deleitan nuestro paladar, sino que tambi\u00e9n nos ofrecen la oportunidad de nutrir nuestro cuerpo con exactamente lo que necesita durante esta \u00e9poca del a\u00f1o. \u00bfAlguna vez te has preguntado c\u00f3mo aprovechar al m\u00e1ximo cada estaci\u00f3n a trav\u00e9s de tu alimentaci\u00f3n?<\/p>\n<h2>El poder transformador de los alimentos de temporada<\/h2>\n<p>Los alimentos cultivados en su momento natural contienen hasta un <strong>50% m\u00e1s de nutrientes<\/strong> que aquellos fuera de temporada. \u00abCuando consumimos productos de temporada, nuestro organismo recibe exactamente lo que necesita en ese momento del a\u00f1o. Es como si la naturaleza fuera una nutricionista experta\u00bb, explica el nutricionista Carlos de la Cruz.<\/p>\n<p>La primavera nos ofrece verduras tiernas como esp\u00e1rragos, alcachofas y guisantes, perfectos para <a href=\"https:\/\/www.journee-mondiale.com\/es\/5-recetas-de-brunch-primaveral-que-bajaron-mi-inflamacion-en-7-dias-y-mis-invitados-pidieron-repetir\/\" target=\"_blank\">elaborar brunchs primaverales antiinflamatorios<\/a> que nuestro cuerpo agradecer\u00e1 tras el letargo invernal.<\/p>\n<h2>Men\u00fa primaveral: la paleta nutricional que tu cuerpo anhela<\/h2>\n<p>La chef Hanni R\u00fctzler, experta en tendencias alimentarias, subraya: \u00abLos men\u00fas de temporada son como una <strong>sinfon\u00eda nutricional<\/strong> donde cada ingrediente aporta notas \u00fanicas a nuestra salud\u00bb. En primavera, esto se traduce en platos ligeros que favorecen la desintoxicaci\u00f3n natural.<\/p>\n<p>Algunos superalimentos primaverales imprescindibles:<\/p>\n<ul>\n<li>Fresas: ricas en antioxidantes que combaten el envejecimiento<\/li>\n<li>Esp\u00e1rragos: potentes diur\u00e9ticos naturales<\/li>\n<li>Habas frescas: prote\u00edna vegetal de alta calidad<\/li>\n<\/ul>\n<h2>Verano: refrescante nutrici\u00f3n para los d\u00edas c\u00e1lidos<\/h2>\n<p>Cuando el calor aprieta, nuestro cuerpo necesita <strong>hidrataci\u00f3n y vitaminas<\/strong> en abundancia. Los tomates, pepinos y sand\u00edas no solo refrescan sino que aportan licopeno y antioxidantes esenciales para proteger nuestra piel del sol.<\/p>\n<p>\u00abEl verano es la \u00e9poca perfecta para experimentar con ensaladas creativas y gazpachos nutritivos que mantienen el cuerpo fresco y energizado\u00bb, se\u00f1ala el Chef Ren\u00e9 Redzepi, defensor ac\u00e9rrimo de la cocina de temporada.<\/p>\n<h2>Oto\u00f1o: fortalecimiento para el cambio estacional<\/h2>\n<p>El oto\u00f1o nos regala <strong>calabazas, setas y frutos secos<\/strong>, verdaderos tesoros nutricionales que fortalecen nuestro sistema inmunol\u00f3gico justo cuando m\u00e1s lo necesitamos. Estos ingredientes son fundamentales en la creaci\u00f3n de men\u00fas equilibrados que nos preparan para el invierno.<\/p>\n<p>Las calabazas son como peque\u00f1as farmacias naturales, repletas de beta-carotenos y fibra que mantienen a raya los resfriados estacionales.<\/p>\n<h2>Invierno: calidez nutritiva desde dentro<\/h2>\n<p>Las verduras de ra\u00edz y las <strong>cruc\u00edferas como el br\u00f3coli<\/strong> dominan la escena invernal, proporcionando energ\u00eda sostenida y nutrientes concentrados. Los guisos con legumbres de temporada son aut\u00e9nticas bombas nutritivas que calientan el cuerpo desde dentro.<\/p>\n<p>La dietista Jane Smith recomienda: \u00abIncorpora c\u00edtricos invernales como naranjas y mandarinas para un aporte extra de vitamina C cuando las defensas m\u00e1s lo necesitan\u00bb.<\/p>\n<h2>Econom\u00eda y sostenibilidad: un plus para tu bolsillo y el planeta<\/h2>\n<p>Adem\u00e1s del beneficio nutricional, los men\u00fas de temporada resultan <a href=\"https:\/\/www.journee-mondiale.com\/es\/mi-presupuesto-se-acabo-antes-que-el-mes-7-platos-de-primavera-que-me-alimentaron-por-solo-2e-al-dia-y-mi-nutricionista-los-aprobo\/\" target=\"_blank\">significativamente m\u00e1s econ\u00f3micos<\/a>. Algunos platos primaverales nutritivos pueden costar apenas 2\u20ac por raci\u00f3n, como demuestran diversas experiencias compartidas por nutricionistas.<\/p>\n<p>El Chef Massimo Bottura se\u00f1ala: \u00abConsumir de temporada reduce hasta un <strong>60% la huella de carbono<\/strong> de nuestra alimentaci\u00f3n\u00bb, algo que podemos complementar con <a href=\"https:\/\/www.journee-mondiale.com\/es\/la-primavera-minimalista-que-transformo-mi-hogar-3-tecnicas-que-redujeron-mis-desperdicios-en-un-70-y-mejoraron-mi-bienestar\/\" target=\"_blank\">t\u00e9cnicas minimalistas para reducir desperdicios<\/a>.<\/p>\n<h2>Una revoluci\u00f3n en tu cocina para cada estaci\u00f3n<\/h2>\n<p>Imagina tu cocina como un <strong>ecosistema vivo<\/strong> que evoluciona con las estaciones. As\u00ed como <a href=\"https:\/\/www.journee-mondiale.com\/es\/la-melena-escalada-que-devuelve-5-anos-de-juventud-el-efecto-lifting-que-todas-buscan-en-primavera-2025\/\" target=\"_blank\">renovamos nuestro aspecto en primavera<\/a>, tambi\u00e9n podemos revolucionar nuestra alimentaci\u00f3n cada tres meses.<\/p>\n<p>El futuro de la alimentaci\u00f3n sostenible est\u00e1 marcando tendencias tecnol\u00f3gicas sorprendentes, comparable a c\u00f3mo <a href=\"https:\/\/www.journee-mondiale.com\/es\/byd-derrota-a-tesla-probe-el-nuevo-sistema-de-carga-que-anade-470-km-en-solo-5-minutos-y-por-que-los-inversores-estan-celebrando\/\" target=\"_blank\">las innovaciones en movilidad el\u00e9ctrica<\/a> est\u00e1n revolucionando otros sectores.<\/p>\n<p>\u00bfEst\u00e1s listo para sincronizar tu alimentaci\u00f3n con el ritmo de la naturaleza? Tu cuerpo, tu bienestar y el planeta te lo agradecer\u00e1n con creces. Comienza hoy mismo explorando los tesoros culinarios que esta primavera tiene para ofrecerte.<\/p>\n","protected":false},"excerpt":{"rendered":"<p>La primavera ha llegado con toda su fuerza a Espa\u00f1a, trayendo consigo una explosi\u00f3n de colores y sabores que nos invitan a renovar nuestra alimentaci\u00f3n. Los productos frescos de temporada no solo deleitan nuestro paladar, sino que tambi\u00e9n nos ofrecen la oportunidad de nutrir nuestro cuerpo con exactamente lo que necesita durante esta \u00e9poca del &#8230; <a title=\"Los alimentos de primavera que doblaron mi energ\u00eda en 7 d\u00edas (y c\u00f3mo cada estaci\u00f3n transforma lo que tu cuerpo necesita)\" class=\"read-more\" href=\"https:\/\/www.journee-mondiale.com\/es\/los-alimentos-de-primavera-que-doblaron-mi-energia-en-7-dias-y-como-cada-estacion-transforma-lo-que-tu-cuerpo-necesita\/\" aria-label=\"Leer m\u00e1s sobre Los alimentos de primavera que doblaron mi energ\u00eda en 7 d\u00edas (y c\u00f3mo cada estaci\u00f3n transforma lo que tu cuerpo necesita)\">Lire plus<\/a><\/p>\n","protected":false},"author":1,"featured_media":12822,"comment_status":"","ping_status":"","sticky":false,"template":"","format":"standard","meta":{"footnotes":""},"categories":[48],"tags":[],"class_list":["post-12823","post","type-post","status-publish","format-standard","has-post-thumbnail","hentry","category-estilo-de-vida"],"acf":[],"_yoast_wpseo_primary_category":null,"_yoast_wpseo_title":null,"_yoast_wpseo_metadesc":null,"_links":{"self":[{"href":"https:\/\/www.journee-mondiale.com\/es\/wp-json\/wp\/v2\/posts\/12823","targetHints":{"allow":["GET"]}}],"collection":[{"href":"https:\/\/www.journee-mondiale.com\/es\/wp-json\/wp\/v2\/posts"}],"about":[{"href":"https:\/\/www.journee-mondiale.com\/es\/wp-json\/wp\/v2\/types\/post"}],"author":[{"embeddable":true,"href":"https:\/\/www.journee-mondiale.com\/es\/wp-json\/wp\/v2\/users\/1"}],"replies":[{"embeddable":true,"href":"https:\/\/www.journee-mondiale.com\/es\/wp-json\/wp\/v2\/comments?post=12823"}],"version-history":[{"count":0,"href":"https:\/\/www.journee-mondiale.com\/es\/wp-json\/wp\/v2\/posts\/12823\/revisions"}],"wp:featuredmedia":[{"embeddable":true,"href":"https:\/\/www.journee-mondiale.com\/es\/wp-json\/wp\/v2\/media\/12822"}],"wp:attachment":[{"href":"https:\/\/www.journee-mondiale.com\/es\/wp-json\/wp\/v2\/media?parent=12823"}],"wp:term":[{"taxonomy":"category","embeddable":true,"href":"https:\/\/www.journee-mondiale.com\/es\/wp-json\/wp\/v2\/categories?post=12823"},{"taxonomy":"post_tag","embeddable":true,"href":"https:\/\/www.journee-mondiale.com\/es\/wp-json\/wp\/v2\/tags?post=12823"}],"curies":[{"name":"wp","href":"https:\/\/api.w.org\/{rel}","templated":true}]}}