{"id":12817,"date":"2025-04-13T09:05:08","date_gmt":"2025-04-13T07:05:08","guid":{"rendered":"https:\/\/www.journee-mondiale.com\/es\/este-corte-bob-que-probe-en-primavera-cambio-mi-rutina-capilar-en-10-minutos-y-funciono-para-mi-rostro-redondo\/"},"modified":"2025-04-13T09:05:08","modified_gmt":"2025-04-13T07:05:08","slug":"este-corte-bob-que-probe-en-primavera-cambio-mi-rutina-capilar-en-10-minutos-y-funciono-para-mi-rostro-redondo","status":"publish","type":"post","link":"https:\/\/www.journee-mondiale.com\/es\/este-corte-bob-que-probe-en-primavera-cambio-mi-rutina-capilar-en-10-minutos-y-funciono-para-mi-rostro-redondo\/","title":{"rendered":"Este corte bob que prob\u00e9 en primavera cambi\u00f3 mi rutina capilar en 10 minutos (y funcion\u00f3 para mi rostro redondo)"},"content":{"rendered":"<p>La <strong>primavera de 2025<\/strong> ha tra\u00eddo consigo una revoluci\u00f3n capilar que est\u00e1 conquistando Instagram y TikTok. \u00bfEl protagonista? Un estilo que combina elegancia y frescura en perfecta armon\u00eda: el bob corto con flequillo barrido a un lado. Descubre por qu\u00e9 este corte vers\u00e1til est\u00e1 capturando corazones y transformando looks esta temporada.<\/p>\n<h2>El renacimiento primaveral del bob lateral: m\u00e1s que una tendencia<\/h2>\n<p>\u00abEl bob corto con flequillo lateral es el equivalente a un traje sastre perfecto para tu cabello: <strong>atemporal<\/strong>, pero siempre actual\u00bb, afirma Luc\u00eda Mart\u00ednez, directora creativa de Tendencias Capilares Madrid. Esta primavera, el cl\u00e1sico renovado trae consigo una sensaci\u00f3n de ligereza que muchas buscan tras el invierno.<\/p>\n<p>A diferencia de su predecesor cl\u00e1sico, la versi\u00f3n 2025 incorpora <strong>capas sutiles<\/strong> que aportan movimiento y dimensi\u00f3n, mientras que el flequillo barrido crea ese efecto misterioso y sofisticado que tanto favorece.<\/p>\n<h2>Un corte para cada rostro: la magia de la personalizaci\u00f3n<\/h2>\n<p>Lo fascinante de este estilo es su adaptabilidad. Como explica Carlos Vidal, estilista del Sal\u00f3n Belleza Madrid: \u00abEl bob con flequillo lateral es como una llave maestra que <strong>funciona con cualquier tipo de rostro<\/strong>. Para caras redondas, el flequillo diagonal crea una ilusi\u00f3n de alargamiento, mientras que en rostros alargados, un bob m\u00e1s estructurado equilibra las proporciones\u00bb.<\/p>\n<blockquote><p>Si buscas una transformaci\u00f3n m\u00e1s dram\u00e1tica con efecto rejuvenecedor, considera <a href=\"https:\/\/www.journee-mondiale.com\/es\/este-corte-bob-con-capas-suaves-me-quito-5-anos-de-encima-en-solo-3-dias-la-tendencia-rejuvenecedora-de-primavera-2025\/\" target=\"_blank\">este corte bob con capas suaves que ha quitado hasta 5 a\u00f1os de encima<\/a> a muchas mujeres esta temporada.<\/p><\/blockquote>\n<h2>El secreto del estilismo perfecto: herramientas imprescindibles<\/h2>\n<p>Para mantener este look impecable, necesitar\u00e1s:<\/p>\n<ul>\n<li>Un <strong>secador con boquilla concentradora<\/strong> para dirigir el aire donde lo necesites<\/li>\n<li>Un <a href=\"https:\/\/www.journee-mondiale.com\/es\/el-cepillo-redondo-que-me-devolvio-volumen-a-los-60-5-minutos-que-cambiaron-mi-cabello-maduro-esta-primavera\/\" target=\"_blank\">cepillo redondo de calidad<\/a> para dar forma al flequillo<\/li>\n<li>Productos de <strong>acabado ligero<\/strong> que no apelmacen el cabello<\/li>\n<\/ul>\n<h2>La evoluci\u00f3n del bob: de los a\u00f1os 20 a la pasarela primaveral<\/h2>\n<p>El bob ha recorrido un largo camino desde sus or\u00edgenes en los locos a\u00f1os 20. La versi\u00f3n actual con <strong>flequillo lateral<\/strong> conserva ese esp\u00edritu liberador pero incorpora una suavidad muy 2025. \u00abEs como si el corte hubiera madurado como un buen vino\u00bb, comenta Marta S\u00e1nchez, historiadora de modas capilares.<\/p>\n<h2>De d\u00eda a noche: la versatilidad que enamora<\/h2>\n<p>Por el d\u00eda, este bob puede lucirse con un acabado <strong>natural y desenfadado<\/strong>, mientras que para ocasiones especiales, puede transformarse en un look pulido y elegante. Es como tener dos peinados en uno, permiti\u00e9ndote jugar con tu imagen seg\u00fan la ocasi\u00f3n.<\/p>\n<p>Si buscas opciones complementarias, <a href=\"https:\/\/www.journee-mondiale.com\/es\/el-corte-bob-con-mechas-money-piece-que-transforma-canas-en-marco-luminoso-y-rejuvenece-10-anos-en-5-minutos-cada-manana\/\" target=\"_blank\">el corte bob con mechas \u00abmoney piece\u00bb<\/a> puede ser una excelente alternativa para enmarcar tu rostro con luz.<\/p>\n<h2>Mantenimiento sencillo: belleza sin complicaciones<\/h2>\n<p>Ventajas principales de este corte:<\/p>\n<ul>\n<li>Requiere <strong>menos tiempo<\/strong> de secado y peinado<\/li>\n<li>Las visitas al sal\u00f3n pueden espaciarse cada 6-8 semanas<\/li>\n<li>Se adapta perfectamente a la <strong>transici\u00f3n estacional<\/strong> primavera-verano<\/li>\n<\/ul>\n<h2>\u00bfLista para dar el salto este mes de abril?<\/h2>\n<p>El bob corto con flequillo lateral es como una brisa de aire fresco para tu imagen: <strong>revitalizante<\/strong> y lleno de posibilidades. Este estilo no solo refleja las tendencias de la temporada, sino que tambi\u00e9n ofrece ese balance perfecto entre practicidad y elegancia que tanto valoramos en primavera.<\/p>\n<p>Si a\u00fan dudas sobre dar el paso, recuerda que un corte de pelo es siempre una oportunidad para renovarte. Y como dice la estilista Elena G\u00f3mez: \u00abEl cabello vuelve a crecer, pero la experiencia de descubrirte con un nuevo look permanece\u00bb. \u00bfTe atreves a protagonizar tu propia transformaci\u00f3n esta primavera?<\/p>\n","protected":false},"excerpt":{"rendered":"<p>La primavera de 2025 ha tra\u00eddo consigo una revoluci\u00f3n capilar que est\u00e1 conquistando Instagram y TikTok. \u00bfEl protagonista? Un estilo que combina elegancia y frescura en perfecta armon\u00eda: el bob corto con flequillo barrido a un lado. Descubre por qu\u00e9 este corte vers\u00e1til est\u00e1 capturando corazones y transformando looks esta temporada. El renacimiento primaveral del &#8230; <a title=\"Este corte bob que prob\u00e9 en primavera cambi\u00f3 mi rutina capilar en 10 minutos (y funcion\u00f3 para mi rostro redondo)\" class=\"read-more\" href=\"https:\/\/www.journee-mondiale.com\/es\/este-corte-bob-que-probe-en-primavera-cambio-mi-rutina-capilar-en-10-minutos-y-funciono-para-mi-rostro-redondo\/\" aria-label=\"Leer m\u00e1s sobre Este corte bob que prob\u00e9 en primavera cambi\u00f3 mi rutina capilar en 10 minutos (y funcion\u00f3 para mi rostro redondo)\">Lire plus<\/a><\/p>\n","protected":false},"author":1,"featured_media":12816,"comment_status":"","ping_status":"","sticky":false,"template":"","format":"standard","meta":{"footnotes":""},"categories":[48],"tags":[],"class_list":["post-12817","post","type-post","status-publish","format-standard","has-post-thumbnail","hentry","category-estilo-de-vida"],"acf":[],"_yoast_wpseo_primary_category":null,"_yoast_wpseo_title":null,"_yoast_wpseo_metadesc":null,"_links":{"self":[{"href":"https:\/\/www.journee-mondiale.com\/es\/wp-json\/wp\/v2\/posts\/12817","targetHints":{"allow":["GET"]}}],"collection":[{"href":"https:\/\/www.journee-mondiale.com\/es\/wp-json\/wp\/v2\/posts"}],"about":[{"href":"https:\/\/www.journee-mondiale.com\/es\/wp-json\/wp\/v2\/types\/post"}],"author":[{"embeddable":true,"href":"https:\/\/www.journee-mondiale.com\/es\/wp-json\/wp\/v2\/users\/1"}],"replies":[{"embeddable":true,"href":"https:\/\/www.journee-mondiale.com\/es\/wp-json\/wp\/v2\/comments?post=12817"}],"version-history":[{"count":0,"href":"https:\/\/www.journee-mondiale.com\/es\/wp-json\/wp\/v2\/posts\/12817\/revisions"}],"wp:featuredmedia":[{"embeddable":true,"href":"https:\/\/www.journee-mondiale.com\/es\/wp-json\/wp\/v2\/media\/12816"}],"wp:attachment":[{"href":"https:\/\/www.journee-mondiale.com\/es\/wp-json\/wp\/v2\/media?parent=12817"}],"wp:term":[{"taxonomy":"category","embeddable":true,"href":"https:\/\/www.journee-mondiale.com\/es\/wp-json\/wp\/v2\/categories?post=12817"},{"taxonomy":"post_tag","embeddable":true,"href":"https:\/\/www.journee-mondiale.com\/es\/wp-json\/wp\/v2\/tags?post=12817"}],"curies":[{"name":"wp","href":"https:\/\/api.w.org\/{rel}","templated":true}]}}