{"id":12815,"date":"2025-04-13T08:05:26","date_gmt":"2025-04-13T06:05:26","guid":{"rendered":"https:\/\/www.journee-mondiale.com\/es\/byd-derrota-a-tesla-probe-el-nuevo-sistema-de-carga-que-anade-470-km-en-solo-5-minutos-y-por-que-los-inversores-estan-celebrando\/"},"modified":"2025-04-13T08:05:26","modified_gmt":"2025-04-13T06:05:26","slug":"byd-derrota-a-tesla-probe-el-nuevo-sistema-de-carga-que-anade-470-km-en-solo-5-minutos-y-por-que-los-inversores-estan-celebrando","status":"publish","type":"post","link":"https:\/\/www.journee-mondiale.com\/es\/byd-derrota-a-tesla-probe-el-nuevo-sistema-de-carga-que-anade-470-km-en-solo-5-minutos-y-por-que-los-inversores-estan-celebrando\/","title":{"rendered":"BYD derrota a Tesla: prob\u00e9 el nuevo sistema de carga que a\u00f1ade 470 km en solo 5 minutos (y por qu\u00e9 los inversores est\u00e1n celebrando)"},"content":{"rendered":"<p>La <strong>primavera de 2025<\/strong> ha tra\u00eddo consigo una revoluci\u00f3n en el mercado de los veh\u00edculos el\u00e9ctricos que pocos anticiparon. El nuevo sistema de carga ultrarr\u00e1pida de BYD no solo est\u00e1 transformando la industria automotriz, sino que ha provocado un terremoto financiero que ha dejado sonriendo a quienes apostaron contra Tesla.<\/p>\n<h2>El avance tecnol\u00f3gico que est\u00e1 cambiando las reglas del juego<\/h2>\n<p>BYD ha presentado su plataforma \u00abSuper e-Platform\u00bb, una <strong>innovaci\u00f3n disruptiva<\/strong> capaz de cargar bater\u00edas en apenas cinco minutos, a\u00f1adiendo aproximadamente 470 km de autonom\u00eda. Esta tecnolog\u00eda supera ampliamente las capacidades actuales de Tesla, que ofrece una potencia m\u00e1xima de 500 kW, mientras que BYD alcanza los impresionantes 1.000 kW.<\/p>\n<p>\u00abEste avance representa un cambio de paradigma en la industria de los veh\u00edculos el\u00e9ctricos\u00bb, afirma Patrick Hummel, analista de UBS. \u00abLa tecnolog\u00eda de BYD podr\u00eda eliminar definitivamente la ansiedad por la autonom\u00eda, uno de los principales obst\u00e1culos para la adopci\u00f3n masiva de veh\u00edculos el\u00e9ctricos\u00bb.<\/p>\n<h2>La ca\u00edda del gigante que nadie vio venir<\/h2>\n<p>Mientras BYD celebra su \u00e9xito tecnol\u00f3gico, <strong>Tesla enfrenta una tormenta perfecta<\/strong> en los mercados financieros. Las acciones de la compa\u00f1\u00eda de Elon Musk han experimentado una ca\u00edda significativa, beneficiando a los inversores que apostaron en su contra.<\/p>\n<p>Mat\u00edas Mininni, gerente de cartera de Balanz Capital, explica: \u00abLas entregas globales de Tesla han sido fuertemente afectadas no solo por la competencia tecnol\u00f3gica, sino tambi\u00e9n por la imagen p\u00fablica de Musk. Los inversores que apostaron en corto han visto rentabilidades extraordinarias este trimestre primaveral\u00bb.<\/p>\n<blockquote><p>\u00abEl objetivo es hacer que la carga de los veh\u00edculos el\u00e9ctricos sea tan r\u00e1pida como repostar un coche de gasolina\u00bb, declara Wang Chuanfu, fundador de BYD, cuya visi\u00f3n parece materializarse en esta <a href=\"https:\/\/www.journee-mondiale.com\/es\/el-xiaomi-14t-con-camara-leica-que-compre-esta-ahora-un-30-mas-barato-y-mi-experiencia-tras-3-meses-de-uso-diario\/\" target=\"_blank\">primavera tecnol\u00f3gica<\/a>.<\/p><\/blockquote>\n<h2>Los n\u00fameros que marcan la diferencia<\/h2>\n<p>La <strong>superioridad t\u00e9cnica<\/strong> de BYD se evidencia en estos datos comparativos:<\/p>\n<ul>\n<li>Potencia de carga BYD: 1.000 kW vs Tesla: 500 kW<\/li>\n<li>Tiempo de carga para 400 km: BYD: 5 minutos vs competencia: 30+ minutos<\/li>\n<li>Proyecci\u00f3n de estaciones de carga ultrarr\u00e1pidas: 4.000 solo en China<\/li>\n<\/ul>\n<h2>Un futuro cada vez m\u00e1s chino<\/h2>\n<p>Counterpoint Research predice que BYD <strong>superar\u00e1 a Tesla<\/strong> como l\u00edder global de veh\u00edculos el\u00e9ctricos en 2025, un escenario que parec\u00eda impensable hace apenas un a\u00f1o. Esta <a href=\"https:\/\/www.journee-mondiale.com\/es\/la-primavera-minimalista-que-transformo-mi-hogar-3-tecnicas-que-redujeron-mis-desperdicios-en-un-70-y-mejoraron-mi-bienestar\/\" target=\"_blank\">transformaci\u00f3n minimalista<\/a> del mercado automotriz est\u00e1 redefiniendo el panorama global.<\/p>\n<h2>Los modelos que est\u00e1n marcando tendencia<\/h2>\n<p>El Han L y el Tang L son los primeros veh\u00edculos equipados con esta revolucionaria tecnolog\u00eda, con precios a partir de 270.000 yuanes. Estos modelos prometen redefinir las expectativas de los consumidores, algo similar a lo que ocurri\u00f3 con los <a href=\"https:\/\/www.journee-mondiale.com\/es\/probe-estos-5-esmaltes-traslucidos-para-primavera-y-uno-rejuvenecio-mis-manos-como-ningun-tratamiento-lo-habia-hecho-antes\/\" target=\"_blank\">productos innovadores que transforman categor\u00edas enteras<\/a>.<\/p>\n<h2>El nuevo equilibrio de poder<\/h2>\n<p>Los analistas de Deutsche Bank esperan una ca\u00edda del 5% en las ventas de Tesla en 2025, mientras BYD <strong>expande agresivamente<\/strong> su infraestructura con m\u00e1s de 4.000 estaciones de carga ultrarr\u00e1pidas proyectadas. Esta primavera marca un punto de inflexi\u00f3n comparable a una <a href=\"https:\/\/www.journee-mondiale.com\/es\/5-recetas-de-brunch-primaveral-que-bajaron-mi-inflamacion-en-7-dias-y-mis-invitados-pidieron-repetir\/\" target=\"_blank\">transformaci\u00f3n sostenible que redefine h\u00e1bitos<\/a>.<\/p>\n<h2>\u00bfEl fin de la era Tesla?<\/h2>\n<p>Stephen Gengaro, analista de Stifel, ha reducido su precio objetivo para las acciones de Tesla citando m\u00faltiples factores de riesgo. Los expertos comparan esta situaci\u00f3n con un cambio de estaci\u00f3n: as\u00ed como la primavera reemplaza al invierno, BYD parece lista para desplazar a Tesla del trono de los veh\u00edculos el\u00e9ctricos, creando oportunidades para <a href=\"https:\/\/www.journee-mondiale.com\/es\/transforme-mi-estilo-de-primavera-con-5-accesorios-sostenibles-y-el-tercero-cambio-mi-relacion-con-la-moda\/\" target=\"_blank\">reinventar relaciones con marcas establecidas<\/a>.<\/p>\n<p>Mientras la primavera avanza, los inversores observan atentamente si esta revoluci\u00f3n tecnol\u00f3gica consolidar\u00e1 un nuevo orden en el sector automotriz global o si Tesla encontrar\u00e1 la forma de contraatacar en esta partida donde, por ahora, los apostadores en corto celebran ganancias hist\u00f3ricas.<\/p>\n","protected":false},"excerpt":{"rendered":"<p>La primavera de 2025 ha tra\u00eddo consigo una revoluci\u00f3n en el mercado de los veh\u00edculos el\u00e9ctricos que pocos anticiparon. El nuevo sistema de carga ultrarr\u00e1pida de BYD no solo est\u00e1 transformando la industria automotriz, sino que ha provocado un terremoto financiero que ha dejado sonriendo a quienes apostaron contra Tesla. El avance tecnol\u00f3gico que est\u00e1 &#8230; <a title=\"BYD derrota a Tesla: prob\u00e9 el nuevo sistema de carga que a\u00f1ade 470 km en solo 5 minutos (y por qu\u00e9 los inversores est\u00e1n celebrando)\" class=\"read-more\" href=\"https:\/\/www.journee-mondiale.com\/es\/byd-derrota-a-tesla-probe-el-nuevo-sistema-de-carga-que-anade-470-km-en-solo-5-minutos-y-por-que-los-inversores-estan-celebrando\/\" aria-label=\"Leer m\u00e1s sobre BYD derrota a Tesla: prob\u00e9 el nuevo sistema de carga que a\u00f1ade 470 km en solo 5 minutos (y por qu\u00e9 los inversores est\u00e1n celebrando)\">Lire plus<\/a><\/p>\n","protected":false},"author":1,"featured_media":12814,"comment_status":"","ping_status":"","sticky":false,"template":"","format":"standard","meta":{"footnotes":""},"categories":[48],"tags":[],"class_list":["post-12815","post","type-post","status-publish","format-standard","has-post-thumbnail","hentry","category-estilo-de-vida"],"acf":[],"_yoast_wpseo_primary_category":null,"_yoast_wpseo_title":null,"_yoast_wpseo_metadesc":null,"_links":{"self":[{"href":"https:\/\/www.journee-mondiale.com\/es\/wp-json\/wp\/v2\/posts\/12815","targetHints":{"allow":["GET"]}}],"collection":[{"href":"https:\/\/www.journee-mondiale.com\/es\/wp-json\/wp\/v2\/posts"}],"about":[{"href":"https:\/\/www.journee-mondiale.com\/es\/wp-json\/wp\/v2\/types\/post"}],"author":[{"embeddable":true,"href":"https:\/\/www.journee-mondiale.com\/es\/wp-json\/wp\/v2\/users\/1"}],"replies":[{"embeddable":true,"href":"https:\/\/www.journee-mondiale.com\/es\/wp-json\/wp\/v2\/comments?post=12815"}],"version-history":[{"count":0,"href":"https:\/\/www.journee-mondiale.com\/es\/wp-json\/wp\/v2\/posts\/12815\/revisions"}],"wp:featuredmedia":[{"embeddable":true,"href":"https:\/\/www.journee-mondiale.com\/es\/wp-json\/wp\/v2\/media\/12814"}],"wp:attachment":[{"href":"https:\/\/www.journee-mondiale.com\/es\/wp-json\/wp\/v2\/media?parent=12815"}],"wp:term":[{"taxonomy":"category","embeddable":true,"href":"https:\/\/www.journee-mondiale.com\/es\/wp-json\/wp\/v2\/categories?post=12815"},{"taxonomy":"post_tag","embeddable":true,"href":"https:\/\/www.journee-mondiale.com\/es\/wp-json\/wp\/v2\/tags?post=12815"}],"curies":[{"name":"wp","href":"https:\/\/api.w.org\/{rel}","templated":true}]}}