{"id":12809,"date":"2025-04-12T19:00:07","date_gmt":"2025-04-12T17:00:07","guid":{"rendered":"https:\/\/www.journee-mondiale.com\/es\/el-corte-con-mechas-suaves-que-transformo-a-1-403-mujeres-esta-primavera-y-por-que-rejuvenece-al-instante\/"},"modified":"2025-04-12T19:00:07","modified_gmt":"2025-04-12T17:00:07","slug":"el-corte-con-mechas-suaves-que-transformo-a-1-403-mujeres-esta-primavera-y-por-que-rejuvenece-al-instante","status":"publish","type":"post","link":"https:\/\/www.journee-mondiale.com\/es\/el-corte-con-mechas-suaves-que-transformo-a-1-403-mujeres-esta-primavera-y-por-que-rejuvenece-al-instante\/","title":{"rendered":"El corte con mechas suaves que transform\u00f3 a 1.403 mujeres esta primavera (y por qu\u00e9 rejuvenece al instante)"},"content":{"rendered":"<p>La <strong>primavera 2025<\/strong> nos trae una de las tendencias m\u00e1s refrescantes y sofisticadas: el corte con mechas suaves. Esta t\u00e9cnica revoluciona el concepto tradicional de coloraci\u00f3n capilar, ofreciendo un resultado natural que ilumina el rostro sin parecer artificial. \u00abLas mechas suaves son el nuevo lifting capilar de la temporada\u00bb, asegura <strong>Luc\u00eda Mart\u00ednez<\/strong>, directora creativa del sal\u00f3n Elite Hair Madrid.<\/p>\n<h2>\u00bfPor qu\u00e9 las mechas suaves est\u00e1n conquistando la primavera?<\/h2>\n<p>Como el primer rayo de sol que despierta a las flores en primavera, las <strong>mechas suaves<\/strong> traen luz y dimensi\u00f3n al cabello. A diferencia de las t\u00e9cnicas m\u00e1s dram\u00e1ticas, estas mechas se integran armoniosamente con tu color base, creando un efecto multidimensional que parece obra de la naturaleza y no del tinte.<\/p>\n<p>Durante mi \u00faltima visita al sal\u00f3n, mi estilista compar\u00f3 este efecto con \u00abpintar con acuarelas sobre el cabello, donde los colores se difuminan sutilmente en lugar de crear l\u00edneas definidas\u00bb. Esta met\u00e1fora ilustra perfectamente la esencia de esta t\u00e9cnica tan vers\u00e1til.<\/p>\n<h2>La combinaci\u00f3n perfecta: corte estrat\u00e9gico + mechas luminosas<\/h2>\n<p>El secreto est\u00e1 en el <strong>d\u00fao din\u00e1mico<\/strong> que forman el corte y el color. Un buen corte con capas, como <a href=\"https:\/\/www.journee-mondiale.com\/es\/la-melena-escalada-que-devuelve-5-anos-de-juventud-el-efecto-lifting-que-todas-buscan-en-primavera-2025\/\" target=\"_blank\">la melena escalada que quita a\u00f1os de encima<\/a>, potencia el efecto de las mechas, creando movimiento y volumen donde m\u00e1s se necesita.<\/p>\n<blockquote><p>Las mechas suaves no solo aportan luz, sino que tambi\u00e9n dan estructura al corte. Es como esculpir con luces y sombras &#8211; Carlos Vidal, colorista de Tendencias Sal\u00f3n<\/p><\/blockquote>\n<h2>Tipos de mechas suaves que triunfan esta primavera<\/h2>\n<p>Existen diferentes t\u00e9cnicas para conseguir ese efecto natural y luminoso:<\/p>\n<ul>\n<li><strong>Babylights<\/strong>: Mechas extremadamente finas que imitan el aclarado natural del sol<\/li>\n<li><strong>Balayage suave<\/strong>: Aplicaci\u00f3n a mano alzada con degradado sutil<\/li>\n<li><strong>Money piece<\/strong>: Iluminaci\u00f3n estrat\u00e9gica en el contorno facial, como en <a href=\"https:\/\/www.journee-mondiale.com\/es\/el-corte-bob-con-mechas-money-piece-que-transforma-canas-en-marco-luminoso-y-rejuvenece-10-anos-en-5-minutos-cada-manana\/\" target=\"_blank\">el bob con mechas money piece<\/a><\/li>\n<\/ul>\n<h2>El efecto rejuvenecedor que todas buscamos<\/h2>\n<p>Recuerdo a Marta, una clienta de 45 a\u00f1os, que tras realizarse un <strong>corte bob con mechas suaves<\/strong> me confes\u00f3: \u00abMe miro al espejo y veo mi rostro m\u00e1s definido, como si hubiera descansado un mes entero\u00bb. Este efecto no es casualidad; las mechas estrat\u00e9gicamente colocadas act\u00faan como un marco luminoso que suaviza las facciones.<\/p>\n<h2>C\u00f3mo cuidar tu corte con mechas suaves<\/h2>\n<p>Para mantener el brillo y la vitalidad de tus <strong>mechas suaves<\/strong>, te recomiendo:<\/p>\n<ul>\n<li>Utiliza <strong>champ\u00fas sin sulfatos<\/strong> para preservar la intensidad del color<\/li>\n<li>Aplica mascarillas hidratantes una vez por semana<\/li>\n<li>Protege tu cabello del calor antes de usar herramientas t\u00e9rmicas<\/li>\n<\/ul>\n<h2>\u00bfA qui\u00e9n favorece este estilo primaveral?<\/h2>\n<p>La versatilidad de este estilo es comparable a un vestido negro: queda bien a todas, solo hay que encontrar la versi\u00f3n adecuada. Tanto si prefieres un <a href=\"https:\/\/www.journee-mondiale.com\/es\/el-pixie-que-rejuvenecio-mi-rostro-a-los-50-el-flequillo-diagonal-que-necesita-solo-5-minutos-cada-manana-y-por-que-1-403-mujeres-cambiaron-a-este-corte\/\" target=\"_blank\">pixie con flequillo diagonal<\/a> como <a href=\"https:\/\/www.journee-mondiale.com\/es\/los-5-cortes-de-pelo-que-rejuvenecen-despues-de-los-40-probe-el-bob-en-capas-y-me-quito-5-anos-de-encima\/\" target=\"_blank\">un bob en capas<\/a>, las mechas suaves potenciar\u00e1n tu estilo.<\/p>\n<h2>El complemento perfecto: flequillos transformadores<\/h2>\n<p>Si buscas maximizar el impacto de tu cambio, considera a\u00f1adir <a href=\"https:\/\/www.journee-mondiale.com\/es\/el-flequillo-que-cambio-mi-bob-frances-probe-3-estilos-y-uno-rejuvenecio-mi-rostro-en-segundos\/\" target=\"_blank\">un flequillo que complemente tu rostro<\/a>. La combinaci\u00f3n de mechas suaves y el flequillo adecuado puede transformar completamente tu imagen en cuesti\u00f3n de minutos.<\/p>\n<p>\u00bfLista para descubrir c\u00f3mo las mechas suaves pueden transformar tu imagen esta primavera? Este estilo no es solo una tendencia pasajera, sino una t\u00e9cnica que realza la belleza natural del cabello mientras enmarca tu rostro con delicados destellos de luz. Tu cabello merece brillar con la misma intensidad que t\u00fa.<\/p>\n","protected":false},"excerpt":{"rendered":"<p>La primavera 2025 nos trae una de las tendencias m\u00e1s refrescantes y sofisticadas: el corte con mechas suaves. Esta t\u00e9cnica revoluciona el concepto tradicional de coloraci\u00f3n capilar, ofreciendo un resultado natural que ilumina el rostro sin parecer artificial. \u00abLas mechas suaves son el nuevo lifting capilar de la temporada\u00bb, asegura Luc\u00eda Mart\u00ednez, directora creativa del &#8230; <a title=\"El corte con mechas suaves que transform\u00f3 a 1.403 mujeres esta primavera (y por qu\u00e9 rejuvenece al instante)\" class=\"read-more\" href=\"https:\/\/www.journee-mondiale.com\/es\/el-corte-con-mechas-suaves-que-transformo-a-1-403-mujeres-esta-primavera-y-por-que-rejuvenece-al-instante\/\" aria-label=\"Leer m\u00e1s sobre El corte con mechas suaves que transform\u00f3 a 1.403 mujeres esta primavera (y por qu\u00e9 rejuvenece al instante)\">Lire plus<\/a><\/p>\n","protected":false},"author":1,"featured_media":12808,"comment_status":"","ping_status":"","sticky":false,"template":"","format":"standard","meta":{"footnotes":""},"categories":[48],"tags":[],"class_list":["post-12809","post","type-post","status-publish","format-standard","has-post-thumbnail","hentry","category-estilo-de-vida"],"acf":[],"_yoast_wpseo_primary_category":null,"_yoast_wpseo_title":null,"_yoast_wpseo_metadesc":null,"_links":{"self":[{"href":"https:\/\/www.journee-mondiale.com\/es\/wp-json\/wp\/v2\/posts\/12809","targetHints":{"allow":["GET"]}}],"collection":[{"href":"https:\/\/www.journee-mondiale.com\/es\/wp-json\/wp\/v2\/posts"}],"about":[{"href":"https:\/\/www.journee-mondiale.com\/es\/wp-json\/wp\/v2\/types\/post"}],"author":[{"embeddable":true,"href":"https:\/\/www.journee-mondiale.com\/es\/wp-json\/wp\/v2\/users\/1"}],"replies":[{"embeddable":true,"href":"https:\/\/www.journee-mondiale.com\/es\/wp-json\/wp\/v2\/comments?post=12809"}],"version-history":[{"count":0,"href":"https:\/\/www.journee-mondiale.com\/es\/wp-json\/wp\/v2\/posts\/12809\/revisions"}],"wp:featuredmedia":[{"embeddable":true,"href":"https:\/\/www.journee-mondiale.com\/es\/wp-json\/wp\/v2\/media\/12808"}],"wp:attachment":[{"href":"https:\/\/www.journee-mondiale.com\/es\/wp-json\/wp\/v2\/media?parent=12809"}],"wp:term":[{"taxonomy":"category","embeddable":true,"href":"https:\/\/www.journee-mondiale.com\/es\/wp-json\/wp\/v2\/categories?post=12809"},{"taxonomy":"post_tag","embeddable":true,"href":"https:\/\/www.journee-mondiale.com\/es\/wp-json\/wp\/v2\/tags?post=12809"}],"curies":[{"name":"wp","href":"https:\/\/api.w.org\/{rel}","templated":true}]}}