{"id":12797,"date":"2025-04-12T09:04:53","date_gmt":"2025-04-12T07:04:53","guid":{"rendered":"https:\/\/www.journee-mondiale.com\/es\/el-cepillo-redondo-que-me-devolvio-volumen-a-los-60-5-minutos-que-cambiaron-mi-cabello-maduro-esta-primavera\/"},"modified":"2025-04-12T09:04:53","modified_gmt":"2025-04-12T07:04:53","slug":"el-cepillo-redondo-que-me-devolvio-volumen-a-los-60-5-minutos-que-cambiaron-mi-cabello-maduro-esta-primavera","status":"publish","type":"post","link":"https:\/\/www.journee-mondiale.com\/es\/el-cepillo-redondo-que-me-devolvio-volumen-a-los-60-5-minutos-que-cambiaron-mi-cabello-maduro-esta-primavera\/","title":{"rendered":"El cepillo redondo que me devolvi\u00f3 volumen a los 60: 5 minutos que cambiaron mi cabello maduro esta primavera"},"content":{"rendered":"<p>La primavera trae consigo la renovaci\u00f3n, y qu\u00e9 mejor momento para darle un impulso a tu cabello. Si perteneces al distinguido club de mujeres maduras, seguramente has notado c\u00f3mo el paso del tiempo puede hacer que tu melena pierda volumen. <strong>El cepillo redondo<\/strong> se convierte en tu mejor aliado para recuperar esa apariencia abundante y juvenil que tanto anhelas.<\/p>\n<h2>El secreto del volumen que rejuvenece al instante<\/h2>\n<p>\u00abEl cepillo redondo es como una varita m\u00e1gica para las mujeres maduras. Con los movimientos adecuados, puede quitar hasta cinco a\u00f1os de encima en cuesti\u00f3n de minutos\u00bb, asegura <strong>Marta S\u00e1nchez<\/strong>, directora de estilismo en Elite Hair Madrid. Esta herramienta, similar a un arquitecto del cabello, construye estructura donde antes hab\u00eda planicie.<\/p>\n<p>Mi clienta Teresa, de 67 a\u00f1os, lleg\u00f3 derrotada a mi consulta despu\u00e9s de probar decenas de productos sin \u00e9xito. Tras ense\u00f1arle la t\u00e9cnica correcta del cepillado redondo, ahora presume de un volumen que sus amigas envidian y le preguntan si se ha sometido a alg\u00fan tratamiento.<\/p>\n<h2>\u00bfPor qu\u00e9 funciona tan bien en cabellos maduros?<\/h2>\n<p>Con el tiempo, nuestro cabello tiende a adelgazarse y perder densidad. <strong>El cepillo redondo<\/strong>, especialmente uno de tama\u00f1o mediano a grande, logra levantar el cabello desde la ra\u00edz, creando la ilusi\u00f3n de mayor volumen donde m\u00e1s se necesita. Como la marea que levanta todos los barcos, eleva cada hebra desde su base.<\/p>\n<h2>La t\u00e9cnica de los 5 minutos que cambiar\u00e1 tus ma\u00f1anas<\/h2>\n<p>Para dominar el arte del <strong>brushing volumizador<\/strong>, sigue estos pasos esenciales:<\/p>\n<ul>\n<li>Aplica un <strong>protector t\u00e9rmico<\/strong> en cabello h\u00famedo<\/li>\n<li>Divide tu melena en secciones de 5 cm aproximadamente<\/li>\n<li>Coloca el cepillo en la ra\u00edz y dirige el secador desde abajo<\/li>\n<li>Gira el cepillo hacia afuera mientras secas cada secci\u00f3n<\/li>\n<\/ul>\n<h2>El secreto est\u00e1 en la temperatura y la direcci\u00f3n<\/h2>\n<p>\u00abLo que muchas mujeres no saben es que el secreto no est\u00e1 en la fuerza, sino en la direcci\u00f3n. Siempre debemos secar en sentido contrario al crecimiento natural del cabello para maximizar el volumen\u00bb, explica <strong>Carlos Vidal<\/strong>, experto en estilismo de cabello maduro. Este enfoque es como plantar flores: necesitan la direcci\u00f3n correcta para florecer plenamente.<\/p>\n<p>Recuerdo a Pilar, una ejecutiva de 58 a\u00f1os, quien adopt\u00f3 <a href=\"https:\/\/www.journee-mondiale.com\/es\/el-bob-corto-pulido-que-me-dio-15-minutos-extra-cada-manana-y-por-que-las-ejecutivas-lo-adoptan-esta-primavera\/\" target=\"_blank\">un bob corto pulido<\/a> que le daba 15 minutos extra cada ma\u00f1ana. Complement\u00e1ndolo con la t\u00e9cnica del cepillo redondo, logr\u00f3 un peinado profesional y voluminoso que manten\u00eda todo el d\u00eda.<\/p>\n<h2>Cortes que maximizan el efecto voluminizador<\/h2>\n<p>Los mejores resultados con el cepillo redondo se obtienen con:<\/p>\n<ul>\n<li><a href=\"https:\/\/www.journee-mondiale.com\/es\/el-pixie-vintage-revive-3-versiones-de-los-70-que-transforman-rostros-maduros-sin-retoques-por-25-dias\/\" target=\"_blank\">El pixie vintage<\/a>, especialmente versiones de los 70<\/li>\n<li><a href=\"https:\/\/www.journee-mondiale.com\/es\/el-french-bob-que-alargo-2cm-el-cuello-en-48-horas-y-transformo-vidas-sin-arrepentimientos\/\" target=\"_blank\">El french bob<\/a> que alarga visualmente el cuello<\/li>\n<li>Cortes en capas que permiten movimiento y textura<\/li>\n<\/ul>\n<h2>La revoluci\u00f3n de aceptar las canas con estilo<\/h2>\n<p>Si has decidido lucir con orgullo tus <strong>canas plateadas<\/strong>, el cepillo redondo cobra a\u00fan m\u00e1s importancia. El cabello canoso tiende a ser m\u00e1s rebelde y menos maleable. <a href=\"https:\/\/www.journee-mondiale.com\/es\/la-primavera-que-acepte-mis-canas-5-tecnicas-que-transformaron-mi-cabello-gris-en-mi-mejor-atributo\/\" target=\"_blank\">Estas t\u00e9cnicas transformadoras<\/a> pueden convertir tu cabello gris en tu mejor atributo.<\/p>\n<h2>Productos que potencian el efecto del cepillo redondo<\/h2>\n<p>Para resultados \u00f3ptimos, combina tu t\u00e9cnica de cepillado con <a href=\"https:\/\/www.journee-mondiale.com\/es\/probe-3-cremas-livianas-para-mi-cabello-grueso-pero-ralo-esta-me-dio-volumen-en-solo-5-minutos-y-dura-todo-el-dia\/\" target=\"_blank\">cremas livianas especiales para cabello maduro<\/a>. Esta primavera, las <strong>espumas voluminizadoras<\/strong> con col\u00e1geno est\u00e1n revolucionando los peinados de mujeres maduras, aportando ligereza sin apelmazar.<\/p>\n<h2>\u00bfLista para transformar tu rutina capilar esta primavera?<\/h2>\n<p>El cepillo redondo es como un entrenador personal para tu cabello: con pr\u00e1ctica y constancia, los resultados mejoran cada d\u00eda. Esta primavera, dedica unos minutos extra a dominar esta t\u00e9cnica y observa c\u00f3mo tu cabello recupera la vida y el movimiento que cre\u00edas perdidos. Tu reflejo te lo agradecer\u00e1 con una imagen m\u00e1s juvenil y llena de confianza.<\/p>\n","protected":false},"excerpt":{"rendered":"<p>La primavera trae consigo la renovaci\u00f3n, y qu\u00e9 mejor momento para darle un impulso a tu cabello. Si perteneces al distinguido club de mujeres maduras, seguramente has notado c\u00f3mo el paso del tiempo puede hacer que tu melena pierda volumen. El cepillo redondo se convierte en tu mejor aliado para recuperar esa apariencia abundante y &#8230; <a title=\"El cepillo redondo que me devolvi\u00f3 volumen a los 60: 5 minutos que cambiaron mi cabello maduro esta primavera\" class=\"read-more\" href=\"https:\/\/www.journee-mondiale.com\/es\/el-cepillo-redondo-que-me-devolvio-volumen-a-los-60-5-minutos-que-cambiaron-mi-cabello-maduro-esta-primavera\/\" aria-label=\"Leer m\u00e1s sobre El cepillo redondo que me devolvi\u00f3 volumen a los 60: 5 minutos que cambiaron mi cabello maduro esta primavera\">Lire plus<\/a><\/p>\n","protected":false},"author":1,"featured_media":12796,"comment_status":"","ping_status":"","sticky":false,"template":"","format":"standard","meta":{"footnotes":""},"categories":[48],"tags":[],"class_list":["post-12797","post","type-post","status-publish","format-standard","has-post-thumbnail","hentry","category-estilo-de-vida"],"acf":[],"_yoast_wpseo_primary_category":null,"_yoast_wpseo_title":null,"_yoast_wpseo_metadesc":null,"_links":{"self":[{"href":"https:\/\/www.journee-mondiale.com\/es\/wp-json\/wp\/v2\/posts\/12797","targetHints":{"allow":["GET"]}}],"collection":[{"href":"https:\/\/www.journee-mondiale.com\/es\/wp-json\/wp\/v2\/posts"}],"about":[{"href":"https:\/\/www.journee-mondiale.com\/es\/wp-json\/wp\/v2\/types\/post"}],"author":[{"embeddable":true,"href":"https:\/\/www.journee-mondiale.com\/es\/wp-json\/wp\/v2\/users\/1"}],"replies":[{"embeddable":true,"href":"https:\/\/www.journee-mondiale.com\/es\/wp-json\/wp\/v2\/comments?post=12797"}],"version-history":[{"count":0,"href":"https:\/\/www.journee-mondiale.com\/es\/wp-json\/wp\/v2\/posts\/12797\/revisions"}],"wp:featuredmedia":[{"embeddable":true,"href":"https:\/\/www.journee-mondiale.com\/es\/wp-json\/wp\/v2\/media\/12796"}],"wp:attachment":[{"href":"https:\/\/www.journee-mondiale.com\/es\/wp-json\/wp\/v2\/media?parent=12797"}],"wp:term":[{"taxonomy":"category","embeddable":true,"href":"https:\/\/www.journee-mondiale.com\/es\/wp-json\/wp\/v2\/categories?post=12797"},{"taxonomy":"post_tag","embeddable":true,"href":"https:\/\/www.journee-mondiale.com\/es\/wp-json\/wp\/v2\/tags?post=12797"}],"curies":[{"name":"wp","href":"https:\/\/api.w.org\/{rel}","templated":true}]}}