{"id":12781,"date":"2025-04-11T13:07:14","date_gmt":"2025-04-11T11:07:14","guid":{"rendered":"https:\/\/www.journee-mondiale.com\/es\/transforme-mi-estilo-de-primavera-con-5-accesorios-sostenibles-y-el-tercero-cambio-mi-relacion-con-la-moda\/"},"modified":"2025-04-11T13:07:14","modified_gmt":"2025-04-11T11:07:14","slug":"transforme-mi-estilo-de-primavera-con-5-accesorios-sostenibles-y-el-tercero-cambio-mi-relacion-con-la-moda","status":"publish","type":"post","link":"https:\/\/www.journee-mondiale.com\/es\/transforme-mi-estilo-de-primavera-con-5-accesorios-sostenibles-y-el-tercero-cambio-mi-relacion-con-la-moda\/","title":{"rendered":"Transform\u00e9 mi estilo de primavera con 5 accesorios sostenibles (y el tercero cambi\u00f3 mi relaci\u00f3n con la moda)"},"content":{"rendered":"<p>La <strong>primavera 2025<\/strong> nos trae una renovaci\u00f3n no solo en la naturaleza, sino tambi\u00e9n en nuestro armario. Y si hay algo que puede transformar instant\u00e1neamente cualquier conjunto casual en una declaraci\u00f3n de estilo, son los accesorios adecuados. Estos peque\u00f1os pero poderosos elementos pueden revolucionar tu bienestar personal y confianza, elevando desde un simple conjunto de jeans y camiseta hasta convertirlo en un look digno de pasarela.<\/p>\n<h2>La revoluci\u00f3n de los accesorios sostenibles que est\u00e1 cambiando nuestra relaci\u00f3n con la moda<\/h2>\n<p>Este a\u00f1o, los <strong>materiales sostenibles<\/strong> han tomado protagonismo en el mundo de los accesorios. \u00abLos consumidores ya no buscan solo est\u00e9tica, sino que exigen productos que respeten el planeta mientras realzan su imagen personal\u00bb, explica la Dra. Luisa Mart\u00edn, psic\u00f3loga especializada en imagen y autoestima.<\/p>\n<p>Los <a href=\"https:\/\/www.journee-mondiale.com\/es\/transforme-mi-bienestar-diario-con-estos-5-bolsos-de-primavera-2025-y-el-tercero-cambio-mi-relacion-con-la-moda\/\" target=\"_blank\">bolsos estructurados de materiales reciclados<\/a> se han convertido en aut\u00e9nticos aliados para nuestro bienestar emocional, funcionando como peque\u00f1os santuarios port\u00e1tiles que organizan nuestro caos diario.<\/p>\n<h2>Gafas de sol XXL: la protecci\u00f3n que transforma tu rostro esta temporada<\/h2>\n<p>Las <strong>gafas oversized geom\u00e9tricas<\/strong> han regresado con fuerza esta primavera. Estos accesorios no solo protegen tus ojos de los rayos UV, sino que act\u00faan como verdaderos escudos emocionales que pueden transformar instant\u00e1neamente tu actitud.<\/p>\n<p>Leonie, fundadora de The Style Insider, afirma: \u00abLos accesorios tienen el poder m\u00e1gico de actualizar cualquier outfit. Unas gafas de sol bien elegidas pueden hacerte sentir como otra persona, m\u00e1s segura y radiante\u00bb.<\/p>\n<h2>El renacimiento de las joyas con significado: bienestar emocional en tu cuello<\/h2>\n<p>Las <strong>joyas con detalles florales y naturales<\/strong> est\u00e1n experimentando un auge sin precedentes. Como peque\u00f1os amuletos, estas piezas no son simples adornos, sino anclas emocionales que nos conectan con nuestros valores y aspiraciones.<\/p>\n<p>Elena Sunday, experta en accesorios, destaca: \u00abLas joyas pueden dar un aire completamente diferente a cualquier look, especialmente con detalles florales o lazos en chokkers, que funcionan como peque\u00f1os potenciadores de \u00e1nimo cada vez que los tocamos\u00bb.<\/p>\n<h2>Las sandalias que revolucionar\u00e1n tus outfits primaverales<\/h2>\n<p>Un elemento inesperado que est\u00e1 redefiniendo el <strong>calzado primaveral<\/strong> son las denominadas \u00abugly sandals\u00bb que, parad\u00f3jicamente, est\u00e1n a\u00f1adiendo sofisticaci\u00f3n a los conjuntos m\u00e1s sencillos. Estos zapatos son como una meditaci\u00f3n activa para tus pies, combinando comodidad y estilo.<\/p>\n<p><a href=\"https:\/\/www.journee-mondiale.com\/es\/asi-combine-mis-sandalias-ugly-con-3-outfits-sofisticados-para-primavera-y-nadie-noto-que-eran-feas\/\" target=\"_blank\">Las sandalias con plataformas exageradas<\/a> no solo te dan altura f\u00edsica, sino tambi\u00e9n emocional, elevando tu presencia en cualquier espacio.<\/p>\n<h2>El poder transformador de un buen top para redefinir tu silueta<\/h2>\n<p>Aunque no es estrictamente un accesorio, <a href=\"https:\/\/www.journee-mondiale.com\/es\/el-top-wrap-que-redefinio-mi-silueta-a-los-40-sin-importar-mi-tipo-de-cuerpo\/\" target=\"_blank\">un top wrap bien dise\u00f1ado<\/a> puede funcionar como el lienzo perfecto para lucir tus accesorios, creando una armon\u00eda visual que potencia tu bienestar f\u00edsico y emocional.<\/p>\n<h2>Fragancias: el accesorio invisible que mejora tu bienestar mental<\/h2>\n<p>No podemos olvidar el poder de los <strong>aromas primaverales<\/strong> como accesorios invisibles. <a href=\"https:\/\/www.journee-mondiale.com\/es\/probe-estas-fragancias-masculinas-de-primavera-2025-durante-30-dias-y-mi-bienestar-mental-mejoro-un-27-esto-es-lo-que-descubri\/\" target=\"_blank\">Las fragancias adecuadas<\/a> pueden transformar no solo c\u00f3mo te perciben los dem\u00e1s, sino tambi\u00e9n c\u00f3mo te sientes contigo mismo.<\/p>\n<h2>El vestido perfecto: el complemento ideal para tus accesorios<\/h2>\n<p>Un <a href=\"https:\/\/www.journee-mondiale.com\/es\/el-vestido-que-disimula-mi-vientre-y-caderas-probe-17-estilos-cruzados-y-uno-me-hizo-parecer-4-cm-mas-delgada-sin-esfuerzo\/\" target=\"_blank\">vestido cruzado vers\u00e1til<\/a> puede ser el aliado perfecto para tus accesorios primaverales, creando una silueta que potencia tu confianza mientras sirve como lienzo neutro para tus complementos m\u00e1s audaces.<\/p>\n<p>\u00bfPodr\u00edan unos simples accesorios transformar realmente nuestra relaci\u00f3n con la moda y con nosotros mismos? Absolutamente. La magia de los accesorios para esta primavera 2025 no reside solo en su capacidad para complementar un outfit, sino en su poder para transformar nuestra actitud, elevar nuestro estado de \u00e1nimo y potenciar nuestro bienestar. Escoge conscientemente, porque cada accesorio que llevas cuenta una historia sobre qui\u00e9n eres y c\u00f3mo te sientes.<\/p>\n","protected":false},"excerpt":{"rendered":"<p>La primavera 2025 nos trae una renovaci\u00f3n no solo en la naturaleza, sino tambi\u00e9n en nuestro armario. Y si hay algo que puede transformar instant\u00e1neamente cualquier conjunto casual en una declaraci\u00f3n de estilo, son los accesorios adecuados. Estos peque\u00f1os pero poderosos elementos pueden revolucionar tu bienestar personal y confianza, elevando desde un simple conjunto de &#8230; <a title=\"Transform\u00e9 mi estilo de primavera con 5 accesorios sostenibles (y el tercero cambi\u00f3 mi relaci\u00f3n con la moda)\" class=\"read-more\" href=\"https:\/\/www.journee-mondiale.com\/es\/transforme-mi-estilo-de-primavera-con-5-accesorios-sostenibles-y-el-tercero-cambio-mi-relacion-con-la-moda\/\" aria-label=\"Leer m\u00e1s sobre Transform\u00e9 mi estilo de primavera con 5 accesorios sostenibles (y el tercero cambi\u00f3 mi relaci\u00f3n con la moda)\">Lire plus<\/a><\/p>\n","protected":false},"author":1,"featured_media":12780,"comment_status":"","ping_status":"","sticky":false,"template":"","format":"standard","meta":{"footnotes":""},"categories":[48],"tags":[],"class_list":["post-12781","post","type-post","status-publish","format-standard","has-post-thumbnail","hentry","category-estilo-de-vida"],"acf":[],"_yoast_wpseo_primary_category":null,"_yoast_wpseo_title":null,"_yoast_wpseo_metadesc":null,"_links":{"self":[{"href":"https:\/\/www.journee-mondiale.com\/es\/wp-json\/wp\/v2\/posts\/12781","targetHints":{"allow":["GET"]}}],"collection":[{"href":"https:\/\/www.journee-mondiale.com\/es\/wp-json\/wp\/v2\/posts"}],"about":[{"href":"https:\/\/www.journee-mondiale.com\/es\/wp-json\/wp\/v2\/types\/post"}],"author":[{"embeddable":true,"href":"https:\/\/www.journee-mondiale.com\/es\/wp-json\/wp\/v2\/users\/1"}],"replies":[{"embeddable":true,"href":"https:\/\/www.journee-mondiale.com\/es\/wp-json\/wp\/v2\/comments?post=12781"}],"version-history":[{"count":0,"href":"https:\/\/www.journee-mondiale.com\/es\/wp-json\/wp\/v2\/posts\/12781\/revisions"}],"wp:featuredmedia":[{"embeddable":true,"href":"https:\/\/www.journee-mondiale.com\/es\/wp-json\/wp\/v2\/media\/12780"}],"wp:attachment":[{"href":"https:\/\/www.journee-mondiale.com\/es\/wp-json\/wp\/v2\/media?parent=12781"}],"wp:term":[{"taxonomy":"category","embeddable":true,"href":"https:\/\/www.journee-mondiale.com\/es\/wp-json\/wp\/v2\/categories?post=12781"},{"taxonomy":"post_tag","embeddable":true,"href":"https:\/\/www.journee-mondiale.com\/es\/wp-json\/wp\/v2\/tags?post=12781"}],"curies":[{"name":"wp","href":"https:\/\/api.w.org\/{rel}","templated":true}]}}