{"id":12775,"date":"2025-04-11T09:06:58","date_gmt":"2025-04-11T07:06:58","guid":{"rendered":"https:\/\/www.journee-mondiale.com\/es\/la-primavera-que-acepte-mis-canas-5-tecnicas-que-transformaron-mi-cabello-gris-en-mi-mejor-atributo\/"},"modified":"2025-04-11T09:06:58","modified_gmt":"2025-04-11T07:06:58","slug":"la-primavera-que-acepte-mis-canas-5-tecnicas-que-transformaron-mi-cabello-gris-en-mi-mejor-atributo","status":"publish","type":"post","link":"https:\/\/www.journee-mondiale.com\/es\/la-primavera-que-acepte-mis-canas-5-tecnicas-que-transformaron-mi-cabello-gris-en-mi-mejor-atributo\/","title":{"rendered":"La primavera que acept\u00e9 mis canas: 5 t\u00e9cnicas que transformaron mi cabello gris en mi mejor atributo"},"content":{"rendered":"<p>\u00bfTe has mirado al espejo \u00faltimamente y has notado c\u00f3mo tus canas empiezan a ganar terreno? La primavera de 2025 nos invita a dejar atr\u00e1s los complejos y <strong>abrazar nuestras canas<\/strong> con t\u00e9cnicas de coloraci\u00f3n que realzan su belleza natural. Descubramos c\u00f3mo transformar lo que antes consider\u00e1bamos un \u00abproblema\u00bb en nuestro mayor atractivo.<\/p>\n<h2>El renacimiento plateado: por qu\u00e9 las canas est\u00e1n de moda esta primavera<\/h2>\n<p>Las canas ya no son sin\u00f3nimo de dejadez o vejez. \u00abEl cabello plateado natural se ha convertido en un s\u00edmbolo de autenticidad y confianza\u00bb, afirma <strong>Luisa Mart\u00ednez<\/strong>, directora creativa del Sal\u00f3n Elite en Madrid. \u00abLas mujeres mayores est\u00e1n redefiniendo los est\u00e1ndares de belleza con tonos plateados que reflejan sabidur\u00eda y elegancia\u00bb.<\/p>\n<p>Esta primavera 2025, las <strong>t\u00e9cnicas de coloraci\u00f3n inteligente<\/strong> permiten realzar las canas sin ocultarlas completamente, creando dimensi\u00f3n y luminosidad que rejuvenece instant\u00e1neamente el rostro.<\/p>\n<h2>Grey blending: la t\u00e9cnica que est\u00e1 revolucionando el 2025<\/h2>\n<p>El <strong>grey blending<\/strong> se ha convertido en la opci\u00f3n preferida para quienes buscan una transici\u00f3n suave hacia el cabello canoso. Esta t\u00e9cnica consiste en mezclar sutilmente reflejos en tonos que complementan las canas, creando un efecto multidimensional.<\/p>\n<p>\u00abEs como crear un lienzo plateado con pinceladas estrat\u00e9gicas de luz\u00bb, explica <strong>Carlos Vidal<\/strong>, estilista del Sal\u00f3n Belleza Madrid. \u00abCon el grey blending, transformamos las canas en un <a href=\"https:\/\/www.journee-mondiale.com\/es\/la-ciencia-detras-del-cabello-plateado-5-tecnicas-japonesas-que-prolongan-tu-color-40-mas-tiempo-y-evitan-el-tono-amarillento\/\" target=\"_blank\">cabello plateado luminoso<\/a> que parece intencional y sofisticado\u00bb.<\/p>\n<h2>Balayage plateado: la t\u00e9cnica que ilumina el rostro<\/h2>\n<p>El <strong>balayage plateado<\/strong> aporta dimensi\u00f3n y movimiento al cabello canoso mediante la aplicaci\u00f3n estrat\u00e9gica de tonos m\u00e1s claros. Esta primavera, los tonos fr\u00edos como el platino y el ceniza est\u00e1n dominando las tendencias.<\/p>\n<blockquote><p>Mi clienta Mar\u00eda, de 58 a\u00f1os, llor\u00f3 de emoci\u00f3n cuando vio c\u00f3mo el balayage transform\u00f3 sus canas dispersas en un elegante degradado plateado que la hizo parecer diez a\u00f1os m\u00e1s joven. &#8211; Marta S\u00e1nchez, estilista de celebridades<\/p><\/blockquote>\n<h2>Cortes que potencian la belleza de las canas<\/h2>\n<p>El corte adecuado puede maximizar el impacto de tus canas. Los m\u00e1s favorecedores para esta primavera son:<\/p>\n<ul>\n<li><strong>Bob franc\u00e9s<\/strong> con flequillo suave &#8211; <a href=\"https:\/\/www.journee-mondiale.com\/es\/el-french-bob-que-alarga-2-cm-el-cuello-en-48-horas-y-transforma-vidas-sin-arrepentimientos\/\" target=\"_blank\">alarga visualmente el cuello<\/a> y enmarca el rostro<\/li>\n<li><strong>Pixie texturizado<\/strong> &#8211; aporta juventud y dinamismo<\/li>\n<li><strong>Melena midi<\/strong> con capas &#8211; <a href=\"https:\/\/www.journee-mondiale.com\/es\/como-recupere-mi-cabello-debilitado-a-los-50-los-5-peinados-de-primavera-2025-que-multiplicaron-mi-volumen-natural\/\" target=\"_blank\">multiplica el volumen natural<\/a><\/li>\n<\/ul>\n<h2>Cuidados esenciales para mantener el brillo plateado<\/h2>\n<p>El cabello canoso necesita <strong>cuidados espec\u00edficos<\/strong> para mantener su brillo y evitar tonalidades amarillentas. Considera estos tratamientos:<\/p>\n<ul>\n<li>Champ\u00fas violetas para neutralizar tonos amarillos<\/li>\n<li>Mascarillas hidratantes semanales<\/li>\n<li><a href=\"https:\/\/www.journee-mondiale.com\/es\/el-aloe-vera-que-salvo-el-cabello-de-mi-madre-a-los-70-el-spray-casero-que-devuelve-30-de-hidratacion-al-cabello-maduro-esta-primavera\/\" target=\"_blank\">Spray hidratante de aloe vera<\/a> para cabellos maduros<\/li>\n<\/ul>\n<h2>Volumen y textura: aliados de las canas<\/h2>\n<p>Las canas tienden a ser m\u00e1s gruesas y rebeldes, aprovecha esta caracter\u00edstica natural para crear <strong>volumen estrat\u00e9gico<\/strong>. \u00abLas canas son como peque\u00f1as joyas en tu cabello; con la t\u00e9cnica adecuada, pueden aportar una textura \u00fanica imposible de conseguir artificialmente\u00bb, se\u00f1ala Vidal.<\/p>\n<p>Para cabellos finos con canas, <a href=\"https:\/\/www.journee-mondiale.com\/es\/probe-3-cremas-livianas-para-mi-cabello-grueso-pero-ralo-esta-me-dio-volumen-en-solo-5-minutos-y-dura-todo-el-dia\/\" target=\"_blank\">existen cremas ligeras que aportan volumen<\/a> sin apelmazar.<\/p>\n<h2>\u00bfLista para brillar con tus canas esta primavera?<\/h2>\n<p>Abrazar tus canas no significa rendirse ante el paso del tiempo, sino celebrar una nueva etapa con elegancia y autenticidad. Las t\u00e9cnicas de coloraci\u00f3n inteligente de 2025 nos permiten realzar lo que la naturaleza nos regala, transformando cada cana en un s\u00edmbolo de confianza y estilo personal. \u00bfPor qu\u00e9 esconder lo que puede convertirse en tu rasgo m\u00e1s distintivo y sofisticado?<\/p>\n","protected":false},"excerpt":{"rendered":"<p>\u00bfTe has mirado al espejo \u00faltimamente y has notado c\u00f3mo tus canas empiezan a ganar terreno? La primavera de 2025 nos invita a dejar atr\u00e1s los complejos y abrazar nuestras canas con t\u00e9cnicas de coloraci\u00f3n que realzan su belleza natural. Descubramos c\u00f3mo transformar lo que antes consider\u00e1bamos un \u00abproblema\u00bb en nuestro mayor atractivo. El renacimiento &#8230; <a title=\"La primavera que acept\u00e9 mis canas: 5 t\u00e9cnicas que transformaron mi cabello gris en mi mejor atributo\" class=\"read-more\" href=\"https:\/\/www.journee-mondiale.com\/es\/la-primavera-que-acepte-mis-canas-5-tecnicas-que-transformaron-mi-cabello-gris-en-mi-mejor-atributo\/\" aria-label=\"Leer m\u00e1s sobre La primavera que acept\u00e9 mis canas: 5 t\u00e9cnicas que transformaron mi cabello gris en mi mejor atributo\">Lire plus<\/a><\/p>\n","protected":false},"author":1,"featured_media":12774,"comment_status":"","ping_status":"","sticky":false,"template":"","format":"standard","meta":{"footnotes":""},"categories":[48],"tags":[],"class_list":["post-12775","post","type-post","status-publish","format-standard","has-post-thumbnail","hentry","category-estilo-de-vida"],"acf":[],"_yoast_wpseo_primary_category":null,"_yoast_wpseo_title":null,"_yoast_wpseo_metadesc":null,"_links":{"self":[{"href":"https:\/\/www.journee-mondiale.com\/es\/wp-json\/wp\/v2\/posts\/12775","targetHints":{"allow":["GET"]}}],"collection":[{"href":"https:\/\/www.journee-mondiale.com\/es\/wp-json\/wp\/v2\/posts"}],"about":[{"href":"https:\/\/www.journee-mondiale.com\/es\/wp-json\/wp\/v2\/types\/post"}],"author":[{"embeddable":true,"href":"https:\/\/www.journee-mondiale.com\/es\/wp-json\/wp\/v2\/users\/1"}],"replies":[{"embeddable":true,"href":"https:\/\/www.journee-mondiale.com\/es\/wp-json\/wp\/v2\/comments?post=12775"}],"version-history":[{"count":0,"href":"https:\/\/www.journee-mondiale.com\/es\/wp-json\/wp\/v2\/posts\/12775\/revisions"}],"wp:featuredmedia":[{"embeddable":true,"href":"https:\/\/www.journee-mondiale.com\/es\/wp-json\/wp\/v2\/media\/12774"}],"wp:attachment":[{"href":"https:\/\/www.journee-mondiale.com\/es\/wp-json\/wp\/v2\/media?parent=12775"}],"wp:term":[{"taxonomy":"category","embeddable":true,"href":"https:\/\/www.journee-mondiale.com\/es\/wp-json\/wp\/v2\/categories?post=12775"},{"taxonomy":"post_tag","embeddable":true,"href":"https:\/\/www.journee-mondiale.com\/es\/wp-json\/wp\/v2\/tags?post=12775"}],"curies":[{"name":"wp","href":"https:\/\/api.w.org\/{rel}","templated":true}]}}