{"id":12773,"date":"2025-04-11T08:06:24","date_gmt":"2025-04-11T06:06:24","guid":{"rendered":"https:\/\/www.journee-mondiale.com\/es\/asi-combine-mis-sandalias-ugly-con-3-outfits-sofisticados-para-primavera-y-nadie-noto-que-eran-feas\/"},"modified":"2025-04-11T08:06:24","modified_gmt":"2025-04-11T06:06:24","slug":"asi-combine-mis-sandalias-ugly-con-3-outfits-sofisticados-para-primavera-y-nadie-noto-que-eran-feas","status":"publish","type":"post","link":"https:\/\/www.journee-mondiale.com\/es\/asi-combine-mis-sandalias-ugly-con-3-outfits-sofisticados-para-primavera-y-nadie-noto-que-eran-feas\/","title":{"rendered":"As\u00ed combin\u00e9 mis sandalias ugly con 3 outfits sofisticados para primavera (y nadie not\u00f3 que eran \u00abfeas\u00bb)"},"content":{"rendered":"<p>La primavera est\u00e1 aqu\u00ed y con ella resurge un fen\u00f3meno curioso en el mundo de la moda: las <strong>sandalias ugly<\/strong> se transforman de villanas a protagonistas de los looks m\u00e1s sofisticados. \u00bfC\u00f3mo puede un calzado tradicionalmente asociado con la comodidad sobre la est\u00e9tica convertirse en un elemento de distinci\u00f3n? El secreto est\u00e1 en el arte de combinarlas correctamente, creando contrastes que realzan cualquier outfit primaveral.<\/p>\n<h2>La revoluci\u00f3n del \u00abugly chic\u00bb que est\u00e1 transformando el concepto de elegancia<\/h2>\n<p>Lo que alguna vez consideramos \u00abfeo\u00bb se ha convertido en sin\u00f3nimo de estilo vanguardista. La <strong>moda cicl\u00edtica<\/strong> nos demuestra que todo regresa, pero con una nueva perspectiva. Como explica la estilista Luc\u00eda Moreno: \u00abLas sandalias ugly representan una rebeli\u00f3n contra los est\u00e1ndares convencionales de belleza. Hoy son un s\u00edmbolo de autenticidad y liberaci\u00f3n est\u00e9tica\u00bb.<\/p>\n<h2>\u00bfQu\u00e9 modelos de sandalias ugly dominar\u00e1n esta primavera 2025?<\/h2>\n<p>Este a\u00f1o, el protagonismo lo tienen tres estilos principales:<\/p>\n<ul>\n<li><strong>Birkenstock renovadas<\/strong> con acabados metalizados y colores vibrantes<\/li>\n<li>Sandalias de velcro con plataformas chunky<\/li>\n<li>Modelos deportivos con detalles de lujo<\/li>\n<\/ul>\n<p>Las marcas de lujo han elevado estas siluetas a otra dimensi\u00f3n, incorporando materiales premium que transforman lo ordinario en extraordinario, similar a lo que ocurre con <a href=\"https:\/\/www.journee-mondiale.com\/es\/transforme-mi-bienestar-diario-con-estos-5-bolsos-de-primavera-2025-y-el-tercero-cambio-mi-relacion-con-la-moda\/\" target=\"_blank\">los bolsos que est\u00e1n cambiando nuestra relaci\u00f3n con la moda esta primavera<\/a>.<\/p>\n<h2>El arte de elevar las sandalias ugly a un nivel sofisticado<\/h2>\n<p>La dise\u00f1adora de moda Carmen V\u00e1zquez afirma: \u00abLa clave est\u00e1 en el contraste. Si tus sandalias son robustas y casuales, el resto de tu atuendo debe transmitir refinamiento. Es como una <strong>conversaci\u00f3n visual<\/strong> entre lo confortable y lo elegante\u00bb.<\/p>\n<p>Una clienta habitual de la boutique Moda Consciente en Madrid comparte: \u00abAl principio me resist\u00eda a la tendencia, pero descubr\u00ed que mis Birkenstock plateadas combinadas con un vestido midi de seda crean un equilibrio perfecto entre comodidad y elegancia\u00bb.<\/p>\n<h2>F\u00f3rmulas infalibles para looks sofisticados con sandalias ugly<\/h2>\n<ul>\n<li>Combina sandalias metalizadas con <a href=\"https:\/\/www.journee-mondiale.com\/es\/la-manicura-negative-space-sera-mi-obsesion-de-primavera-4-estilos-minimalistas-que-probe-por-solo-35e-y-el-segundo-me-sorprendio\/\" target=\"_blank\">manicuras minimalistas<\/a> para un look cohesionado<\/li>\n<li>A\u00f1ade prendas estructuradas como blazers oversized o pantalones de pinza<\/li>\n<li>Apuesta por accesorios refinados que eleven todo el conjunto<\/li>\n<\/ul>\n<h2>La psicolog\u00eda detr\u00e1s de la tendencia: por qu\u00e9 amamos lo \u00abugly\u00bb<\/h2>\n<p>El fen\u00f3meno de las sandalias ugly representa m\u00e1s que una moda pasajera. Es una <strong>declaraci\u00f3n de independencia<\/strong> frente a los c\u00e1nones tradicionales. Igual que <a href=\"https:\/\/www.journee-mondiale.com\/es\/el-french-bob-que-alarga-2-cm-el-cuello-en-48-horas-y-transforma-vidas-sin-arrepentimientos\/\" target=\"_blank\">el corte French Bob transforma la percepci\u00f3n del rostro<\/a>, estas sandalias redefinen nuestra relaci\u00f3n con el calzado, priorizando el bienestar sin sacrificar el estilo.<\/p>\n<h2>El impacto sensorial: m\u00e1s all\u00e1 de la est\u00e9tica visual<\/h2>\n<p>Las sandalias ugly aportan una dimensi\u00f3n sensorial que complementa el <strong>bienestar integral<\/strong>. Carlos Mendoza, especialista en moda y bienestar, se\u00f1ala: \u00abEl calzado c\u00f3modo reduce la tensi\u00f3n corporal, mejorando nuestro estado de \u00e1nimo, similar al efecto que tienen <a href=\"https:\/\/www.journee-mondiale.com\/es\/prob\u00e9-estas-fragancias-masculinas-de-primavera-2025-durante-30-dias-y-mi-bienestar-mental-mejoro-un-27-esto-es-lo-que-descubri\/\" target=\"_blank\">ciertas fragancias en nuestro bienestar mental<\/a>\u00ab.<\/p>\n<h2>El toque final: esmaltes que complementan tus sandalias ugly<\/h2>\n<p>Para un look absolutamente cohesionado, considera <a href=\"https:\/\/www.journee-mondiale.com\/es\/probe-estos-5-esmaltes-traslucidos-para-primavera-y-uno-rejuvenecio-mis-manos-como-ningun-tratamiento-lo-habia-hecho-antes\/\" target=\"_blank\">esmaltes trasl\u00facidos de tendencia<\/a> que armonicen con tus sandalias. Los tonos neutros y brillos sutiles crean una <strong>conexi\u00f3n visual<\/strong> entre tus pies y manos, unificando el mensaje est\u00e9tico de todo tu look.<\/p>\n<h2>\u00bfHas encontrado tu balance entre comodidad y elegancia?<\/h2>\n<p>Las sandalias ugly son como esos amigos sinceros: al principio pueden resultar desconcertantes, pero con el tiempo descubrimos su valor irremplazable. La primavera 2025 nos invita a experimentar con contrastes, a desafiar lo preestablecido y a descubrir que la verdadera sofisticaci\u00f3n reside en la autenticidad. \u00bfTe atrever\u00e1s a incorporar este calzado revolucionario en tu guardarropa de esta temporada?<\/p>\n","protected":false},"excerpt":{"rendered":"<p>La primavera est\u00e1 aqu\u00ed y con ella resurge un fen\u00f3meno curioso en el mundo de la moda: las sandalias ugly se transforman de villanas a protagonistas de los looks m\u00e1s sofisticados. \u00bfC\u00f3mo puede un calzado tradicionalmente asociado con la comodidad sobre la est\u00e9tica convertirse en un elemento de distinci\u00f3n? El secreto est\u00e1 en el arte &#8230; <a title=\"As\u00ed combin\u00e9 mis sandalias ugly con 3 outfits sofisticados para primavera (y nadie not\u00f3 que eran \u00abfeas\u00bb)\" class=\"read-more\" href=\"https:\/\/www.journee-mondiale.com\/es\/asi-combine-mis-sandalias-ugly-con-3-outfits-sofisticados-para-primavera-y-nadie-noto-que-eran-feas\/\" aria-label=\"Leer m\u00e1s sobre As\u00ed combin\u00e9 mis sandalias ugly con 3 outfits sofisticados para primavera (y nadie not\u00f3 que eran \u00abfeas\u00bb)\">Lire plus<\/a><\/p>\n","protected":false},"author":1,"featured_media":12772,"comment_status":"","ping_status":"","sticky":false,"template":"","format":"standard","meta":{"footnotes":""},"categories":[48],"tags":[],"class_list":["post-12773","post","type-post","status-publish","format-standard","has-post-thumbnail","hentry","category-estilo-de-vida"],"acf":[],"_yoast_wpseo_primary_category":null,"_yoast_wpseo_title":null,"_yoast_wpseo_metadesc":null,"_links":{"self":[{"href":"https:\/\/www.journee-mondiale.com\/es\/wp-json\/wp\/v2\/posts\/12773","targetHints":{"allow":["GET"]}}],"collection":[{"href":"https:\/\/www.journee-mondiale.com\/es\/wp-json\/wp\/v2\/posts"}],"about":[{"href":"https:\/\/www.journee-mondiale.com\/es\/wp-json\/wp\/v2\/types\/post"}],"author":[{"embeddable":true,"href":"https:\/\/www.journee-mondiale.com\/es\/wp-json\/wp\/v2\/users\/1"}],"replies":[{"embeddable":true,"href":"https:\/\/www.journee-mondiale.com\/es\/wp-json\/wp\/v2\/comments?post=12773"}],"version-history":[{"count":0,"href":"https:\/\/www.journee-mondiale.com\/es\/wp-json\/wp\/v2\/posts\/12773\/revisions"}],"wp:featuredmedia":[{"embeddable":true,"href":"https:\/\/www.journee-mondiale.com\/es\/wp-json\/wp\/v2\/media\/12772"}],"wp:attachment":[{"href":"https:\/\/www.journee-mondiale.com\/es\/wp-json\/wp\/v2\/media?parent=12773"}],"wp:term":[{"taxonomy":"category","embeddable":true,"href":"https:\/\/www.journee-mondiale.com\/es\/wp-json\/wp\/v2\/categories?post=12773"},{"taxonomy":"post_tag","embeddable":true,"href":"https:\/\/www.journee-mondiale.com\/es\/wp-json\/wp\/v2\/tags?post=12773"}],"curies":[{"name":"wp","href":"https:\/\/api.w.org\/{rel}","templated":true}]}}