{"id":12767,"date":"2025-04-10T19:00:26","date_gmt":"2025-04-10T17:00:26","guid":{"rendered":"https:\/\/www.journee-mondiale.com\/es\/el-french-bob-que-alarga-2-cm-el-cuello-en-48-horas-y-transforma-vidas-sin-arrepentimientos\/"},"modified":"2025-04-10T19:00:26","modified_gmt":"2025-04-10T17:00:26","slug":"el-french-bob-que-alarga-2-cm-el-cuello-en-48-horas-y-transforma-vidas-sin-arrepentimientos","status":"publish","type":"post","link":"https:\/\/www.journee-mondiale.com\/es\/el-french-bob-que-alarga-2-cm-el-cuello-en-48-horas-y-transforma-vidas-sin-arrepentimientos\/","title":{"rendered":"El french bob que alarga 2 cm el cuello en 48 horas (y transforma vidas sin arrepentimientos)"},"content":{"rendered":"<p>La primavera 2025 trae consigo una ola refrescante en el mundo de la peluquer\u00eda, y un estilo destaca entre todos: el <strong>French bob con estilo minimalista<\/strong>. Este corte atemporal, que ha conquistado las calles de Par\u00eds, ahora redefine la elegancia con un toque de simplicidad que cautiva miradas y transforma rostros. \u00bfPor qu\u00e9 este corte est\u00e1 marcando la diferencia esta temporada? Descubramos juntos la magia de este estilo que combina la sofisticaci\u00f3n francesa con la filosof\u00eda minimalista.<\/p>\n<h2>El renacimiento del bob franc\u00e9s en la primavera 2025<\/h2>\n<p>El bob franc\u00e9s ha evolucionado significativamente desde sus or\u00edgenes en los a\u00f1os 20. Hoy, su versi\u00f3n minimalista se caracteriza por un corte a la altura de la barbilla con <strong>l\u00edneas limpias y precisas<\/strong> que enmarcan perfectamente el rostro. \u00abEste estilo no es solo un corte, es una declaraci\u00f3n de intenciones\u00bb, explica Marina G\u00f3mez, directora creativa del Sal\u00f3n \u00c9lite en Madrid. \u00abRepresenta la fusi\u00f3n perfecta entre lo cl\u00e1sico y lo contempor\u00e1neo, ideal para quienes buscan renovarse sin complicaciones\u00bb.<\/p>\n<p>La primavera 2025 ha visto c\u00f3mo <a href=\"https:\/\/www.journee-mondiale.com\/es\/el-french-bob-que-alargo-2cm-el-cuello-en-48-horas-y-transformo-vidas-sin-arrepentimientos\/\" target=\"_blank\">el French bob alarga visualmente el cuello<\/a>, creando una silueta estilizada que favorece a m\u00faltiples tipos de rostro. Esta transformaci\u00f3n es casi como un truco de magia: un simple corte que redefine por completo la estructura facial.<\/p>\n<h2>\u00bfPor qu\u00e9 \u00abminimalista\u00bb marca la diferencia?<\/h2>\n<p>Lo que distingue esta versi\u00f3n 2025 del French bob es su enfoque <strong>minimalista<\/strong>. A diferencia de otras tendencias recargadas, este estilo abraza la filosof\u00eda de \u00abmenos es m\u00e1s\u00bb. Como el lienzo en blanco de un pintor, este corte permite que la belleza natural sea la protagonista, sin artificios ni excesos.<\/p>\n<blockquote><p>\n\u00abEl French bob minimalista es como una buena copa de vino: simple en apariencia, pero complejo en su elaboraci\u00f3n y resultado final. Requiere precisi\u00f3n absoluta para conseguir ese efecto de naturalidad estudiada\u00bb, comenta Pablo Ruiz, estilista internacional.\n<\/p><\/blockquote>\n<h2>La versatilidad que conquista todos los tipos de cabello<\/h2>\n<p>Una de las razones por las que este estilo est\u00e1 arrasando es su incre\u00edble adaptabilidad. <a href=\"https:\/\/www.journee-mondiale.com\/es\/este-bob-con-capas-suaves-rejuvenece-5-anos-el-rostro-sin-sacrificar-volumen\/\" target=\"_blank\">Este bob con capas suaves rejuvenece el rostro<\/a> sin comprometer el volumen, beneficiando especialmente a quienes tienen cabello fino. Para cabellos m\u00e1s gruesos, el <strong>efecto texturizado<\/strong> crea movimiento natural sin resultar abrumador.<\/p>\n<p>Las ventajas de este corte son evidentes:<\/p>\n<ul>\n<li>Mantenimiento m\u00ednimo y estilo m\u00e1ximo<\/li>\n<li>Efecto rejuvenecedor instant\u00e1neo<\/li>\n<li>Versatilidad para diferentes texturas capilares<\/li>\n<\/ul>\n<h2>El secreto est\u00e1 en los detalles: la revoluci\u00f3n del flequillo<\/h2>\n<p><a href=\"https:\/\/www.journee-mondiale.com\/es\/el-flequillo-que-cambio-mi-bob-frances-probe-3-estilos-y-uno-rejuvenecio-mi-rostro-en-segundos\/\" target=\"_blank\">El flequillo puede transformar completamente un bob franc\u00e9s<\/a>, a\u00f1adiendo un elemento de sorpresa y personalidad. Como la firma en una obra maestra, el flequillo adecuado completa la composici\u00f3n de este corte. Los <strong>flequillos cortina<\/strong> son particularmente populares esta primavera, creando un marco suave que realza la mirada.<\/p>\n<h2>La t\u00e9cnica detr\u00e1s del \u00e9xito<\/h2>\n<p>El French bob minimalista puede parecer sencillo, pero su ejecuci\u00f3n requiere maestr\u00eda. \u00abEs como la arquitectura moderna: cada l\u00ednea debe estar perfectamente calibrada para conseguir ese aspecto aparentemente sencillo\u00bb, explica Claudia Mart\u00ednez, formadora de estilistas. La clave est\u00e1 en el <strong>corte a navaja<\/strong> en las puntas, que aporta ligereza y movimiento natural.<\/p>\n<h2>Alternativas y combinaciones ganadoras<\/h2>\n<p>Para quienes buscan variantes de este estilo, <a href=\"https:\/\/www.journee-mondiale.com\/es\/el-corte-bob-con-capas-suaves-me-quito-5-anos-de-encima-en-solo-3-dias-la-tendencia-rejuvenecedora-de-primavera-2025\/\" target=\"_blank\">el bob con capas suaves<\/a> ofrece una alternativa rejuvenecedora. O si prefieres un cambio m\u00e1s dram\u00e1tico, <a href=\"https:\/\/www.journee-mondiale.com\/es\/la-melena-escalada-que-devuelve-5-anos-de-juventud-el-efecto-lifting-que-todas-buscan-en-primavera-2025\/\" target=\"_blank\">la melena escalada con efecto lifting<\/a> es otra tendencia destacada esta temporada.<\/p>\n<h2>C\u00f3mo mantener tu French bob impecable<\/h2>\n<p>Para preservar la esencia minimalista de este corte, menos tambi\u00e9n es m\u00e1s en cuanto a productos:<\/p>\n<ul>\n<li>Un spray texturizador ligero para realzar el movimiento natural<\/li>\n<li>Champ\u00fa voluminizador para cabello fino<\/li>\n<li>S\u00e9rum de puntas para un acabado pulido<\/li>\n<\/ul>\n<h2>\u00bfEs este corte para ti?<\/h2>\n<p>El French bob minimalista es como un vestido negro: atemporal, elegante y favorecedor para casi cualquier persona. En esta primavera 2025, representa m\u00e1s que un peinado; simboliza un enfoque de vida donde la <strong>sencillez refinada<\/strong> triunfa sobre lo complejo y recargado. \u00bfTe atreves a experimentar con este estilo que est\u00e1 redefiniendo la elegancia contempor\u00e1nea?<\/p>\n","protected":false},"excerpt":{"rendered":"<p>La primavera 2025 trae consigo una ola refrescante en el mundo de la peluquer\u00eda, y un estilo destaca entre todos: el French bob con estilo minimalista. Este corte atemporal, que ha conquistado las calles de Par\u00eds, ahora redefine la elegancia con un toque de simplicidad que cautiva miradas y transforma rostros. \u00bfPor qu\u00e9 este corte &#8230; <a title=\"El french bob que alarga 2 cm el cuello en 48 horas (y transforma vidas sin arrepentimientos)\" class=\"read-more\" href=\"https:\/\/www.journee-mondiale.com\/es\/el-french-bob-que-alarga-2-cm-el-cuello-en-48-horas-y-transforma-vidas-sin-arrepentimientos\/\" aria-label=\"Leer m\u00e1s sobre El french bob que alarga 2 cm el cuello en 48 horas (y transforma vidas sin arrepentimientos)\">Lire plus<\/a><\/p>\n","protected":false},"author":1,"featured_media":12766,"comment_status":"","ping_status":"","sticky":false,"template":"","format":"standard","meta":{"footnotes":""},"categories":[48],"tags":[],"class_list":["post-12767","post","type-post","status-publish","format-standard","has-post-thumbnail","hentry","category-estilo-de-vida"],"acf":[],"_yoast_wpseo_primary_category":null,"_yoast_wpseo_title":null,"_yoast_wpseo_metadesc":null,"_links":{"self":[{"href":"https:\/\/www.journee-mondiale.com\/es\/wp-json\/wp\/v2\/posts\/12767","targetHints":{"allow":["GET"]}}],"collection":[{"href":"https:\/\/www.journee-mondiale.com\/es\/wp-json\/wp\/v2\/posts"}],"about":[{"href":"https:\/\/www.journee-mondiale.com\/es\/wp-json\/wp\/v2\/types\/post"}],"author":[{"embeddable":true,"href":"https:\/\/www.journee-mondiale.com\/es\/wp-json\/wp\/v2\/users\/1"}],"replies":[{"embeddable":true,"href":"https:\/\/www.journee-mondiale.com\/es\/wp-json\/wp\/v2\/comments?post=12767"}],"version-history":[{"count":0,"href":"https:\/\/www.journee-mondiale.com\/es\/wp-json\/wp\/v2\/posts\/12767\/revisions"}],"wp:featuredmedia":[{"embeddable":true,"href":"https:\/\/www.journee-mondiale.com\/es\/wp-json\/wp\/v2\/media\/12766"}],"wp:attachment":[{"href":"https:\/\/www.journee-mondiale.com\/es\/wp-json\/wp\/v2\/media?parent=12767"}],"wp:term":[{"taxonomy":"category","embeddable":true,"href":"https:\/\/www.journee-mondiale.com\/es\/wp-json\/wp\/v2\/categories?post=12767"},{"taxonomy":"post_tag","embeddable":true,"href":"https:\/\/www.journee-mondiale.com\/es\/wp-json\/wp\/v2\/tags?post=12767"}],"curies":[{"name":"wp","href":"https:\/\/api.w.org\/{rel}","templated":true}]}}