{"id":12763,"date":"2025-04-10T17:07:35","date_gmt":"2025-04-10T15:07:35","guid":{"rendered":"https:\/\/www.journee-mondiale.com\/es\/el-cientifico-que-rejuvenecio-15-anos-mi-analisis-de-su-dieta-secuencial-y-la-estrategia-de-ayuno-que-cambio-sus-biomarcadores\/"},"modified":"2025-04-10T17:07:35","modified_gmt":"2025-04-10T15:07:35","slug":"el-cientifico-que-rejuvenecio-15-anos-mi-analisis-de-su-dieta-secuencial-y-la-estrategia-de-ayuno-que-cambio-sus-biomarcadores","status":"publish","type":"post","link":"https:\/\/www.journee-mondiale.com\/es\/el-cientifico-que-rejuvenecio-15-anos-mi-analisis-de-su-dieta-secuencial-y-la-estrategia-de-ayuno-que-cambio-sus-biomarcadores\/","title":{"rendered":"El cient\u00edfico que rejuveneci\u00f3 15 a\u00f1os: mi an\u00e1lisis de su dieta secuencial y la estrategia de ayuno que cambi\u00f3 sus biomarcadores"},"content":{"rendered":"<p>Los \u00faltimos hallazgos en medicina antienvejecimiento han dejado asombrada a la comunidad cient\u00edfica. El Dr. Eric Verdin, director del prestigioso Instituto Buck de Investigaci\u00f3n sobre el Envejecimiento, ha logrado lo que muchos consideraban imposible: reducir su <strong>edad biol\u00f3gica<\/strong> en 15 a\u00f1os. A sus 68 a\u00f1os cronol\u00f3gicos, sus biomarcadores indican una edad entre 48 y 53 a\u00f1os. \u00bfC\u00f3mo lo ha conseguido? Su rutina diaria y plan nutricional contienen las claves de este extraordinario logro.<\/p>\n<h2>El cient\u00edfico que desaf\u00eda al reloj biol\u00f3gico<\/h2>\n<p>\u00abLa verdadera longevidad no consiste en a\u00f1adir a\u00f1os a la vida, sino vida a los a\u00f1os\u00bb, afirma el Dr. Verdin cuando explica su motivaci\u00f3n. Su transformaci\u00f3n no ocurri\u00f3 de la noche a la ma\u00f1ana, sino a trav\u00e9s de <strong>h\u00e1bitos consistentes<\/strong> y cambios progresivos que cualquier persona podr\u00eda implementar. Como especialista en envejecimiento saludable, Verdin ha convertido su propio cuerpo en su laboratorio m\u00e1s valioso.<\/p>\n<h2>Los tres pilares de su revoluci\u00f3n metab\u00f3lica<\/h2>\n<p>El enfoque del Dr. Verdin se basa en tres elementos fundamentales que trabajan en sinergia perfecta: nutrici\u00f3n estrat\u00e9gica, <strong>actividad f\u00edsica personalizada<\/strong> y gesti\u00f3n del estr\u00e9s. \u00abEstos pilares no funcionan aisladamente. Su poder reside en c\u00f3mo interact\u00faan entre s\u00ed para optimizar cada funci\u00f3n celular\u00bb, explica el especialista, quien monitorea regularmente sus biomarcadores para ajustar su rutina.<\/p>\n<h2>La secuencia alimentaria que transform\u00f3 su metabolismo<\/h2>\n<p>Verdin no solo presta atenci\u00f3n a qu\u00e9 come, sino tambi\u00e9n a <strong>cu\u00e1ndo y en qu\u00e9 orden<\/strong> consume sus alimentos. Similar a lo que otros expertos han descubierto sobre <a href=\"https:\/\/www.journee-mondiale.com\/es\/el-orden-en-que-como-mis-alimentos-redujo-mis-picos-de-glucosa-un-30-descubri-esta-secuencia-por-accidente\/\" target=\"_blank\">c\u00f3mo el orden de ingesta puede reducir picos de glucosa<\/a>, el Dr. Verdin estructura sus comidas comenzando con verduras, seguidas de prote\u00ednas y dejando los carbohidratos para el final.<\/p>\n<h2>El ayuno estrat\u00e9gico: despertando la inteligencia celular<\/h2>\n<p>Uno de los secretos mejor guardados del Dr. Verdin es su protocolo de <strong>ayuno intermitente<\/strong>. \u00abCuando practicas el ayuno adecuadamente, las c\u00e9lulas entran en un estado de autolimpieza llamado autofagia. Es como si cada c\u00e9lula realizara una limpieza profunda, eliminando componentes da\u00f1ados\u00bb, revela. Su ventana de alimentaci\u00f3n se limita a 8 horas diarias, dejando 16 horas para que su cuerpo se regenere.<\/p>\n<h2>Ejercicio: calidad sobre cantidad<\/h2>\n<p>El Dr. Verdin dedica solo 30 minutos diarios al ejercicio, pero lo hace con <strong>intensidad estrat\u00e9gica<\/strong>. Su rutina incluye:<\/p>\n<ul>\n<li>Entrenamiento de fuerza 3 veces por semana<\/li>\n<li>Cardio de alta intensidad en intervalos cortos<\/li>\n<li>Ejercicios de movilidad y flexibilidad diarios<\/li>\n<\/ul>\n<h2>La salud \u00f3sea: el pilar olvidado del antienvejecimiento<\/h2>\n<p>Tras descubrir patrones similares a los descritos en estudios sobre <a href=\"https:\/\/www.journee-mondiale.com\/es\/la-vitamina-k2-descubri-por-que-mis-huesos-se-debilitaban-a-pesar-de-tomar-calcio-y-como-lo-solucione-en-18-meses\/\" target=\"_blank\">la importancia de la vitamina K2 para los huesos<\/a>, Verdin incorpor\u00f3 <strong>suplementos espec\u00edficos<\/strong> que mejoran la absorci\u00f3n del calcio. \u00abUn esqueleto fuerte es la estructura sobre la que construimos nuestra longevidad\u00bb, sostiene.<\/p>\n<h2>El despertar cerebral: hidrataci\u00f3n consciente<\/h2>\n<p>Para mantener su agudeza mental, el Dr. Verdin sigue un protocolo de <strong>hidrataci\u00f3n neurol\u00f3gica<\/strong> similar al mencionado en investigaciones sobre <a href=\"https:\/\/www.journee-mondiale.com\/es\/deshidratacion-cerebral-silenciosa-asi-descubri-por-que-perdia-15-de-concentracion-cada-tarde-y-como-recuperarla-en-minutos\/\" target=\"_blank\">deshidrataci\u00f3n cerebral silenciosa<\/a>. Bebe agua con electrolitos espec\u00edficos en momentos estrat\u00e9gicos del d\u00eda para maximizar la funci\u00f3n cognitiva.<\/p>\n<h2>Regeneraci\u00f3n cut\u00e1nea: su protocolo nocturno<\/h2>\n<p>Su piel luce d\u00e9cadas m\u00e1s joven gracias a una rutina que coincide con hallazgos sobre <a href=\"https:\/\/www.journee-mondiale.com\/es\/perdi-el-1-de-colageno-cada-ano-despues-de-los-30-asi-recupere-la-firmeza-de-mi-piel-con-esta-rutina-de-21-dias\/\" target=\"_blank\">recuperaci\u00f3n del col\u00e1geno<\/a>. Sus pr\u00e1cticas incluyen:<\/p>\n<ul>\n<li>Aplicaci\u00f3n de p\u00e9ptidos bioactivos antes de dormir<\/li>\n<li>Masaje facial con t\u00e9cnicas de drenaje linf\u00e1tico<\/li>\n<li>Hidrataci\u00f3n profunda con ingredientes espec\u00edficos para la edad<\/li>\n<\/ul>\n<h2>\u00bfPodemos todos rejuvenecer 15 a\u00f1os?<\/h2>\n<p>El trabajo del Dr. Verdin nos invita a reconsiderar nuestra relaci\u00f3n con el envejecimiento. Al igual que descubri\u00f3 sobre <a href=\"https:\/\/www.journee-mondiale.com\/es\/transforme-mi-resistencia-en-8-semanas-gracias-a-las-zonas-cardiacas-el-metodo-que-me-enseno-cuando-mi-cuerpo-realmente-quema-grasa\/\" target=\"_blank\">el entrenamiento por zonas card\u00edacas<\/a>, el rejuvenecimiento no ocurre en un vac\u00edo, sino a trav\u00e9s de estrategias <strong>personalizadas y sostenibles<\/strong>. Su ejemplo nos muestra que, con conocimiento y disciplina, podemos reescribir significativamente nuestra edad biol\u00f3gica.<\/p>\n","protected":false},"excerpt":{"rendered":"<p>Los \u00faltimos hallazgos en medicina antienvejecimiento han dejado asombrada a la comunidad cient\u00edfica. El Dr. Eric Verdin, director del prestigioso Instituto Buck de Investigaci\u00f3n sobre el Envejecimiento, ha logrado lo que muchos consideraban imposible: reducir su edad biol\u00f3gica en 15 a\u00f1os. A sus 68 a\u00f1os cronol\u00f3gicos, sus biomarcadores indican una edad entre 48 y 53 &#8230; <a title=\"El cient\u00edfico que rejuveneci\u00f3 15 a\u00f1os: mi an\u00e1lisis de su dieta secuencial y la estrategia de ayuno que cambi\u00f3 sus biomarcadores\" class=\"read-more\" href=\"https:\/\/www.journee-mondiale.com\/es\/el-cientifico-que-rejuvenecio-15-anos-mi-analisis-de-su-dieta-secuencial-y-la-estrategia-de-ayuno-que-cambio-sus-biomarcadores\/\" aria-label=\"Leer m\u00e1s sobre El cient\u00edfico que rejuveneci\u00f3 15 a\u00f1os: mi an\u00e1lisis de su dieta secuencial y la estrategia de ayuno que cambi\u00f3 sus biomarcadores\">Lire plus<\/a><\/p>\n","protected":false},"author":1,"featured_media":12762,"comment_status":"","ping_status":"","sticky":false,"template":"","format":"standard","meta":{"footnotes":""},"categories":[52],"tags":[],"class_list":["post-12763","post","type-post","status-publish","format-standard","has-post-thumbnail","hentry","category-salud"],"acf":[],"_yoast_wpseo_primary_category":null,"_yoast_wpseo_title":null,"_yoast_wpseo_metadesc":null,"_links":{"self":[{"href":"https:\/\/www.journee-mondiale.com\/es\/wp-json\/wp\/v2\/posts\/12763","targetHints":{"allow":["GET"]}}],"collection":[{"href":"https:\/\/www.journee-mondiale.com\/es\/wp-json\/wp\/v2\/posts"}],"about":[{"href":"https:\/\/www.journee-mondiale.com\/es\/wp-json\/wp\/v2\/types\/post"}],"author":[{"embeddable":true,"href":"https:\/\/www.journee-mondiale.com\/es\/wp-json\/wp\/v2\/users\/1"}],"replies":[{"embeddable":true,"href":"https:\/\/www.journee-mondiale.com\/es\/wp-json\/wp\/v2\/comments?post=12763"}],"version-history":[{"count":0,"href":"https:\/\/www.journee-mondiale.com\/es\/wp-json\/wp\/v2\/posts\/12763\/revisions"}],"wp:featuredmedia":[{"embeddable":true,"href":"https:\/\/www.journee-mondiale.com\/es\/wp-json\/wp\/v2\/media\/12762"}],"wp:attachment":[{"href":"https:\/\/www.journee-mondiale.com\/es\/wp-json\/wp\/v2\/media?parent=12763"}],"wp:term":[{"taxonomy":"category","embeddable":true,"href":"https:\/\/www.journee-mondiale.com\/es\/wp-json\/wp\/v2\/categories?post=12763"},{"taxonomy":"post_tag","embeddable":true,"href":"https:\/\/www.journee-mondiale.com\/es\/wp-json\/wp\/v2\/tags?post=12763"}],"curies":[{"name":"wp","href":"https:\/\/api.w.org\/{rel}","templated":true}]}}