{"id":12751,"date":"2025-04-10T08:06:52","date_gmt":"2025-04-10T06:06:52","guid":{"rendered":"https:\/\/www.journee-mondiale.com\/es\/probe-estos-5-esmaltes-traslucidos-para-primavera-y-uno-rejuvenecio-mis-manos-como-ningun-tratamiento-lo-habia-hecho-antes\/"},"modified":"2025-04-10T08:06:52","modified_gmt":"2025-04-10T06:06:52","slug":"probe-estos-5-esmaltes-traslucidos-para-primavera-y-uno-rejuvenecio-mis-manos-como-ningun-tratamiento-lo-habia-hecho-antes","status":"publish","type":"post","link":"https:\/\/www.journee-mondiale.com\/es\/probe-estos-5-esmaltes-traslucidos-para-primavera-y-uno-rejuvenecio-mis-manos-como-ningun-tratamiento-lo-habia-hecho-antes\/","title":{"rendered":"Prob\u00e9 estos 5 esmaltes trasl\u00facidos para primavera y uno rejuveneci\u00f3 mis manos como ning\u00fan tratamiento lo hab\u00eda hecho antes"},"content":{"rendered":"<p>La <strong>primavera 2025<\/strong> nos trae una de las tendencias m\u00e1s refrescantes en el mundo de la manicura: los esmaltes trasl\u00facidos o sheer. Esta propuesta minimalista est\u00e1 conquistando las redes sociales y las pasarelas por su capacidad de realzar la belleza natural de nuestras manos con un toque de sofisticaci\u00f3n que favorece tanto en entornos laborales como en ocasiones especiales.<\/p>\n<h2>El renacimiento de la elegancia natural en tus manos<\/h2>\n<p>Los esmaltes trasl\u00facidos representan el equilibrio perfecto entre el cuidado personal y la <strong>est\u00e9tica minimalista<\/strong> que domina esta temporada. \u00abLa tendencia hacia la naturalidad no es casualidad, sino una respuesta al ritmo acelerado de vida actual. Buscamos belleza que no requiera mantenimiento constante pero que aporte ese toque de cuidado personal\u00bb, explica Eva Mart\u00ednez, manicurista de prestigiosos salones madrile\u00f1os.<\/p>\n<h2>Glass French: la revoluci\u00f3n del cl\u00e1sico franc\u00e9s<\/h2>\n<p>Una de las variantes m\u00e1s populares esta primavera es la <strong>Glass French Manicure<\/strong>, que reinventa la cl\u00e1sica manicura francesa con un acabado transl\u00facido. \u00abEste estilo ofrece un look moderno y atrevido, destacando la u\u00f1a natural con detalles minimalistas que pueden incluir toques en negro para mayor contraste\u00bb, se\u00f1ala la experta en tendencias de belleza Luc\u00eda G\u00f3mez.<\/p>\n<p>Esta t\u00e9cnica se ha vuelto especialmente popular entre quienes buscan alternativas a <a href=\"https:\/\/www.journee-mondiale.com\/es\/la-manicura-negative-space-sera-mi-obsesion-de-primavera-4-estilos-minimalistas-que-probe-por-solo-35e-y-el-segundo-me-sorprendio\/\" target=\"_blank\">los estilos negative space<\/a> que tambi\u00e9n destacan esta primavera.<\/p>\n<h2>Los tonos que triunfar\u00e1n esta primavera<\/h2>\n<p>Los tonos que mejor funcionan para conseguir este efecto son:<\/p>\n<ul>\n<li><strong>Rosas empolvados<\/strong> con efecto transl\u00facido<\/li>\n<li>Beiges sutiles que unifican el tono de la u\u00f1a<\/li>\n<li>Transparentes con micro-brillos para ocasiones especiales<\/li>\n<li>Blancos lechosos con acabado glossy<\/li>\n<\/ul>\n<h2>Beneficios para la salud de tus u\u00f1as<\/h2>\n<p>El auge de estos esmaltes va m\u00e1s all\u00e1 de la est\u00e9tica. Los <strong>nuevos formatos de esmaltes sheer<\/strong> incorporan ingredientes nutritivos que refuerzan la estructura de la u\u00f1a mientras la embellecen, similar a c\u00f3mo <a href=\"https:\/\/www.journee-mondiale.com\/es\/el-corte-bob-con-mechas-money-piece-que-transforma-canas-en-marco-luminoso-y-rejuvenece-10-anos-en-5-minutos-cada-manana\/\" target=\"_blank\">algunos tratamientos capilares transforman la apariencia y salud del cabello<\/a>.<\/p>\n<h2>Mix de texturas: el secreto de un look sofisticado<\/h2>\n<p>La combinaci\u00f3n de <strong>acabados mate y brillantes<\/strong> es otra tendencia que complementa perfectamente los esmaltes trasl\u00facidos. \u00abEs como aplicar una t\u00e9cnica de <a href=\"https:\/\/www.journee-mondiale.com\/es\/como-cambie-la-forma-de-mis-ojos-con-3-tecnicas-de-delineado-esto-es-lo-que-descubri-esta-primavera\/\" target=\"_blank\">delineado estrat\u00e9gico para realzar los ojos<\/a>, pero en tus u\u00f1as. Con peque\u00f1os detalles puedes transformar completamente la apariencia\u00bb, comenta el maquillador y estilista Carlos Ruiz.<\/p>\n<h2>Sostenibilidad y belleza consciente<\/h2>\n<p>La preferencia por manicuras m\u00e1s naturales tambi\u00e9n refleja una tendencia hacia la <strong>belleza sostenible<\/strong>. Los nuevos esmaltes trasl\u00facidos suelen presentar f\u00f3rmulas veganas, libres de t\u00f3xicos y con envases eco-friendly, respondiendo a la creciente demanda de productos respetuosos con el medioambiente.<\/p>\n<h2>El efecto rejuvenecedor en tus manos<\/h2>\n<p>As\u00ed como <a href=\"https:\/\/www.journee-mondiale.com\/es\/el-pixie-que-rejuvenecio-mi-rostro-a-los-50-el-flequillo-diagonal-que-necesita-solo-5-minutos-cada-manana-y-por-que-1-403-mujeres-cambiaron-a-este-corte\/\" target=\"_blank\">un buen corte de pelo puede rejuvenecer el rostro<\/a>, una manicura trasl\u00facida puede quitar a\u00f1os a tus manos. Los tonos sheer crean una ilusi\u00f3n \u00f3ptica que alarga visualmente los dedos y disimula peque\u00f1as imperfecciones, como hacen <a href=\"https:\/\/www.journee-mondiale.com\/es\/el-vestido-que-disimula-mi-vientre-y-caderas-probe-17-estilos-cruzados-y-uno-me-hizo-parecer-4-cm-mas-delgada-sin-esfuerzo\/\" target=\"_blank\">ciertos estilos de ropa con la silueta<\/a>.<\/p>\n<h2>\u00bfC\u00f3mo incorporar esta tendencia a tu rutina de belleza?<\/h2>\n<p>Para quienes desean iniciarse en esta tendencia, recomiendo:<\/p>\n<ul>\n<li>Mantener las u\u00f1as con una <strong>longitud media<\/strong>, ligeramente redondeadas<\/li>\n<li>Preparar la u\u00f1a con una base tratante nutritiva<\/li>\n<li>Aplicar dos capas finas de esmalte trasl\u00facido para un acabado uniforme<\/li>\n<\/ul>\n<p>La belleza m\u00e1s aut\u00e9ntica siempre surge cuando realzamos lo natural en lugar de cubrirlo. Los esmaltes trasl\u00facidos nos recuerdan que, a veces, menos es m\u00e1s, especialmente cuando buscamos expresar elegancia y sofisticaci\u00f3n en nuestro d\u00eda a d\u00eda. \u00bfTe atreves a probar esta tendencia que fusiona salud, belleza y sostenibilidad en tus manos esta primavera?<\/p>\n","protected":false},"excerpt":{"rendered":"<p>La primavera 2025 nos trae una de las tendencias m\u00e1s refrescantes en el mundo de la manicura: los esmaltes trasl\u00facidos o sheer. Esta propuesta minimalista est\u00e1 conquistando las redes sociales y las pasarelas por su capacidad de realzar la belleza natural de nuestras manos con un toque de sofisticaci\u00f3n que favorece tanto en entornos laborales &#8230; <a title=\"Prob\u00e9 estos 5 esmaltes trasl\u00facidos para primavera y uno rejuveneci\u00f3 mis manos como ning\u00fan tratamiento lo hab\u00eda hecho antes\" class=\"read-more\" href=\"https:\/\/www.journee-mondiale.com\/es\/probe-estos-5-esmaltes-traslucidos-para-primavera-y-uno-rejuvenecio-mis-manos-como-ningun-tratamiento-lo-habia-hecho-antes\/\" aria-label=\"Leer m\u00e1s sobre Prob\u00e9 estos 5 esmaltes trasl\u00facidos para primavera y uno rejuveneci\u00f3 mis manos como ning\u00fan tratamiento lo hab\u00eda hecho antes\">Lire plus<\/a><\/p>\n","protected":false},"author":1,"featured_media":12750,"comment_status":"","ping_status":"","sticky":false,"template":"","format":"standard","meta":{"footnotes":""},"categories":[48],"tags":[],"class_list":["post-12751","post","type-post","status-publish","format-standard","has-post-thumbnail","hentry","category-estilo-de-vida"],"acf":[],"_yoast_wpseo_primary_category":null,"_yoast_wpseo_title":null,"_yoast_wpseo_metadesc":null,"_links":{"self":[{"href":"https:\/\/www.journee-mondiale.com\/es\/wp-json\/wp\/v2\/posts\/12751","targetHints":{"allow":["GET"]}}],"collection":[{"href":"https:\/\/www.journee-mondiale.com\/es\/wp-json\/wp\/v2\/posts"}],"about":[{"href":"https:\/\/www.journee-mondiale.com\/es\/wp-json\/wp\/v2\/types\/post"}],"author":[{"embeddable":true,"href":"https:\/\/www.journee-mondiale.com\/es\/wp-json\/wp\/v2\/users\/1"}],"replies":[{"embeddable":true,"href":"https:\/\/www.journee-mondiale.com\/es\/wp-json\/wp\/v2\/comments?post=12751"}],"version-history":[{"count":0,"href":"https:\/\/www.journee-mondiale.com\/es\/wp-json\/wp\/v2\/posts\/12751\/revisions"}],"wp:featuredmedia":[{"embeddable":true,"href":"https:\/\/www.journee-mondiale.com\/es\/wp-json\/wp\/v2\/media\/12750"}],"wp:attachment":[{"href":"https:\/\/www.journee-mondiale.com\/es\/wp-json\/wp\/v2\/media?parent=12751"}],"wp:term":[{"taxonomy":"category","embeddable":true,"href":"https:\/\/www.journee-mondiale.com\/es\/wp-json\/wp\/v2\/categories?post=12751"},{"taxonomy":"post_tag","embeddable":true,"href":"https:\/\/www.journee-mondiale.com\/es\/wp-json\/wp\/v2\/tags?post=12751"}],"curies":[{"name":"wp","href":"https:\/\/api.w.org\/{rel}","templated":true}]}}