{"id":12745,"date":"2025-04-09T19:00:19","date_gmt":"2025-04-09T17:00:19","guid":{"rendered":"https:\/\/www.journee-mondiale.com\/es\/el-corte-bob-con-mechas-money-piece-que-transforma-canas-en-marco-luminoso-y-rejuvenece-10-anos-en-5-minutos-cada-manana\/"},"modified":"2025-04-09T19:00:19","modified_gmt":"2025-04-09T17:00:19","slug":"el-corte-bob-con-mechas-money-piece-que-transforma-canas-en-marco-luminoso-y-rejuvenece-10-anos-en-5-minutos-cada-manana","status":"publish","type":"post","link":"https:\/\/www.journee-mondiale.com\/es\/el-corte-bob-con-mechas-money-piece-que-transforma-canas-en-marco-luminoso-y-rejuvenece-10-anos-en-5-minutos-cada-manana\/","title":{"rendered":"El corte bob con mechas \u00abmoney piece\u00bb que transforma canas en marco luminoso (y rejuvenece 10 a\u00f1os en 5 minutos cada ma\u00f1ana)"},"content":{"rendered":"<p>La primavera de 2025 ha tra\u00eddo consigo una tendencia revitalizadora para mujeres que abrazan sus canas: las <strong>mechas \u00abmoney piece\u00bb<\/strong> combinadas con un corte bob. Esta t\u00e9cnica de iluminaci\u00f3n facial no solo est\u00e1 revolucionando la forma en que vemos el cabello canoso, sino que ofrece una alternativa elegante para quienes buscan realzar su belleza natural sin ocultar completamente sus canas.<\/p>\n<h2>\u00bfQu\u00e9 son exactamente las mechas \u00abmoney piece\u00bb y por qu\u00e9 funcionan tan bien con canas?<\/h2>\n<p>Las mechas \u00abmoney piece\u00bb son franjas de color m\u00e1s claro estrat\u00e9gicamente colocadas alrededor del rostro para crear un efecto iluminador. \u00abEsta t\u00e9cnica act\u00faa como un marco natural que destaca los rasgos faciales, especialmente en mujeres con canas que desean mantener su autenticidad mientras a\u00f1aden dimensi\u00f3n\u00bb, explica <strong>Luc\u00eda Fern\u00e1ndez<\/strong>, directora de estilismo en Le Salon Madrid.<\/p>\n<p>Cuando se combinan con un <strong>corte bob<\/strong>, estas mechas crean un efecto rejuvenecedor instant\u00e1neo que muchas clientas describen como \u00abquitarse a\u00f1os de encima\u00bb. <a href=\"https:\/\/www.journee-mondiale.com\/es\/este-corte-bob-con-capas-suaves-me-quito-5-anos-de-encima-en-solo-3-dias-la-tendencia-rejuvenecedora-de-primavera-2025\/\" target=\"_blank\">Un bob con capas suaves puede rejuvenecer el rostro<\/a> en cuesti\u00f3n de d\u00edas, y cuando se a\u00f1aden estas mechas frontales, el resultado es a\u00fan m\u00e1s impactante.<\/p>\n<h2>El arte de elegir el tono perfecto para iluminar tus canas<\/h2>\n<p>La magia de estas mechas reside en la elecci\u00f3n del tono. Para cabellos con canas, los <strong>tonos champagne o platinados<\/strong> funcionan extraordinariamente bien, creando una transici\u00f3n natural desde las ra\u00edces. \u00abEs como si colocaras un foco suave justo donde m\u00e1s lo necesitas\u00bb, comenta <strong>Roberto S\u00e1nchez<\/strong>, colorista especializado en t\u00e9cnicas para cabello maduro.<\/p>\n<blockquote><p>Cuando una clienta con canas me pide un cambio sutil pero impactante, siempre recomiendo las mechas &#8216;money piece&#8217;. Es como aplicar un filtro de luz natural que resalta los ojos y suaviza l\u00edneas de expresi\u00f3n.<\/p><\/blockquote>\n<h2>Tres formas de personalizar tus mechas \u00abmoney piece\u00bb seg\u00fan la forma de tu rostro<\/h2>\n<ul>\n<li><strong>Rostros redondos:<\/strong> Mechas m\u00e1s intensas y alargadas que comiencen a la altura de las mejillas<\/li>\n<li><strong>Rostros alargados:<\/strong> Concentrar el efecto iluminador a la altura de los p\u00f3mulos<\/li>\n<li><strong>Rostros cuadrados:<\/strong> Degradado suave que suavice los \u00e1ngulos de la mand\u00edbula<\/li>\n<\/ul>\n<h2>Mantenimiento m\u00ednimo, m\u00e1ximo impacto: el secreto del \u00e9xito en 2025<\/h2>\n<p>Lo que ha catapultado esta tendencia esta primavera es su <strong>facilidad de mantenimiento<\/strong>. A diferencia de te\u00f1ir todo el cabello, las mechas \u00abmoney piece\u00bb requieren menos retoques. Perfectas para mujeres ocupadas que buscan <a href=\"https:\/\/www.journee-mondiale.com\/es\/el-bob-corto-pulido-que-me-dio-15-minutos-extra-cada-manana-y-por-que-las-ejecutivas-lo-adoptan-esta-primavera\/\" target=\"_blank\">estilos que ahorren tiempo cada ma\u00f1ana<\/a>, como el bob corto pulido que tantas ejecutivas est\u00e1n adoptando.<\/p>\n<p>Mar\u00eda Elena, ejecutiva de 58 a\u00f1os, comparte: \u00abDespu\u00e9s de a\u00f1os ocultando mis canas, estas mechas me han reconciliado con mi cabello natural. Son como pinceladas de luz que transforman mi rostro sin sentirme artificial.\u00bb<\/p>\n<h2>El complemento perfecto: flequillos que transforman el look<\/h2>\n<p>Para maximizar el efecto rejuvenecedor, muchas estilistas recomiendan combinar estas mechas con <strong>flequillos estrat\u00e9gicos<\/strong>. <a href=\"https:\/\/www.journee-mondiale.com\/es\/el-flequillo-que-cambio-mi-bob-frances-probe-3-estilos-y-uno-rejuvenecio-mi-rostro-en-segundos\/\" target=\"_blank\">El tipo de flequillo adecuado puede cambiar completamente un bob franc\u00e9s<\/a> y potenciar el efecto iluminador de las mechas frontales.<\/p>\n<h2>El secreto japon\u00e9s para mantener el brillo en mechas sobre canas<\/h2>\n<p>Para mantener estas mechas radiantes sobre cabello canoso, las <strong>t\u00e9cnicas japonesas de cuidado capilar<\/strong> est\u00e1n ganando popularidad. <a href=\"https:\/\/www.journee-mondiale.com\/es\/la-ciencia-detras-del-cabello-plateado-5-tecnicas-japonesas-que-prolongan-tu-color-40-mas-tiempo-y-evitan-el-tono-amarillento\/\" target=\"_blank\">Estos m\u00e9todos pueden prolongar tu color hasta un 40% m\u00e1s<\/a>, evitando esos tonos amarillentos que tanto preocupan a quienes tienen canas.<\/p>\n<h2>\u00bfPor qu\u00e9 est\u00e1 funcionando esta tendencia donde otras han fracasado?<\/h2>\n<p>Esta t\u00e9cnica no intenta ocultar las canas, sino que las <strong>incorpora como parte del dise\u00f1o<\/strong>. Es como un jard\u00edn bien planificado donde cada elemento tiene su espacio y prop\u00f3sito. Las mechas \u00abmoney piece\u00bb son las flores que atraen la atenci\u00f3n, mientras que las canas naturales proporcionan la estructura y car\u00e1cter.<\/p>\n<h2>La fusi\u00f3n perfecta: tradici\u00f3n e innovaci\u00f3n en un solo estilo<\/h2>\n<p>Si buscas una transformaci\u00f3n m\u00e1s radical, considera <a href=\"https:\/\/www.journee-mondiale.com\/es\/la-revolucionaria-tecnica-japonesa-que-fusiona-pixie-y-reflejos-platinados-elimina-10-anos-del-rostro-en-solo-5-minutos-cada-manana\/\" target=\"_blank\">t\u00e9cnicas japonesas que fusionan estilos como el pixie con reflejos platinados<\/a>. Sin embargo, para quienes prefieren mantener su longitud, el bob con mechas \u00abmoney piece\u00bb ofrece ese equilibrio perfecto entre sofisticaci\u00f3n y naturalidad que est\u00e1 definiendo la belleza madura en 2025.<\/p>\n<p>\u00bfTe atreves a probar esta tendencia que est\u00e1 iluminando rostros por toda Espa\u00f1a esta primavera? Las mechas \u00abmoney piece\u00bb no solo son una t\u00e9cnica de coloraci\u00f3n; son una declaraci\u00f3n de confianza que dice: mis canas son parte de mi historia, y he decidido iluminarlas, no esconderlas.<\/p>\n","protected":false},"excerpt":{"rendered":"<p>La primavera de 2025 ha tra\u00eddo consigo una tendencia revitalizadora para mujeres que abrazan sus canas: las mechas \u00abmoney piece\u00bb combinadas con un corte bob. Esta t\u00e9cnica de iluminaci\u00f3n facial no solo est\u00e1 revolucionando la forma en que vemos el cabello canoso, sino que ofrece una alternativa elegante para quienes buscan realzar su belleza natural &#8230; <a title=\"El corte bob con mechas \u00abmoney piece\u00bb que transforma canas en marco luminoso (y rejuvenece 10 a\u00f1os en 5 minutos cada ma\u00f1ana)\" class=\"read-more\" href=\"https:\/\/www.journee-mondiale.com\/es\/el-corte-bob-con-mechas-money-piece-que-transforma-canas-en-marco-luminoso-y-rejuvenece-10-anos-en-5-minutos-cada-manana\/\" aria-label=\"Leer m\u00e1s sobre El corte bob con mechas \u00abmoney piece\u00bb que transforma canas en marco luminoso (y rejuvenece 10 a\u00f1os en 5 minutos cada ma\u00f1ana)\">Lire plus<\/a><\/p>\n","protected":false},"author":1,"featured_media":12744,"comment_status":"","ping_status":"","sticky":false,"template":"","format":"standard","meta":{"footnotes":""},"categories":[48],"tags":[],"class_list":["post-12745","post","type-post","status-publish","format-standard","has-post-thumbnail","hentry","category-estilo-de-vida"],"acf":[],"_yoast_wpseo_primary_category":null,"_yoast_wpseo_title":null,"_yoast_wpseo_metadesc":null,"_links":{"self":[{"href":"https:\/\/www.journee-mondiale.com\/es\/wp-json\/wp\/v2\/posts\/12745","targetHints":{"allow":["GET"]}}],"collection":[{"href":"https:\/\/www.journee-mondiale.com\/es\/wp-json\/wp\/v2\/posts"}],"about":[{"href":"https:\/\/www.journee-mondiale.com\/es\/wp-json\/wp\/v2\/types\/post"}],"author":[{"embeddable":true,"href":"https:\/\/www.journee-mondiale.com\/es\/wp-json\/wp\/v2\/users\/1"}],"replies":[{"embeddable":true,"href":"https:\/\/www.journee-mondiale.com\/es\/wp-json\/wp\/v2\/comments?post=12745"}],"version-history":[{"count":0,"href":"https:\/\/www.journee-mondiale.com\/es\/wp-json\/wp\/v2\/posts\/12745\/revisions"}],"wp:featuredmedia":[{"embeddable":true,"href":"https:\/\/www.journee-mondiale.com\/es\/wp-json\/wp\/v2\/media\/12744"}],"wp:attachment":[{"href":"https:\/\/www.journee-mondiale.com\/es\/wp-json\/wp\/v2\/media?parent=12745"}],"wp:term":[{"taxonomy":"category","embeddable":true,"href":"https:\/\/www.journee-mondiale.com\/es\/wp-json\/wp\/v2\/categories?post=12745"},{"taxonomy":"post_tag","embeddable":true,"href":"https:\/\/www.journee-mondiale.com\/es\/wp-json\/wp\/v2\/tags?post=12745"}],"curies":[{"name":"wp","href":"https:\/\/api.w.org\/{rel}","templated":true}]}}