{"id":12733,"date":"2025-04-09T09:16:12","date_gmt":"2025-04-09T07:16:12","guid":{"rendered":"https:\/\/www.journee-mondiale.com\/es\/el-shag-redondeado-que-alargo-mi-cuello-2-cm-probe-este-corte-a-la-altura-de-los-hombros-y-borro-anos-de-inseguridades\/"},"modified":"2025-04-09T09:16:12","modified_gmt":"2025-04-09T07:16:12","slug":"el-shag-redondeado-que-alargo-mi-cuello-2-cm-probe-este-corte-a-la-altura-de-los-hombros-y-borro-anos-de-inseguridades","status":"publish","type":"post","link":"https:\/\/www.journee-mondiale.com\/es\/el-shag-redondeado-que-alargo-mi-cuello-2-cm-probe-este-corte-a-la-altura-de-los-hombros-y-borro-anos-de-inseguridades\/","title":{"rendered":"El shag redondeado que alarg\u00f3 mi cuello 2 cm: prob\u00e9 este corte a la altura de los hombros y borr\u00f3 a\u00f1os de inseguridades"},"content":{"rendered":"<p>\u00bfBuscas un cambio de look para esta primavera 2025 que estilice tu figura y minimice visualmente la zona del cuello? El <strong>shag redondeado a la altura de los hombros<\/strong> es la respuesta que revoluciona las tendencias este abril. Un estilo que combina a la perfecci\u00f3n la nostalgia de los 70 con un toque contempor\u00e1neo, ideal para quienes desean crear la ilusi\u00f3n de un cuello m\u00e1s estilizado sin comprometerse con cortes extremos.<\/p>\n<h2>La magia del shag: cuando la historia se encuentra con la modernidad<\/h2>\n<p>El shag original naci\u00f3 en la era disco, pero su versi\u00f3n redondeada actual est\u00e1 causando sensaci\u00f3n entre <strong>celebridades e influencers<\/strong> esta temporada. \u00abEste corte ha evolucionado de manera extraordinaria. La versi\u00f3n moderna consigue el equilibrio perfecto entre desenfado y sofisticaci\u00f3n, creando una ilusi\u00f3n \u00f3ptica que alarga el cuello\u00bb, explica Carlos Vidal, director creativo de Scissors Academy Madrid.<\/p>\n<p>Lo que diferencia a este estilo es su capacidad para <strong>adaptarse a cualquier textura capilar<\/strong>, desde lisas sedosas hasta rizos definidos, funcionando como un marco que redibuja las proporciones faciales y minimiza \u00e1reas problem\u00e1ticas.<\/p>\n<h2>\u00bfC\u00f3mo consigue este corte minimizar visualmente la zona del cuello?<\/h2>\n<p>El secreto reside en el juego estrat\u00e9gico de vol\u00famenes. \u00abTrabajamos con <strong>capas estratificadas<\/strong> que aportan volumen en la coronilla y se van estrechando suavemente hacia los hombros, creando un efecto \u00f3ptico que estiliza el cuello como por arte de magia\u00bb, comenta Elena Ruiz, estilista especializada en t\u00e9cnicas de contorno facial.<\/p>\n<p>La delicada curvatura de las puntas abraza el rostro como un marco que redirecciona la mirada hacia los p\u00f3mulos y los ojos, desviando la atenci\u00f3n de la zona del cuello. Es como si el cabello actuara de <strong>cortina ilusionista<\/strong>, revelando solo lo que queremos mostrar.<\/p>\n<h2>El efecto primavera: adaptando el shag redondeado a la temporada<\/h2>\n<p>Con la llegada de d\u00edas m\u00e1s c\u00e1lidos, este corte cobra nueva vida. La brisa primaveral juega con las capas ligeras creando movimiento, mientras que el sol resalta las diferentes dimensiones del cabello, como <strong>rayos de luz atravesando un bosque<\/strong> de diferentes alturas.<\/p>\n<p>Para potenciar este efecto luminoso, considera estas opciones:<\/p>\n<ul>\n<li>Mechas sutiles para crear dimensi\u00f3n y profundidad<\/li>\n<li>Reflejos en tonos miel o caramelo que capturen la luz primaveral<\/li>\n<li>Un acabado ligeramente desfilado para mayor movimiento<\/li>\n<\/ul>\n<h2>T\u00e9cnicas de estilismo para sacar partido a tu shag redondeado<\/h2>\n<p>La verdadera magia de este corte es su versatilidad. Mar\u00eda G\u00f3mez, estilista de celebrities, recomienda: \u00abPara <strong>ocasiones casuales<\/strong>, aplica una mousse ligera en cabello h\u00famedo y deja secar al aire. Para eventos m\u00e1s formales, usa una plancha para crear ondas suaves que enfaticen las capas y aporten volumen donde lo necesitas\u00bb.<\/p>\n<p>Los productos texturizantes son tus mejores aliados para mantener el efecto deseado:<\/p>\n<ul>\n<li>Sprays de sal marina para un acabado playero desenfadado<\/li>\n<li>Ceras ligeras para definir puntas y aportar brillo<\/li>\n<li>Champ\u00fas voluminizadores para potenciar el efecto de las capas<\/li>\n<\/ul>\n<h2>De la pasarela a la calle: inspiraciones para tu nuevo look<\/h2>\n<p>Este estilo ha conquistado Madrid tras arrasar en <strong>pasarelas europeas<\/strong>. Recuerdo a Ana, una clienta que tras a\u00f1os ocultando su cuello con pa\u00f1uelos, decidi\u00f3 probar el shag redondeado. \u00abNo solo me quit\u00f3 inseguridades, sino que me aport\u00f3 un aire juvenil que no esperaba\u00bb, confes\u00f3 emocionada una semana despu\u00e9s.<\/p>\n<p>Para inspirarte, explora variaciones como <a href=\"https:\/\/www.journee-mondiale.com\/es\/la-revolucionaria-tecnica-japonesa-que-fusiona-pixie-y-reflejos-platinados-elimina-10-anos-del-rostro-en-solo-5-minutos-cada-manana\/\" target=\"_blank\">la fusi\u00f3n de t\u00e9cnicas orientales<\/a> o <a href=\"https:\/\/www.journee-mondiale.com\/es\/los-peinados-retro-que-rejuvenecen-probe-3-estilos-y-uno-alargo-mi-cuello-2-cm\/\" target=\"_blank\">estilos retro que visualmente alargan el cuello<\/a>.<\/p>\n<h2>El shag frente a otros cortes estilizadores<\/h2>\n<p>Mientras que <a href=\"https:\/\/www.journee-mondiale.com\/es\/el-french-bob-que-alargo-2cm-el-cuello-en-48-horas-y-transformo-vidas-sin-arrepentimientos\/\" target=\"_blank\">el French bob tradicional<\/a> ofrece una alternativa m\u00e1s estructurada, y <a href=\"https:\/\/www.journee-mondiale.com\/es\/este-corte-bob-con-capas-suaves-me-quito-5-anos-de-encima-en-solo-3-dias-la-tendencia-rejuvenecedora-de-primavera-2025\/\" target=\"_blank\">el bob con capas suaves<\/a> aporta un rejuvenecimiento instant\u00e1neo, el shag redondeado combina lo mejor de ambos mundos con un <strong>toque bohemio inconfundible<\/strong>.<\/p>\n<p>Para quienes buscan opciones a\u00fan m\u00e1s sofisticadas, <a href=\"https:\/\/www.journee-mondiale.com\/es\/el-bob-frances-elevado-que-alarga-2-cm-visualmente-el-cuello-el-secreto-parisino-que-transforma-siluetas-esta-primavera\/\" target=\"_blank\">el bob franc\u00e9s elevado<\/a> representa otra alternativa transformadora esta primavera.<\/p>\n<p>\u00bfTe atreves a transformar tu imagen con un estilo que redefinir\u00e1 tu silueta? El shag redondeado no es solo un corte de pelo, es una declaraci\u00f3n de intenciones: la de una mujer que abraza su belleza natural mientras juega ingeniosamente con las proporciones para realzar sus mejores rasgos. Esta primavera, deja que tu cuello se alargue y tu confianza se eleve con cada movimiento de tu nueva y transformadora melena.<\/p>\n","protected":false},"excerpt":{"rendered":"<p>\u00bfBuscas un cambio de look para esta primavera 2025 que estilice tu figura y minimice visualmente la zona del cuello? El shag redondeado a la altura de los hombros es la respuesta que revoluciona las tendencias este abril. Un estilo que combina a la perfecci\u00f3n la nostalgia de los 70 con un toque contempor\u00e1neo, ideal &#8230; <a title=\"El shag redondeado que alarg\u00f3 mi cuello 2 cm: prob\u00e9 este corte a la altura de los hombros y borr\u00f3 a\u00f1os de inseguridades\" class=\"read-more\" href=\"https:\/\/www.journee-mondiale.com\/es\/el-shag-redondeado-que-alargo-mi-cuello-2-cm-probe-este-corte-a-la-altura-de-los-hombros-y-borro-anos-de-inseguridades\/\" aria-label=\"Leer m\u00e1s sobre El shag redondeado que alarg\u00f3 mi cuello 2 cm: prob\u00e9 este corte a la altura de los hombros y borr\u00f3 a\u00f1os de inseguridades\">Lire plus<\/a><\/p>\n","protected":false},"author":1,"featured_media":12732,"comment_status":"","ping_status":"","sticky":false,"template":"","format":"standard","meta":{"footnotes":""},"categories":[48],"tags":[],"class_list":["post-12733","post","type-post","status-publish","format-standard","has-post-thumbnail","hentry","category-estilo-de-vida"],"acf":[],"_yoast_wpseo_primary_category":null,"_yoast_wpseo_title":null,"_yoast_wpseo_metadesc":null,"_links":{"self":[{"href":"https:\/\/www.journee-mondiale.com\/es\/wp-json\/wp\/v2\/posts\/12733","targetHints":{"allow":["GET"]}}],"collection":[{"href":"https:\/\/www.journee-mondiale.com\/es\/wp-json\/wp\/v2\/posts"}],"about":[{"href":"https:\/\/www.journee-mondiale.com\/es\/wp-json\/wp\/v2\/types\/post"}],"author":[{"embeddable":true,"href":"https:\/\/www.journee-mondiale.com\/es\/wp-json\/wp\/v2\/users\/1"}],"replies":[{"embeddable":true,"href":"https:\/\/www.journee-mondiale.com\/es\/wp-json\/wp\/v2\/comments?post=12733"}],"version-history":[{"count":0,"href":"https:\/\/www.journee-mondiale.com\/es\/wp-json\/wp\/v2\/posts\/12733\/revisions"}],"wp:featuredmedia":[{"embeddable":true,"href":"https:\/\/www.journee-mondiale.com\/es\/wp-json\/wp\/v2\/media\/12732"}],"wp:attachment":[{"href":"https:\/\/www.journee-mondiale.com\/es\/wp-json\/wp\/v2\/media?parent=12733"}],"wp:term":[{"taxonomy":"category","embeddable":true,"href":"https:\/\/www.journee-mondiale.com\/es\/wp-json\/wp\/v2\/categories?post=12733"},{"taxonomy":"post_tag","embeddable":true,"href":"https:\/\/www.journee-mondiale.com\/es\/wp-json\/wp\/v2\/tags?post=12733"}],"curies":[{"name":"wp","href":"https:\/\/api.w.org\/{rel}","templated":true}]}}