{"id":12717,"date":"2025-04-08T13:06:52","date_gmt":"2025-04-08T11:06:52","guid":{"rendered":"https:\/\/www.journee-mondiale.com\/es\/como-cambie-la-forma-de-mis-ojos-con-3-tecnicas-de-delineado-esto-es-lo-que-descubri-esta-primavera\/"},"modified":"2025-04-08T13:06:52","modified_gmt":"2025-04-08T11:06:52","slug":"como-cambie-la-forma-de-mis-ojos-con-3-tecnicas-de-delineado-esto-es-lo-que-descubri-esta-primavera","status":"publish","type":"post","link":"https:\/\/www.journee-mondiale.com\/es\/como-cambie-la-forma-de-mis-ojos-con-3-tecnicas-de-delineado-esto-es-lo-que-descubri-esta-primavera\/","title":{"rendered":"C\u00f3mo cambi\u00e9 la forma de mis ojos con 3 t\u00e9cnicas de delineado (esto es lo que descubr\u00ed esta primavera)"},"content":{"rendered":"<p>Con la llegada de la primavera en 2025, renovar nuestra imagen se convierte en una prioridad. Si hay un <strong>elemento protagonista<\/strong> en nuestro rostro, ese es la mirada. Aprender a perfilar el ojo seg\u00fan su forma no solo potencia nuestra belleza natural, sino que puede transformar completamente nuestra expresi\u00f3n. \u00bfSab\u00edas que cada forma de ojo requiere t\u00e9cnicas espec\u00edficas para realzar su belleza \u00fanica? Descubramos juntos los secretos para potenciar ojos almendrados, ca\u00eddos y redondos esta temporada.<\/p>\n<h2>El poder transformador del delineado seg\u00fan tu tipo de ojo<\/h2>\n<p>El <strong>maquillaje personalizado<\/strong> se ha convertido en tendencia absoluta esta primavera. \u00abEl delineado es como la arquitectura del ojo: puede reconstruir visualmente su forma y expresi\u00f3n si se aplica correctamente\u00bb, explica Jos\u00e9 Sobarzo, maquillador de \u00c9sika. Antes de comenzar, identifica tu tipo de ojo frente al espejo en luz natural para determinar qu\u00e9 t\u00e9cnica te favorecer\u00e1 m\u00e1s.<\/p>\n<h2>Ojos almendrados: resalta tu ventaja natural<\/h2>\n<p>Si tienes la suerte de contar con <strong>ojos almendrados<\/strong>, considerados la forma m\u00e1s vers\u00e1til, aprovecha esta ventaja. \u00abPara este tipo de ojos, un delineado fino y bien definido en el borde superior, creando un \u00e1ngulo suave, realzar\u00e1 su forma natural\u00bb, recomienda Lidia Mart\u00ednez, experta en belleza. Completa con un <a href=\"https:\/\/www.journee-mondiale.com\/es\/el-masaje-linfatico-que-cambio-mi-mirada-3-minutos-diarios-eliminaron-mis-bolsas-y-ojeras-de-primavera-esto-es-lo-que-descubri\/\" target=\"_blank\">masaje linf\u00e1tico diario<\/a> para eliminar bolsas y mejorar la apariencia global de tu mirada.<\/p>\n<h2>Ojos ca\u00eddos: eleva tu mirada con t\u00e9cnicas estrat\u00e9gicas<\/h2>\n<p>Para los <strong>ojos ca\u00eddos<\/strong>, el objetivo es crear una ilusi\u00f3n visual de elevaci\u00f3n. La Dra. Mariana Zambrano, dermat\u00f3loga est\u00e9tica, aconseja: \u00abUn delineado ligero que se eleve en el extremo exterior ayuda a alargar el ojo, creando un efecto ascendente muy favorecedor\u00bb. Complementa esta t\u00e9cnica con sombras m\u00e1s oscuras en la parte exterior y m\u00e1s claras en el interior.<\/p>\n<ul>\n<li>Aplica el delineador desde la mitad del p\u00e1rpado hacia afuera<\/li>\n<li>Extiende la l\u00ednea ligeramente hacia arriba para contrarrestar la ca\u00edda<\/li>\n<li>Evita delinear completamente la l\u00ednea de agua inferior<\/li>\n<\/ul>\n<h2>Ojos redondos: alarga y define para un efecto almendrado<\/h2>\n<p>Los <strong>ojos redondos<\/strong> pueden transformarse visualmente con las t\u00e9cnicas correctas. \u00abPara ojos redondos, marca la V externa de forma recta para crear un efecto almendrado\u00bb, sugiere Chanel Beauty. Delinea solo desde un tercio del ojo hacia afuera, extendiendo ligeramente la l\u00ednea m\u00e1s all\u00e1 del extremo natural para alargar la mirada.<\/p>\n<h2>Tendencias primavera 2025: brillo y dimensi\u00f3n<\/h2>\n<p>Esta primavera, los expertos de <strong>NYX Professional Makeup<\/strong> destacan el regreso de las sombras metalizadas y los delineados gr\u00e1ficos. \u00abLas aplicaciones tridimensionales son perfectas para agregar dimensi\u00f3n y convertir los ojos en el punto focal del maquillaje\u00bb, afirman. Combina estas t\u00e9cnicas con <a href=\"https:\/\/www.journee-mondiale.com\/es\/los-peinados-retro-que-rejuvenecen-probe-3-estilos-y-uno-alargo-mi-cuello-2-cm\/\" target=\"_blank\">peinados retro<\/a> que enmarquen tu rostro para un look completamente renovado.<\/p>\n<h2>Cuidado y preparaci\u00f3n: la base perfecta<\/h2>\n<p>Antes de aplicar cualquier t\u00e9cnica de perfilado, prepara adecuadamente la zona. \u00abUn <strong>p\u00e1rpado hidratado<\/strong> y libre de impurezas garantiza un delineado preciso y duradero\u00bb, comenta Behrouz Sasani, dermat\u00f3logo. Considera tambi\u00e9n usar <a href=\"https:\/\/www.journee-mondiale.com\/es\/probe-esta-mascarilla-de-cafe-y-crema-nivea-3-veces-por-semana-y-mis-arrugas-finas-de-primavera-esto-es-lo-que-sucedio\/\" target=\"_blank\">mascarillas espec\u00edficas<\/a> para tratar arrugas finas y mantener el contorno de ojos rejuvenecido.<\/p>\n<blockquote><p>\u00abEl delineador negro ca\u00f3tico es perfecto para un estilo grunge o atrevido, mientras que l\u00edneas m\u00e1s finas y precisas crean un look depurado ideal para el d\u00eda.\u00bb &#8211; Charli XCX, influencer de belleza<\/p><\/blockquote>\n<h2>Complementa tu look con u\u00f1as y limpieza<\/h2>\n<p>Para un estilo integral, combina tu maquillaje de ojos con <a href=\"https:\/\/www.journee-mondiale.com\/es\/la-manicura-negative-space-sera-mi-obsesion-de-primavera-4-estilos-minimalistas-que-probe-por-solo-35e-y-el-segundo-me-sorprendio\/\" target=\"_blank\">manicuras minimalistas<\/a> que est\u00e1n arrasando esta temporada. Y no olvides mantener tu <a href=\"https:\/\/www.journee-mondiale.com\/es\/probe-estos-3-limpiadores-naturales-en-mi-colchon-lleno-de-acaros-de-primavera-el-bicarbonato-elimino-el-90-en-una-noche\/\" target=\"_blank\">entorno libre de al\u00e9rgenos<\/a> que puedan irritar tus ojos y arruinar tu maquillaje perfecto.<\/p>\n<h2>\u00bfLista para redescubrir tu mirada esta primavera?<\/h2>\n<p>Tus ojos son el espejo de tu alma y, con las t\u00e9cnicas adecuadas, puedes realzar su <strong>belleza natural<\/strong> independientemente de su forma. Experimenta con estas recomendaciones, adapta las tendencias a tu estilo personal y recuerda que la pr\u00e1ctica hace al maestro. La primavera 2025 es el momento perfecto para dejar que tu mirada hable por ti.<\/p>\n","protected":false},"excerpt":{"rendered":"<p>Con la llegada de la primavera en 2025, renovar nuestra imagen se convierte en una prioridad. Si hay un elemento protagonista en nuestro rostro, ese es la mirada. Aprender a perfilar el ojo seg\u00fan su forma no solo potencia nuestra belleza natural, sino que puede transformar completamente nuestra expresi\u00f3n. \u00bfSab\u00edas que cada forma de ojo &#8230; <a title=\"C\u00f3mo cambi\u00e9 la forma de mis ojos con 3 t\u00e9cnicas de delineado (esto es lo que descubr\u00ed esta primavera)\" class=\"read-more\" href=\"https:\/\/www.journee-mondiale.com\/es\/como-cambie-la-forma-de-mis-ojos-con-3-tecnicas-de-delineado-esto-es-lo-que-descubri-esta-primavera\/\" aria-label=\"Leer m\u00e1s sobre C\u00f3mo cambi\u00e9 la forma de mis ojos con 3 t\u00e9cnicas de delineado (esto es lo que descubr\u00ed esta primavera)\">Lire plus<\/a><\/p>\n","protected":false},"author":1,"featured_media":12716,"comment_status":"","ping_status":"","sticky":false,"template":"","format":"standard","meta":{"footnotes":""},"categories":[48],"tags":[],"class_list":["post-12717","post","type-post","status-publish","format-standard","has-post-thumbnail","hentry","category-estilo-de-vida"],"acf":[],"_yoast_wpseo_primary_category":null,"_yoast_wpseo_title":null,"_yoast_wpseo_metadesc":null,"_links":{"self":[{"href":"https:\/\/www.journee-mondiale.com\/es\/wp-json\/wp\/v2\/posts\/12717","targetHints":{"allow":["GET"]}}],"collection":[{"href":"https:\/\/www.journee-mondiale.com\/es\/wp-json\/wp\/v2\/posts"}],"about":[{"href":"https:\/\/www.journee-mondiale.com\/es\/wp-json\/wp\/v2\/types\/post"}],"author":[{"embeddable":true,"href":"https:\/\/www.journee-mondiale.com\/es\/wp-json\/wp\/v2\/users\/1"}],"replies":[{"embeddable":true,"href":"https:\/\/www.journee-mondiale.com\/es\/wp-json\/wp\/v2\/comments?post=12717"}],"version-history":[{"count":0,"href":"https:\/\/www.journee-mondiale.com\/es\/wp-json\/wp\/v2\/posts\/12717\/revisions"}],"wp:featuredmedia":[{"embeddable":true,"href":"https:\/\/www.journee-mondiale.com\/es\/wp-json\/wp\/v2\/media\/12716"}],"wp:attachment":[{"href":"https:\/\/www.journee-mondiale.com\/es\/wp-json\/wp\/v2\/media?parent=12717"}],"wp:term":[{"taxonomy":"category","embeddable":true,"href":"https:\/\/www.journee-mondiale.com\/es\/wp-json\/wp\/v2\/categories?post=12717"},{"taxonomy":"post_tag","embeddable":true,"href":"https:\/\/www.journee-mondiale.com\/es\/wp-json\/wp\/v2\/tags?post=12717"}],"curies":[{"name":"wp","href":"https:\/\/api.w.org\/{rel}","templated":true}]}}