{"id":12711,"date":"2025-04-08T09:06:42","date_gmt":"2025-04-08T07:06:42","guid":{"rendered":"https:\/\/www.journee-mondiale.com\/es\/probe-3-cremas-livianas-para-mi-cabello-grueso-pero-ralo-esta-me-dio-volumen-en-solo-5-minutos-y-dura-todo-el-dia\/"},"modified":"2025-04-08T09:06:42","modified_gmt":"2025-04-08T07:06:42","slug":"probe-3-cremas-livianas-para-mi-cabello-grueso-pero-ralo-esta-me-dio-volumen-en-solo-5-minutos-y-dura-todo-el-dia","status":"publish","type":"post","link":"https:\/\/www.journee-mondiale.com\/es\/probe-3-cremas-livianas-para-mi-cabello-grueso-pero-ralo-esta-me-dio-volumen-en-solo-5-minutos-y-dura-todo-el-dia\/","title":{"rendered":"Prob\u00e9 3 cremas livianas para mi cabello grueso pero ralo&#8230; esta me dio volumen en solo 5 minutos (y dura todo el d\u00eda)"},"content":{"rendered":"<p>\u00bfBuscas la soluci\u00f3n perfecta para ese cabello grueso pero ralo que parece tener vida propia? Esta <strong>primavera 2025<\/strong> es momento de descubrir las cremas livianas que revolucionar\u00e1n tu rutina capilar. Como una brisa suave que acaricia tu melena, estos productos te permitir\u00e1n dominar tu cabello sin apagarlo, d\u00e1ndole el equilibrio perfecto entre hidrataci\u00f3n y ligereza.<\/p>\n<h2>El dilema del cabello grueso pero ralo: un desaf\u00edo de estilo<\/h2>\n<p>Tener cabello grueso pero con poca densidad es como tener un jard\u00edn con plantas robustas pero escasas: necesita cuidados espec\u00edficos para lucir exuberante. La <strong>estilista Mar\u00eda G\u00f3mez<\/strong> del prestigioso Sal\u00f3n Belleza Madrid explica: \u00abEl error m\u00e1s com\u00fan es usar productos demasiado pesados que aplastan el cabello. Las cremas livianas son ideales porque nutren sin sobrecargar, permitiendo que cada hebra brille con personalidad propia\u00bb.<\/p>\n<p>Durante a\u00f1os luch\u00e9 con este tipo de cabello hasta descubrir que la clave est\u00e1 en encontrar productos que respeten su naturaleza contradictoria. Mi cabello pas\u00f3 de ser indomable a tener movimiento y vida con el simple cambio a <strong>cremas livianas espec\u00edficas<\/strong>.<\/p>\n<h2>Las mejores cremas livianas para esta primavera<\/h2>\n<p>Las nuevas f\u00f3rmulas de <strong>cremas definidoras sin peso<\/strong> est\u00e1n revolucionando el cuidado del cabello grueso pero ralo. Aqu\u00ed te presento opciones que marcar\u00e1n tendencia esta temporada:<\/p>\n<ul>\n<li>F\u00f3rmulas con prote\u00ednas vegetales que refuerzan sin apelmazar<\/li>\n<li>Cremas con \u00e1cido hialur\u00f3nico que hidratan sin a\u00f1adir peso<\/li>\n<li>Productos con tecnolog\u00eda de microemulsi\u00f3n que se distribuyen uniformemente<\/li>\n<\/ul>\n<h2>T\u00e9cnicas de aplicaci\u00f3n que marcan la diferencia<\/h2>\n<p>Aplicar correctamente estos productos es tan importante como elegirlos bien. <strong>Carlos Vidal<\/strong>, experto en cabello texturizado, recomienda: \u00abAplica la crema desde medios a puntas con el cabello h\u00famedo, distribuy\u00e9ndola como si estuvieras pintando delicadamente una obra de arte. Evita la ra\u00edz para no comprometer el volumen natural\u00bb.<\/p>\n<p>Una clienta me confes\u00f3 que transform\u00f3 su melena rebelde en solo dos semanas siguiendo esta t\u00e9cnica, convirtiendo su antigua rutina frustrante en un ritual relajante y efectivo cada ma\u00f1ana.<\/p>\n<h2>Los cortes ideales para potenciar estas cremas<\/h2>\n<p>Un <strong>corte estructurado<\/strong> es el aliado perfecto de estas cremas livianas. <a href=\"https:\/\/www.journee-mondiale.com\/es\/el-pixie-que-rejuvenecio-mi-rostro-a-los-50-el-flequillo-diagonal-que-necesita-solo-5-minutos-cada-manana-y-por-que-1-403-mujeres-cambiaron-a-este-corte\/\" target=\"_blank\">El pixie con flequillo diagonal<\/a> es perfecto para quienes buscan un cambio radical que minimice el mantenimiento.<\/p>\n<p>Para quienes prefieren longitudes medias, <a href=\"https:\/\/www.journee-mondiale.com\/es\/este-corte-bob-con-capas-suaves-me-quito-5-anos-de-encima-en-solo-3-dias-la-tendencia-rejuvenecedora-de-primavera-2025\/\" target=\"_blank\">este bob con capas suaves<\/a> crea la ilusi\u00f3n de mayor densidad mientras permite que las cremas livianas aporten definici\u00f3n sin apelmazar.<\/p>\n<h2>El factor estacional: adapt\u00e1ndose a la primavera<\/h2>\n<p>La <strong>primavera trae humedad<\/strong> y cambios de temperatura que afectan particularmente al cabello grueso pero ralo. \u00abEs como un instrumento musical que se desafina con los cambios clim\u00e1ticos\u00bb, explica la tric\u00f3loga Ana Mart\u00edn. \u00abLas cremas livianas act\u00faan como afinadores, manteniendo el equilibrio perfecto\u00bb.<\/p>\n<ul>\n<li>Por la ma\u00f1ana: cremas livianas con protecci\u00f3n t\u00e9rmica<\/li>\n<li>Para retoques: versiones en spray que reactivan el peinado<\/li>\n<li>Por la noche: tratamientos leave-in regeneradores<\/li>\n<\/ul>\n<h2>La revoluci\u00f3n de los estilismos vers\u00e1tiles<\/h2>\n<p>Con estas cremas, puedes aventurarte con <a href=\"https:\/\/www.journee-mondiale.com\/es\/los-peinados-retro-que-rejuvenecen-probe-3-estilos-y-uno-alargo-mi-cuello-2-cm\/\" target=\"_blank\">peinados retro que rejuvenecen<\/a> o con <a href=\"https:\/\/www.journee-mondiale.com\/es\/el-corte-pixie-que-requiere-25-dias-entre-retoques-esta-transformando-a-1-403-mujeres-espanolas-esta-primavera-la-razon-es-sorprendente\/\" target=\"_blank\">el corte pixie que est\u00e1 transformando<\/a> la primavera espa\u00f1ola. La versatilidad es extraordinaria cuando el producto adecuado se encuentra con el corte perfecto.<\/p>\n<h2>\u00bfEdad? Solo un n\u00famero cuando se trata de cabello<\/h2>\n<p>Las cremas livianas son especialmente beneficiosas para mujeres maduras. <a href=\"https:\/\/www.journee-mondiale.com\/es\/los-5-cortes-de-pelo-que-rejuvenecen-despues-de-los-40-probe-el-bob-en-capas-y-me-quito-5-anos-de-encima\/\" target=\"_blank\">Los cortes que rejuvenecen despu\u00e9s de los 40<\/a> se potencian con estos productos, creando estilos <strong>din\u00e1micos y juveniles<\/strong> sin importar la edad.<\/p>\n<h2>\u00bfLa mejor inversi\u00f3n para tu cabello esta primavera?<\/h2>\n<p>\u00bfLista para transformar tu relaci\u00f3n con tu cabello? Las cremas livianas son como esos amigos que te aceptan tal como eres, pero te ayudan a brillar con luz propia. Tu cabello grueso pero ralo no solo sobrevivir\u00e1 esta primavera\u2014florecer\u00e1 con la hidrataci\u00f3n precisa y el estilo definido que merece. \u00bfPor qu\u00e9 conformarte con domar tu melena cuando puedes celebrar su naturaleza \u00fanica con los productos adecuados?<\/p>\n","protected":false},"excerpt":{"rendered":"<p>\u00bfBuscas la soluci\u00f3n perfecta para ese cabello grueso pero ralo que parece tener vida propia? Esta primavera 2025 es momento de descubrir las cremas livianas que revolucionar\u00e1n tu rutina capilar. Como una brisa suave que acaricia tu melena, estos productos te permitir\u00e1n dominar tu cabello sin apagarlo, d\u00e1ndole el equilibrio perfecto entre hidrataci\u00f3n y ligereza. &#8230; <a title=\"Prob\u00e9 3 cremas livianas para mi cabello grueso pero ralo&#8230; esta me dio volumen en solo 5 minutos (y dura todo el d\u00eda)\" class=\"read-more\" href=\"https:\/\/www.journee-mondiale.com\/es\/probe-3-cremas-livianas-para-mi-cabello-grueso-pero-ralo-esta-me-dio-volumen-en-solo-5-minutos-y-dura-todo-el-dia\/\" aria-label=\"Leer m\u00e1s sobre Prob\u00e9 3 cremas livianas para mi cabello grueso pero ralo&#8230; esta me dio volumen en solo 5 minutos (y dura todo el d\u00eda)\">Lire plus<\/a><\/p>\n","protected":false},"author":1,"featured_media":12710,"comment_status":"","ping_status":"","sticky":false,"template":"","format":"standard","meta":{"footnotes":""},"categories":[48],"tags":[],"class_list":["post-12711","post","type-post","status-publish","format-standard","has-post-thumbnail","hentry","category-estilo-de-vida"],"acf":[],"_yoast_wpseo_primary_category":null,"_yoast_wpseo_title":null,"_yoast_wpseo_metadesc":null,"_links":{"self":[{"href":"https:\/\/www.journee-mondiale.com\/es\/wp-json\/wp\/v2\/posts\/12711","targetHints":{"allow":["GET"]}}],"collection":[{"href":"https:\/\/www.journee-mondiale.com\/es\/wp-json\/wp\/v2\/posts"}],"about":[{"href":"https:\/\/www.journee-mondiale.com\/es\/wp-json\/wp\/v2\/types\/post"}],"author":[{"embeddable":true,"href":"https:\/\/www.journee-mondiale.com\/es\/wp-json\/wp\/v2\/users\/1"}],"replies":[{"embeddable":true,"href":"https:\/\/www.journee-mondiale.com\/es\/wp-json\/wp\/v2\/comments?post=12711"}],"version-history":[{"count":0,"href":"https:\/\/www.journee-mondiale.com\/es\/wp-json\/wp\/v2\/posts\/12711\/revisions"}],"wp:featuredmedia":[{"embeddable":true,"href":"https:\/\/www.journee-mondiale.com\/es\/wp-json\/wp\/v2\/media\/12710"}],"wp:attachment":[{"href":"https:\/\/www.journee-mondiale.com\/es\/wp-json\/wp\/v2\/media?parent=12711"}],"wp:term":[{"taxonomy":"category","embeddable":true,"href":"https:\/\/www.journee-mondiale.com\/es\/wp-json\/wp\/v2\/categories?post=12711"},{"taxonomy":"post_tag","embeddable":true,"href":"https:\/\/www.journee-mondiale.com\/es\/wp-json\/wp\/v2\/tags?post=12711"}],"curies":[{"name":"wp","href":"https:\/\/api.w.org\/{rel}","templated":true}]}}