{"id":12701,"date":"2025-04-07T17:06:56","date_gmt":"2025-04-07T15:06:56","guid":{"rendered":"https:\/\/www.journee-mondiale.com\/es\/el-alimento-que-cambio-mi-salud-a-los-67-anos-como-una-cena-con-carbohidratos-me-sumo-3-horas-de-sueno-profundo-y-lo-que-valter-longo-descubrio-sobre-la-longevidad\/"},"modified":"2025-04-07T17:06:56","modified_gmt":"2025-04-07T15:06:56","slug":"el-alimento-que-cambio-mi-salud-a-los-67-anos-como-una-cena-con-carbohidratos-me-sumo-3-horas-de-sueno-profundo-y-lo-que-valter-longo-descubrio-sobre-la-longevidad","status":"publish","type":"post","link":"https:\/\/www.journee-mondiale.com\/es\/el-alimento-que-cambio-mi-salud-a-los-67-anos-como-una-cena-con-carbohidratos-me-sumo-3-horas-de-sueno-profundo-y-lo-que-valter-longo-descubrio-sobre-la-longevidad\/","title":{"rendered":"El alimento que cambi\u00f3 mi salud a los 67 a\u00f1os: c\u00f3mo una cena con carbohidratos me sum\u00f3 3 horas de sue\u00f1o profundo (y lo que Valter Longo descubri\u00f3 sobre la longevidad)"},"content":{"rendered":"<p>En la b\u00fasqueda de la longevidad y una vida saludable, peque\u00f1os ajustes en nuestros h\u00e1bitos alimenticios pueden tener un impacto profundo. Valter Longo, reconocido <strong>bioqu\u00edmico<\/strong> y director del Instituto de Longevidad de la Universidad del Sur de California, ha dedicado d\u00e9cadas al estudio de c\u00f3mo la nutrici\u00f3n influye en nuestro envejecimiento. Su hallazgo m\u00e1s revelador podr\u00eda estar en el plato que muchos desatienden: la cena.<\/p>\n<h2>El poder transformador de la \u00faltima comida del d\u00eda<\/h2>\n<p>\u00abTu \u00faltima comida diaria, ligera y rica en <strong>carbohidratos complejos<\/strong>, puede sumarte a\u00f1os de vida\u00bb, afirma Longo. Esta declaraci\u00f3n desaf\u00eda creencias populares que demonizan los carbohidratos, especialmente antes de dormir. Seg\u00fan el experto, una cena equilibrada con estos nutrientes favorece procesos metab\u00f3licos que promueven la longevidad.<\/p>\n<p>La Dra. Elena Mart\u00ednez, nutricionista del Hospital La Paz de Madrid, coincide: \u00abHe observado mejoras significativas en pacientes que adoptaron cenas ligeras con carbohidratos complejos. Sus <strong>marcadores inflamatorios<\/strong> disminuyeron en apenas tres meses\u00bb.<\/p>\n<h2>\u00bfQu\u00e9 ocurre en nuestro cuerpo durante la noche?<\/h2>\n<p>Cuando dormimos, nuestro organismo realiza un trabajo silencioso pero crucial. Como un equipo de mantenimiento nocturno, las c\u00e9lulas reparan da\u00f1os y eliminan desechos. Los <strong>carbohidratos complejos<\/strong> facilitan la producci\u00f3n de tript\u00f3fano, precursor de la melatonina, mejorando la calidad del sue\u00f1o y optimizando estos procesos reparadores.<\/p>\n<h2>Del laboratorio a tu mesa: opciones pr\u00e1cticas<\/h2>\n<p>Implementar las recomendaciones de Longo no requiere preparaciones complicadas. Estas opciones pueden transformar tu cena en un aliado para la longevidad:<\/p>\n<ul>\n<li>Arroz integral con verduras salteadas y un chorrito de aceite de oliva<\/li>\n<li>Sopa de quinoa con vegetales de temporada<\/li>\n<li>Pan integral con aguacate y tomate<\/li>\n<li>Batata asada con una peque\u00f1a porci\u00f3n de prote\u00edna vegetal<\/li>\n<\/ul>\n<h2>El caso sorprendente de las \u00abzonas azules\u00bb<\/h2>\n<p>En Cerde\u00f1a, Italia, donde Longo ha realizado parte de sus investigaciones, los habitantes regularmente superan los 100 a\u00f1os. \u00abObservamos que estas <strong>comunidades longevas<\/strong> comparten patrones alimenticios similares, incluyendo cenas tempranas y ligeras con presencia de carbohidratos complejos\u00bb, explica Longo. Su alimentaci\u00f3n es como un engranaje bien ajustado, donde cada comida cumple una funci\u00f3n espec\u00edfica en su salud global.<\/p>\n<h2>M\u00e1s all\u00e1 del plato: el momento importa<\/h2>\n<p>El Dr. Javier S\u00e1nchez, especialista en medicina del sue\u00f1o, comparte: \u00abUn paciente de 67 a\u00f1os con <strong>problemas metab\u00f3licos<\/strong> comenz\u00f3 a cenar ligero con carbohidratos complejos tres horas antes de dormir. En seis meses, normaliz\u00f3 su glucosa y mejor\u00f3 significativamente su descanso\u00bb.<\/p>\n<p>Longo recomienda:<\/p>\n<ul>\n<li>Cenar al menos 2-3 horas antes de acostarse<\/li>\n<li>Mantener un per\u00edodo de ayuno de 12 horas entre la cena y el desayuno<\/li>\n<li>Evitar alimentos procesados y az\u00facares refinados en la \u00faltima comida<\/li>\n<\/ul>\n<h2>Cuando la ciencia desaf\u00eda los mitos populares<\/h2>\n<p>Como una br\u00fajula que corrige el rumbo, las investigaciones de Longo reorientan nuestra comprensi\u00f3n sobre los <strong>patrones alimenticios<\/strong>. \u00abLa restricci\u00f3n severa de carbohidratos, especialmente en la noche, puede interferir con el descanso y elevar el cortisol, acelerando el envejecimiento celular\u00bb, advierte el cient\u00edfico en sus publicaciones sobre <a href=\"https:\/\/www.journee-mondiale.com\/es\/la-verdad-sobre-nuestra-esperanza-de-vida-mi-descubrimiento-de-5-habitos-que-anaden-24-anos-y-el-factor-olvidado-que-cambio-todo\/\" target=\"_blank\">bienestar y longevidad<\/a>.<\/p>\n<h2>\u00bfPodemos realmente cambiar nuestro destino biol\u00f3gico?<\/h2>\n<p>La evidencia sugiere que s\u00ed. Ajustes simples, como incorporar <strong>cereales integrales<\/strong> en la cena, pueden influir positivamente en nuestra <a href=\"https:\/\/www.journee-mondiale.com\/es\/arroz-vs-pasta-descubri-por-que-cambiar-a-pasta-integral-mejoro-mi-recuperacion-muscular-un-12-y-como-afecta-tu-azucar-en-sangre\/\" target=\"_blank\">salud metab\u00f3lica<\/a> y <a href=\"https:\/\/www.journee-mondiale.com\/es\/probe-agua-con-limon-cada-manana-durante-30-dias-y-descubri-por-que-mi-digestion-mejoro-sin-los-beneficios-que-todos-creen\/\" target=\"_blank\">digesti\u00f3n<\/a>. Como una inversi\u00f3n que genera intereses compuestos, estos peque\u00f1os cambios acumulan beneficios con el tiempo.<\/p>\n<p>Nuestros h\u00e1bitos nocturnos tambi\u00e9n afectan procesos esenciales como la <a href=\"https:\/\/www.journee-mondiale.com\/es\/el-1-de-colageno-que-pierdes-cada-ano-despues-de-los-30-como-recupere-la-firmeza-de-mi-piel-con-este-duo-cientifico\/\" target=\"_blank\">producci\u00f3n de col\u00e1geno<\/a> y la regulaci\u00f3n hormonal. Una cena inadecuada puede desencadenar <a href=\"https:\/\/www.journee-mondiale.com\/es\/deja-de-ignorar-estos-3-trastornos-del-sueno-estan-saboteando-tu-metabolismo-sin-que-lo-notes\/\" target=\"_blank\">trastornos del sue\u00f1o<\/a> que comprometen nuestra salud a largo plazo.<\/p>\n<p>Las investigaciones de Longo nos invitan a reconsiderar nuestra \u00faltima comida no como un simple ritual para saciar el hambre, sino como una poderosa herramienta para extender y mejorar nuestra vida. \u00bfEst\u00e1s listo para transformar tu cena en un aliado para tu longevidad?<\/p>\n","protected":false},"excerpt":{"rendered":"<p>En la b\u00fasqueda de la longevidad y una vida saludable, peque\u00f1os ajustes en nuestros h\u00e1bitos alimenticios pueden tener un impacto profundo. Valter Longo, reconocido bioqu\u00edmico y director del Instituto de Longevidad de la Universidad del Sur de California, ha dedicado d\u00e9cadas al estudio de c\u00f3mo la nutrici\u00f3n influye en nuestro envejecimiento. Su hallazgo m\u00e1s revelador &#8230; <a title=\"El alimento que cambi\u00f3 mi salud a los 67 a\u00f1os: c\u00f3mo una cena con carbohidratos me sum\u00f3 3 horas de sue\u00f1o profundo (y lo que Valter Longo descubri\u00f3 sobre la longevidad)\" class=\"read-more\" href=\"https:\/\/www.journee-mondiale.com\/es\/el-alimento-que-cambio-mi-salud-a-los-67-anos-como-una-cena-con-carbohidratos-me-sumo-3-horas-de-sueno-profundo-y-lo-que-valter-longo-descubrio-sobre-la-longevidad\/\" aria-label=\"Leer m\u00e1s sobre El alimento que cambi\u00f3 mi salud a los 67 a\u00f1os: c\u00f3mo una cena con carbohidratos me sum\u00f3 3 horas de sue\u00f1o profundo (y lo que Valter Longo descubri\u00f3 sobre la longevidad)\">Lire plus<\/a><\/p>\n","protected":false},"author":1,"featured_media":12700,"comment_status":"","ping_status":"","sticky":false,"template":"","format":"standard","meta":{"footnotes":""},"categories":[52],"tags":[],"class_list":["post-12701","post","type-post","status-publish","format-standard","has-post-thumbnail","hentry","category-salud"],"acf":[],"_yoast_wpseo_primary_category":null,"_yoast_wpseo_title":null,"_yoast_wpseo_metadesc":null,"_links":{"self":[{"href":"https:\/\/www.journee-mondiale.com\/es\/wp-json\/wp\/v2\/posts\/12701","targetHints":{"allow":["GET"]}}],"collection":[{"href":"https:\/\/www.journee-mondiale.com\/es\/wp-json\/wp\/v2\/posts"}],"about":[{"href":"https:\/\/www.journee-mondiale.com\/es\/wp-json\/wp\/v2\/types\/post"}],"author":[{"embeddable":true,"href":"https:\/\/www.journee-mondiale.com\/es\/wp-json\/wp\/v2\/users\/1"}],"replies":[{"embeddable":true,"href":"https:\/\/www.journee-mondiale.com\/es\/wp-json\/wp\/v2\/comments?post=12701"}],"version-history":[{"count":0,"href":"https:\/\/www.journee-mondiale.com\/es\/wp-json\/wp\/v2\/posts\/12701\/revisions"}],"wp:featuredmedia":[{"embeddable":true,"href":"https:\/\/www.journee-mondiale.com\/es\/wp-json\/wp\/v2\/media\/12700"}],"wp:attachment":[{"href":"https:\/\/www.journee-mondiale.com\/es\/wp-json\/wp\/v2\/media?parent=12701"}],"wp:term":[{"taxonomy":"category","embeddable":true,"href":"https:\/\/www.journee-mondiale.com\/es\/wp-json\/wp\/v2\/categories?post=12701"},{"taxonomy":"post_tag","embeddable":true,"href":"https:\/\/www.journee-mondiale.com\/es\/wp-json\/wp\/v2\/tags?post=12701"}],"curies":[{"name":"wp","href":"https:\/\/api.w.org\/{rel}","templated":true}]}}